{"id":265347,"date":"2025-07-22T10:19:10","date_gmt":"2025-07-22T10:19:10","guid":{"rendered":"https:\/\/www.europesays.com\/fr\/265347\/"},"modified":"2025-07-22T10:19:10","modified_gmt":"2025-07-22T10:19:10","slug":"gerald-darmanin-annonce-le-transfert-de-17-premiers-narcotrafiquants-vers-la-prison-de-vendin-le-vieil-le-figaro","status":"publish","type":"post","link":"https:\/\/www.europesays.com\/fr\/265347\/","title":{"rendered":"G\u00e9rald Darmanin annonce le transfert de \u00ab17 premiers narcotrafiquants\u00bb vers la prison de Vendin-le-Vieil &#8211; Le Figaro"},"content":{"rendered":"<ol>\n<li><a href=\"https:\/\/news.google.com\/rss\/articles\/CBMi5wFBVV95cUxPOW85Q0NBU0VqTGlqUWc5Q1VLMzN5QzBoSE5wTWFOVXFWOWkxY21FTC1aOHEtdmFOM2ZuTV9zV0RxTDdBN2lJNlZ6Q1pNSDR1N3VKUXhnejltWEd3Ynpnam5kNWxnVlgwd1hlMjJOYU5tbnZDZDB4c2FRQUd3ZXZkQTlJNnIxMS1icFFkc1pINXVlcDRpUXhGMlIxY2lsaFJ6bmNxQTdzblU0Sjk2V0c1NzVEX1dCeWJQcS1GR3Y1WmpEWVVhcm9ObDBUd3lUaHJOSUtPTGFPeWZvWUpLeTlCMnY3ZENwdVU?oc=5\" target=\"_blank\" rel=\"noopener\">G\u00e9rald Darmanin annonce le transfert de \u00ab17 premiers narcotrafiquants\u00bb vers la prison de Vendin-le-Vieil<\/a>&nbsp;&nbsp;Le Figaro<\/li>\n<li><a href=\"https:\/\/news.google.com\/rss\/articles\/CBMiogJBVV95cUxQYUx0NUlJQkwwanNaOV9EOXV1Q3gtc1czV3VkcXBuNEF2QnlBcXpxVXFrckxFME55MkNmNXJnUnh3UmEwX3ZOVTJwbkVDV2xlNk9yMVB5Q0kxZ1FWUVN5c0I4cEwxN3FDTU1YVV85aTVFbHRCNTFPdGQwQkZlYlZXMHBNTmltMXZtVWdKZENBd19mdmg3ZjNFRTJRS1k2UzBQWFZWNGhDck1uQmNiYWR1NFc0d3NXRTJLRGpqQW9TVU5wNU5tLVExQWl4TlJJdURXZWRibkNFMllGdjczdnJ0Mll2MWt6QVl3RExGWVpXdWVVRXNhVW5uTUZmQjlRdzh5Mk90NmU0M3YzT19PMDFIODZHdHlRZ0FzVXJQZjRCb1lqUQ?oc=5\" target=\"_blank\" rel=\"noopener\">Prison de haute s\u00e9curit\u00e9 : les 17 premiers narcotrafiquants, consid\u00e9r\u00e9s comme dangereux, sont arriv\u00e9s \u00e0 Vendin-le-Vieil<\/a>&nbsp;&nbsp;Le Parisien<\/li>\n<li><a href=\"https:\/\/news.google.com\/rss\/articles\/CBMi9gFBVV95cUxQbWxNWFV0OW5xRXpjQkpWZnJzTVI3REpfcm0tR290STh6cEdCYVVyZWFQcklTWVhzUGR5WVlFYVotRkhiMGN1dk16QXlnelJ2VU5kZ3RsZEVwVGFjVmFLdlVsNEJ2NzJDRGdXQktnNVNGSkFVWGhFcHdkdi02dFZ6Y2FqcmVlOFpuWjlqTkFoZktoWDFwWHQwdERrSDRXbHp0SllWMGhrQzQ2RkJkanZTNmxQWmFjUkJwN1NJZFNoTFZpaENsYmpPRlVKLU92TTdXdHFjZDNoV2Y4VTJqbXRldW10VHNCMmx3VlJDMzhGN3B3ZTZKbWc?oc=5\" target=\"_blank\" rel=\"noopener\">Vendin-le-Vieil: \u00ab\u00a017 premiers narcotrafiquants\u00a0\u00bb ont \u00e9t\u00e9 incarc\u00e9r\u00e9s dans la nouvelle prison de haute-s\u00e9curit\u00e9<\/a>&nbsp;&nbsp;BFMTV<\/li>\n<li><a href=\"https:\/\/news.google.com\/rss\/articles\/CBMingJBVV95cUxNT29abW00U19CdWhVWkpmdHZqQTFlS3dtRFdvSy1VQU1ZWG80YzFld016Q201R2NuNlRHTVp5UGZCVVpkVUhjUUI2WW1NQldqdXBYZWRpTklSVEpuVmFTWW9QSm1pVWtuTkpLanlKTXdZanZaVTBSQzlOZmFWS2EyM0tZTmpFN1RJVUt0VE9WU1hCN2JRNDlIcVZ3QW9lT0UwWFhYYjFIeXRZMnl4d2U0eEhSLXVFM3FwUDIyNVlKOVUyWFdILUsxRnJPaXVJRUxRYmxOc19JYTlYWWdQb3VuM0hzQ0VMMVhVSllhalJocHZMeDQ1WG5wUFZvMkd2MWNyUlRqZ3RkSVRSeFdvbEhDb1RiQUZNRERvVXlaSTF3?oc=5\" target=\"_blank\" rel=\"noopener\">Pourquoi des d\u00e9tenus contestent leur transfert dans une des prisons d\u00e9sign\u00e9e pour accueillir les 200 narcotrafiquants les plus dangereux du pays<\/a>&nbsp;&nbsp;ladepeche.fr<\/li>\n<li><a href=\"https:\/\/news.google.com\/rss\/articles\/CBMi2gFBVV95cUxNY3JOTW5FSUdCYXdYaVVBSmNNWU1WOWlDRHhoN1Y1dlNoQUFxNG9yZEZ2b3hRU0dMM1hhejRuSlJPM25QOWNCSUdpWGZqOTJhWUVYY1QtQ0Z2eW9XMmc1S21meTFHRUdCeVN5SEpLNXl3UFB0bUYyblgxRDFqbWZUOTYwT0c5Z2lWMlpqWnA2RWxqcDk0Vzl1OEk0dUlfa1oxS0NjbkR4aF9CTEI0U3ZuWFVGdTRmcHVaWEw0Z1VKaFhTVWg1TFEwdTFXeUkwRjdvZEgzb1U4YUx2UQ?oc=5\" target=\"_blank\" rel=\"noopener\">Narcos transf\u00e9r\u00e9s, p\u00e9tition efficace et Mont Ventoux, l\u2019info de midi en 2 minutes<\/a>&nbsp;&nbsp;20 Minutes<\/li>\n<\/ol>\n","protected":false},"excerpt":{"rendered":"G\u00e9rald Darmanin annonce le transfert de \u00ab17 premiers narcotrafiquants\u00bb vers la prison de Vendin-le-Vieil&nbsp;&nbsp;Le Figaro Prison de haute&hellip;\n","protected":false},"author":2,"featured_media":265348,"comment_status":"","ping_status":"","sticky":false,"template":"","format":"standard","meta":{"footnotes":""},"categories":[2],"tags":[11,1011,27,432,8721,12,806,25],"class_list":{"0":"post-265347","1":"post","2":"type-post","3":"status-publish","4":"format-standard","5":"has-post-thumbnail","7":"category-actualites","8":"tag-actualites","9":"tag-fr","10":"tag-france","11":"tag-gerald-darmanin","12":"tag-narcotrafic","13":"tag-news","14":"tag-prison","15":"tag-republique-francaise"},"share_on_mastodon":{"url":"https:\/\/pubeurope.com\/@fr\/114896382470421388","error":""},"_links":{"self":[{"href":"https:\/\/www.europesays.com\/fr\/wp-json\/wp\/v2\/posts\/265347","targetHints":{"allow":["GET"]}}],"collection":[{"href":"https:\/\/www.europesays.com\/fr\/wp-json\/wp\/v2\/posts"}],"about":[{"href":"https:\/\/www.europesays.com\/fr\/wp-json\/wp\/v2\/types\/post"}],"author":[{"embeddable":true,"href":"https:\/\/www.europesays.com\/fr\/wp-json\/wp\/v2\/users\/2"}],"replies":[{"embeddable":true,"href":"https:\/\/www.europesays.com\/fr\/wp-json\/wp\/v2\/comments?post=265347"}],"version-history":[{"count":0,"href":"https:\/\/www.europesays.com\/fr\/wp-json\/wp\/v2\/posts\/265347\/revisions"}],"wp:featuredmedia":[{"embeddable":true,"href":"https:\/\/www.europesays.com\/fr\/wp-json\/wp\/v2\/media\/265348"}],"wp:attachment":[{"href":"https:\/\/www.europesays.com\/fr\/wp-json\/wp\/v2\/media?parent=265347"}],"wp:term":[{"taxonomy":"category","embeddable":true,"href":"https:\/\/www.europesays.com\/fr\/wp-json\/wp\/v2\/categories?post=265347"},{"taxonomy":"post_tag","embeddable":true,"href":"https:\/\/www.europesays.com\/fr\/wp-json\/wp\/v2\/tags?post=265347"}],"curies":[{"name":"wp","href":"https:\/\/api.w.org\/{rel}","templated":true}]}}