{"id":265349,"date":"2025-07-22T10:20:09","date_gmt":"2025-07-22T10:20:09","guid":{"rendered":"https:\/\/www.europesays.com\/fr\/265349\/"},"modified":"2025-07-22T10:20:09","modified_gmt":"2025-07-22T10:20:09","slug":"des-orques-attaquent-un-voilier-de-plaisance-un-assaut-rare","status":"publish","type":"post","link":"https:\/\/www.europesays.com\/fr\/265349\/","title":{"rendered":"Des orques attaquent un voilier de plaisance, un \u00ab\u00a0assaut\u00a0\u00bb rare"},"content":{"rendered":"<p>Grosse frayeur pour deux personnes qui voguaient \u00e0 bord d\u2019un navire de plaisance fran\u00e7ais, <a href=\"https:\/\/www.20minutes.fr\/societe\/4102237-20240719-bretagne-voilier-couple-flamands-attaque-orques\" class=\"color-ultramarine c-link\" rel=\"nofollow noopener\" target=\"_blank\">attaqu\u00e9 lundi par des orques<\/a> au large des c\u00f4tes basques.<\/p>\n<p>Selon la radio <a href=\"https:\/\/www.francebleu.fr\/infos\/environnement\/un-voilier-francais-attaque-par-des-orques-au-large-de-deba-en-pays-basque-espagnol-6382248\" target=\"_blank\" class=\"color-ultramarine c-link\" rel=\"nofollow noopener\">ICI Pays basque<\/a>, l\u2019attaque des grands c\u00e9tac\u00e9s carnivores de la famille des dauphins s\u2019est d\u00e9roul\u00e9e vers 14 heures, \u00e0 deux miles nautiques des c\u00f4tes.<\/p>\n<p>Un \u00ab\u00a0jeu\u00a0\u00bb dangereux pour les plaisanciers<\/p>\n<p>Les deux personnes, qui ont lanc\u00e9 un appel de secours \u00e0 la suite de l\u2019attaque des animaux, ont \u00e9t\u00e9 prises en charge par la soci\u00e9t\u00e9 de sauvetage et de s\u00e9curit\u00e9 maritime espagnole. Elles ont \u00e9t\u00e9 ramen\u00e9es, saines et sauves, au <a href=\"https:\/\/www.google.com\/maps\/place\/20808+Getaria,+Guipuscoa,+Espagne\/@43.6167979,-3.8713602,7.98z\/data=!4m6!3m5!1s0xd51c8a202261709:0xc4704d074c9bb220!8m2!3d43.3028581!4d-2.204608!16zL20vMDhkbHF3?entry=ttu&amp;g_ep=EgoyMDI1MDcxNi4wIKXMDSoASAFQAw%3D%3D\" target=\"_blank\" class=\"color-ultramarine c-link\" rel=\"nofollow noopener\">port de Getaria<\/a>, une commune situ\u00e9e dans la communaut\u00e9 autonome du Pays basque espagnol, au nord du pays.<\/p>\n<\/p>\n<p>Selon la soci\u00e9t\u00e9 de sauvetage espagnole Salvamiento Maritimo, les attaques d\u2019orques dans ce secteur sont \u00ab\u00a0peu communes\u00a0\u00bb. La radio pr\u00e9cise que des attaques de ce type se sont d\u00e9j\u00e0 d\u00e9roul\u00e9es en Galice, mais rarement dans cette partie de la c\u00f4te Atlantique.<\/p>\n<p>Ailleurs, en mer M\u00e9diterran\u00e9e, et depuis quelques ann\u00e9es, les attaques d\u2019orques se sont multipli\u00e9es, faisant parfois <a href=\"https:\/\/www.20minutes.fr\/insolite\/4062087-20231113-orques-amusent-couler-bateaux-detroit-gibraltar-depuis-deux-ans\" class=\"color-ultramarine c-link\" rel=\"nofollow noopener\" target=\"_blank\">couler des bateaux dans le d\u00e9troit de Gibraltar<\/a>. Selon des scientifiques, ces attaques r\u00e9sultent davantage d\u2019un jeu que d\u2019un comportement agressif.<\/p>\n","protected":false},"excerpt":{"rendered":"Grosse frayeur pour deux personnes qui voguaient \u00e0 bord d\u2019un navire de plaisance fran\u00e7ais, attaqu\u00e9 lundi par des&hellip;\n","protected":false},"author":2,"featured_media":265350,"comment_status":"","ping_status":"","sticky":false,"template":"","format":"standard","meta":{"footnotes":""},"categories":[2],"tags":[11,1867,123,1011,27,40494,12,10424,40493,9203,52,25,7342,2453,10887],"class_list":{"0":"post-265349","1":"post","2":"type-post","3":"status-publish","4":"format-standard","5":"has-post-thumbnail","7":"category-actualites","8":"tag-actualites","9":"tag-animaux","10":"tag-espagne","11":"tag-fr","12":"tag-france","13":"tag-nautisme","14":"tag-news","15":"tag-ocean-atlantique","16":"tag-orque","17":"tag-pays-basque","18":"tag-planete","19":"tag-republique-francaise","20":"tag-secours","21":"tag-vacances-dete","22":"tag-voile"},"share_on_mastodon":{"url":"https:\/\/pubeurope.com\/@fr\/114896386593488903","error":""},"_links":{"self":[{"href":"https:\/\/www.europesays.com\/fr\/wp-json\/wp\/v2\/posts\/265349","targetHints":{"allow":["GET"]}}],"collection":[{"href":"https:\/\/www.europesays.com\/fr\/wp-json\/wp\/v2\/posts"}],"about":[{"href":"https:\/\/www.europesays.com\/fr\/wp-json\/wp\/v2\/types\/post"}],"author":[{"embeddable":true,"href":"https:\/\/www.europesays.com\/fr\/wp-json\/wp\/v2\/users\/2"}],"replies":[{"embeddable":true,"href":"https:\/\/www.europesays.com\/fr\/wp-json\/wp\/v2\/comments?post=265349"}],"version-history":[{"count":0,"href":"https:\/\/www.europesays.com\/fr\/wp-json\/wp\/v2\/posts\/265349\/revisions"}],"wp:featuredmedia":[{"embeddable":true,"href":"https:\/\/www.europesays.com\/fr\/wp-json\/wp\/v2\/media\/265350"}],"wp:attachment":[{"href":"https:\/\/www.europesays.com\/fr\/wp-json\/wp\/v2\/media?parent=265349"}],"wp:term":[{"taxonomy":"category","embeddable":true,"href":"https:\/\/www.europesays.com\/fr\/wp-json\/wp\/v2\/categories?post=265349"},{"taxonomy":"post_tag","embeddable":true,"href":"https:\/\/www.europesays.com\/fr\/wp-json\/wp\/v2\/tags?post=265349"}],"curies":[{"name":"wp","href":"https:\/\/api.w.org\/{rel}","templated":true}]}}