{"id":265351,"date":"2025-07-22T10:21:15","date_gmt":"2025-07-22T10:21:15","guid":{"rendered":"https:\/\/www.europesays.com\/fr\/265351\/"},"modified":"2025-07-22T10:21:15","modified_gmt":"2025-07-22T10:21:15","slug":"le-tour-de-france-2025-deja-plie-cinq-raisons-de-suivre-la-derniere-semaine-de-course","status":"publish","type":"post","link":"https:\/\/www.europesays.com\/fr\/265351\/","title":{"rendered":"Le Tour de France 2025 d\u00e9j\u00e0 pli\u00e9\u00a0? Cinq raisons de suivre la derni\u00e8re semaine de course"},"content":{"rendered":"<p>        <img decoding=\"async\" loading=\"lazy\" src=\"https:\/\/www.europesays.com\/fr\/wp-content\/uploads\/2025\/07\/a18ce88_upload-1-qp3qwvwbct0p-afp-20250720-67b96cr-v1-highres-cyclingtdf2025stage15.jpg\"  width=\"728\" height=\"409\" alt=\"Lors de la 15e \u00e9tape du 112e Tour de France entre Muret et Carcassonne, le 20\u00a0juillet 2025.\"\/>  <\/p>\n<p>LOIC VENANCE \/ AFP<\/p>\n<p>Lors de la 15e \u00e9tape du 112e Tour de France entre Muret et Carcassonne, le 20\u00a0juillet 2025.<\/p>\n<p class=\"asset asset-text\">TOUR DE FRANCE &#8211; Apr\u00e8s les deux premi\u00e8res semaines de ce 112e <a href=\"https:\/\/www.huffingtonpost.fr\/sport\/article\/tour-de-france-2025-la-fausse-joie-de-julian-alaphilippe-persuade-un-court-instant-d-avoir-gagne-la-15e-etape_252792.html\" rel=\"nofollow noopener\" target=\"_blank\">Tour de France<\/a>, on pourrait penser que la derni\u00e8re semaine de course qui d\u00e9bute ce mardi 22\u00a0juillet, apr\u00e8s le jour de repos de la veille, n\u2019a plus grand int\u00e9r\u00eat \u00e0 la lecture du classement g\u00e9n\u00e9ral. Le Slov\u00e8ne <a href=\"https:\/\/www.huffingtonpost.fr\/sport\/article\/paris-roubaix-une-chute-de-tadej-pogacar-a-facilite-la-victoire-de-mathieu-van-der-poel_248761.html\" rel=\"nofollow noopener\" target=\"_blank\">Tadej Pogacar <\/a>domine largement les d\u00e9bats avec 4\u00a0minutes et 13\u00a0secondes d\u2019avance sur son dauphin, le Danois Jonas Vingegaard, et presque 8 minutes sur le troisi\u00e8me, l\u2019Allemand Florian Lipowitz.<\/p>\n<p class=\"asset asset-text\">Malgr\u00e9 tout, les six \u00e9tapes qui arrivent jusqu\u2019aux Champs-\u00c9lys\u00e9es m\u00e9ritent encore d\u2019\u00eatre regard\u00e9es pour diff\u00e9rentes raisons, list\u00e9es ci-dessous en cinq points par Le HuffPost.<\/p>\n<p>       \u2022 Jonas Vingegaard n\u2019a pas dit son dernier mot    <\/p>\n<p class=\"asset asset-text\">Si le Danois de Team Visma semble d\u00e9croch\u00e9 au g\u00e9n\u00e9ral avec plus de quatre\u00a0minutes de retard sur Pogacar, celui-ci se dit loin d\u2019\u00eatre d\u00e9j\u00e0 battu, bien au contraire. \u00ab\u00a0Je pense toujours que je peux le gagner\u00a0\u00bb, a-t-il ainsi lanc\u00e9 lundi lors du deuxi\u00e8me jour de repos. \u00ab\u00a0C\u2019est tr\u00e8s dur maintenant, c\u2019est un grand \u00e9cart. Je fais toujours les choses comme je peux les faire avec ma force dans la troisi\u00e8me semaine. Je ne vais pas vous dire la tactique mais je crois toujours que je peux le faire\u00a0\u00bb, a teas\u00e9 le cycliste double vainqueur du Tour (2023\u00a0et 2023), <a href=\"https:\/\/rmcsport.bfmtv.com\/cyclisme\/tour-de-france\/je-peux-toujours-gagner-le-tour-de-france-jonas-vingegaard-croit-toujours-a-l-impensable-mais-garde-sa-strategie-secrete_AV-202507210255.html\" target=\"_blank\" rel=\"noopener nofollow\" title=\"Nouvelle fen\u00eatre\">comme le rapporte RMC Sport<\/a>.<\/p>\n<p class=\"asset asset-text\">Jonas Vingegaard promet sur cette semaine d\u2019\u00ab\u00a0attaquer\u00a0\u00bb, d\u2019\u00ab\u00a0essayer quelque chose\u00a0\u00bb. \u00ab\u00a0Tout le monde peut avoir une mauvaise journ\u00e9e et \u00e7a peut aussi arriver \u00e0 Tadej dans la troisi\u00e8me semaine (\u2026)\u00a0\u00bb, pr\u00e9vient-il par ailleurs. Sur le Tour 2023, le Slov\u00e8ne avait connu\u00a0sa plus grosse d\u00e9faillance dans le col alpin de la Loze\u00a0en troisi\u00e8me semaine, <a href=\"https:\/\/www.lequipe.fr\/Cyclisme-sur-route\/Actualites\/Cinq-bonnes-raisons-de-suivre-la-derniere-semaine-d-un-tour-de-france-2025-qui-est-loin-d-etre-fini\/1579882\" target=\"_blank\" rel=\"noopener nofollow\" title=\"Nouvelle fen\u00eatre\">rappelle L\u2019\u00c9quipe<\/a>, alors que ce m\u00eame col sera le point d\u2019arriv\u00e9e de l\u2019\u00e9tape de montagne de jeudi.<\/p>\n<p>                     \u2022 Une arriv\u00e9e mythique au mont Ventoux    <\/p>\n<p class=\"asset asset-text\">Quoi de mieux pour entamer cette derni\u00e8re semaine qu\u2019une ascension parmi les plus c\u00e9l\u00e8bres du Tour\u00a0? Ce mardi, les 134\u00a0coureurs encore en lice s\u2019\u00e9lanceront de Montpellier pour terminer, 171,5\u00a0kilom\u00e8tres plus loin, par le mont Ventoux, class\u00e9 hors cat\u00e9gorie. Cela reste toujours un petit \u00e9v\u00e9nement sur le Tour puisque le sommet vauclusien, qui culmine \u00e0 1\u00a0910\u00a0m\u00e8tres, n\u2019a \u00e9t\u00e9 gravi que six fois au XXIe\u00a0si\u00e8cle, dont la derni\u00e8re en 2021. Avec une pr\u00e9sence massive du public attendue le long de ses embl\u00e9matiques pentes de rocaille calcaire, cela devrait assur\u00e9ment donner de belles images \u00e0 la t\u00e9l\u00e9vision.<\/p>\n<p> La lecture de ce contenu est susceptible d\u2019entra\u00eener un d\u00e9p\u00f4t de cookies de la part de l\u2019op\u00e9rateur tiers qui l\u2019h\u00e9berge. Compte-tenu des choix que vous avez exprim\u00e9s en mati\u00e8re de d\u00e9p\u00f4t de cookies, nous avons bloqu\u00e9 l\u2019affichage de ce contenu. Si vous souhaitez y acc\u00e9der, vous devez accepter la cat\u00e9gorie de cookies \u201cContenus tiers\u201d en cliquant sur le bouton ci-dessous. <\/p>\n<p> Lire la Vid\u00e9o        \u2022 Un Fran\u00e7ais sur le podium, deux dans le top 10\u00a0?    <\/p>\n<p class=\"asset asset-text\">Le dernier podium avec un <a href=\"https:\/\/www.huffingtonpost.fr\/sport\/article\/sur-le-tour-de-france-julian-alaphilippe-a-pique-la-pancarte-d-une-spectatrice-pour-la-mettre-sur-son-torse_252772.html\" rel=\"nofollow noopener\" target=\"_blank\">Fran\u00e7ais<\/a> remonte maintenant \u00e0 2017, quand Romain Bardet avait pris la troisi\u00e8me place. Et la derni\u00e8re meilleure performance tricolore date de 2022, quand David Gaudu avait termin\u00e9 quatri\u00e8me. Cette ann\u00e9e, K\u00e9vin Vauquelin (Ark\u00e9a), 24\u00a0ans, pointe \u00e0 la cinqui\u00e8me place, \u00e0 environ 2\u00a0minutes 30\u00a0du troisi\u00e8me. Malgr\u00e9 tout, il veut rester lucide \u00e0 l\u2019entame de cette derni\u00e8re semaine. \u00ab\u00a0On ne se met pas de pression.\u00a0L\u2019objectif, c\u2019est vraiment de me surpasser.\u00a0On va se battre avec nos armes, et on va voir ce que \u00e7a donne. Si c\u2019est un top 5 c\u2019est exceptionnel, si c\u2019est plus, un maillot blanc par exemple, c\u2019est encore mieux\u00a0! Et si \u00e7a ne marche pas, tant pis\u00a0\u00bb, \u00e9num\u00e8re-t-il, comme le rapporte L\u2019\u00c9quipe.<\/p>\n<p class=\"asset asset-text\">Actuellement 11e, Jordan Jegat (TotalEnergies) peut lui l\u00e9gitimement viser le top 10\u00a0pour son deuxi\u00e8me Tour (28e en 2024). \u00ab\u00a0C\u2019est s\u00fbr que si tu veux au moins manger une part du g\u00e2teau, un top 10, c\u2019est tr\u00e8s dur \u00e0 aller chercher, mais au moins, tu es s\u00fbr d\u2019avoir quelque chose\u00a0\u00bb, a-t-il confi\u00e9 \u00e0 ce propos \u00e0 l\u2019AFP.<\/p>\n<p>                     \u2022 Un Fran\u00e7ais maillot \u00e0 pois\u00a0?    <\/p>\n<p class=\"asset asset-text\">Marion Rousse, consultante sur ce Tour, ne s\u2019y \u00e9tait pas tromp\u00e9e avant la course <a href=\"https:\/\/www.huffingtonpost.fr\/sport\/video\/le-tour-de-france-2025-son-parcours-et-ses-favoris-vus-par-marion-rousse-consultante-pour-france-televisions_252107.html\" target=\"_blank\" rel=\"noopener nofollow\" title=\"Nouvelle fen\u00eatre\">en nous citant Lenny Martinez parmi les Fran\u00e7ais qui allaient s\u2019y faire remarquer<\/a>. Avec <a href=\"https:\/\/www.lequipe.fr\/Cyclisme-sur-route\/tour-de-france\/page-classement-montagne\/general\" target=\"_blank\" rel=\"noopener nofollow\" title=\"Nouvelle fen\u00eatre\">60\u00a0points d\u00e9j\u00e0 glan\u00e9s<\/a>, le grimpeur de la Bahrain Victorious est toujours le porteur du maillot \u00e0 pois, qui f\u00eate ses 50\u00a0ans cette ann\u00e9e. De quoi en faire un objectif final d\u00e9sormais, mais qui s\u2019annonce ardu puisque Tadej Pogacar ne reste qu\u2019\u00e0 8\u00a0points juste derri\u00e8re lui. \u00ab\u00a0\u00c0 la fin, il (Pogacar) arrivera toujours \u00e0 faire un r\u00e9sultat et prendre des points. C\u2019est s\u00fbr que \u00e7a sera compliqu\u00e9\u00a0\u00bb, conc\u00e8de lucidement le cycliste de 22\u00a0ans, <a href=\"https:\/\/www.leparisien.fr\/sports\/cyclisme\/tour-de-france\/parfois-il-y-a-du-bluff-sa-strategie-sa-forme-son-maillot-a-pois-lenny-martinez-raconte-son-tour-de-france-21-07-2025-PVWWRVVHNVBTZKDM2QINX3SQV4.php\" target=\"_blank\" rel=\"noopener nofollow\" title=\"Nouvelle fen\u00eatre\">cit\u00e9 par Le Parisien<\/a>.<\/p>\n<p> La lecture de ce contenu est susceptible d\u2019entra\u00eener un d\u00e9p\u00f4t de cookies de la part de l\u2019op\u00e9rateur tiers qui l\u2019h\u00e9berge. Compte-tenu des choix que vous avez exprim\u00e9s en mati\u00e8re de d\u00e9p\u00f4t de cookies, nous avons bloqu\u00e9 l\u2019affichage de ce contenu. Si vous souhaitez y acc\u00e9der, vous devez accepter la cat\u00e9gorie de cookies \u201cContenus tiers\u201d en cliquant sur le bouton ci-dessous. <\/p>\n<p> Lire la Vid\u00e9o        <\/p>\n<p class=\"asset asset-text\">Avec 20\u00a0points distribu\u00e9s au vainqueur de l\u2019\u00e9tape du Ventoux, puis 140\u00a0lors des deux grandes \u00e9tapes alpines, Lenny Martinez n\u2019aura pas le choix que d\u2019\u00eatre aux avant-postes s\u2019il veut conserver la c\u00e9l\u00e8bre tunique \u00e0 Paris.<\/p>\n<p>    \u2022 La derni\u00e8re \u00e9tape \u00e0 Montmartre    <\/p>\n<p class=\"asset asset-text\">Enfin, que dire de ce final in\u00e9dit dans les rues de Paris, <a href=\"https:\/\/www.huffingtonpost.fr\/sport\/article\/le-tour-de-france-2025-fera-bien-revivre-la-ferveur-des-jeux-olympiques-avec-cette-derniere-etape_248485.html\" target=\"_blank\" rel=\"noopener nofollow\" title=\"Nouvelle fen\u00eatre\">qui verra le peloton gravir trois fois la Butte Montmartre<\/a> avant l\u2019explication finale sur les Champs-\u00c9lys\u00e9es. Dans la foul\u00e9e du parcours emprunt\u00e9 lors des Jeux olympiques et qui avait donn\u00e9 des images et une ambiance exceptionnelles, les coureurs du Tour s\u2019\u00e9lanceront eux aussi dans les rues pav\u00e9es de Montmartre. Une initiative qui ne r\u00e9jouit pas forc\u00e9ment certains concurrents, <a href=\"https:\/\/www.eurosport.fr\/cyclisme\/tour-de-france\/2025\/tour-de-france-i-jonas-vingegaard-pas-fan-du-passage-a-montmartre-ca-va-ajouter-du-stress_sto23184188\/story.shtml\" target=\"_blank\" rel=\"noopener nofollow\" title=\"Nouvelle fen\u00eatre\">dont Jonas Vingegaard<\/a>, qui ont notamment avanc\u00e9 l\u2019argument d\u2019une prise de risques inutile pour le dernier jour de course. Les spectateurs et t\u00e9l\u00e9spectateurs seront eux bien loin de cet avis.<\/p>\n","protected":false},"excerpt":{"rendered":"LOIC VENANCE \/ AFP Lors de la 15e \u00e9tape du 112e Tour de France entre Muret et Carcassonne,&hellip;\n","protected":false},"author":2,"featured_media":265352,"comment_status":"","ping_status":"","sticky":false,"template":"","format":"standard","meta":{"footnotes":""},"categories":[4],"tags":[11,207,1011,27,27884,12,25,517,210],"class_list":{"0":"post-265351","1":"post","2":"type-post","3":"status-publish","4":"format-standard","5":"has-post-thumbnail","7":"category-france","8":"tag-actualites","9":"tag-cyclisme","10":"tag-fr","11":"tag-france","12":"tag-jonas-vingegaard","13":"tag-news","14":"tag-republique-francaise","15":"tag-sport","16":"tag-tour-de-france"},"share_on_mastodon":{"url":"https:\/\/pubeurope.com\/@fr\/114896390400547849","error":""},"_links":{"self":[{"href":"https:\/\/www.europesays.com\/fr\/wp-json\/wp\/v2\/posts\/265351","targetHints":{"allow":["GET"]}}],"collection":[{"href":"https:\/\/www.europesays.com\/fr\/wp-json\/wp\/v2\/posts"}],"about":[{"href":"https:\/\/www.europesays.com\/fr\/wp-json\/wp\/v2\/types\/post"}],"author":[{"embeddable":true,"href":"https:\/\/www.europesays.com\/fr\/wp-json\/wp\/v2\/users\/2"}],"replies":[{"embeddable":true,"href":"https:\/\/www.europesays.com\/fr\/wp-json\/wp\/v2\/comments?post=265351"}],"version-history":[{"count":0,"href":"https:\/\/www.europesays.com\/fr\/wp-json\/wp\/v2\/posts\/265351\/revisions"}],"wp:featuredmedia":[{"embeddable":true,"href":"https:\/\/www.europesays.com\/fr\/wp-json\/wp\/v2\/media\/265352"}],"wp:attachment":[{"href":"https:\/\/www.europesays.com\/fr\/wp-json\/wp\/v2\/media?parent=265351"}],"wp:term":[{"taxonomy":"category","embeddable":true,"href":"https:\/\/www.europesays.com\/fr\/wp-json\/wp\/v2\/categories?post=265351"},{"taxonomy":"post_tag","embeddable":true,"href":"https:\/\/www.europesays.com\/fr\/wp-json\/wp\/v2\/tags?post=265351"}],"curies":[{"name":"wp","href":"https:\/\/api.w.org\/{rel}","templated":true}]}}