{"id":265359,"date":"2025-07-22T10:27:13","date_gmt":"2025-07-22T10:27:13","guid":{"rendered":"https:\/\/www.europesays.com\/fr\/265359\/"},"modified":"2025-07-22T10:27:13","modified_gmt":"2025-07-22T10:27:13","slug":"le-titre-desormais-je-ne-peux-que-le-perdre","status":"publish","type":"post","link":"https:\/\/www.europesays.com\/fr\/265359\/","title":{"rendered":"Le titre\u00a0? \u00ab\u00a0D\u00e9sormais, je ne peux que le perdre\u00a0\u00bb"},"content":{"rendered":"<p><a href=\"https:\/\/fr.motorsport.com\/driver\/marc-marquez\/92646\/\" target=\"_blank\" rel=\"noopener\">Marc M\u00e1rquez<\/a> part en vacances avec 120 points d&rsquo;avance au <a href=\"https:\/\/fr.motorsport.com\/motogp\/news\/championnat-marquez-matelas-bezzecchi-quatri%C3%A8me\/10743652\/\" target=\"_self\" rel=\"noopener\">championnat<\/a>, alors qu&rsquo;il en reste 370 en jeu d&rsquo;ici \u00e0 la fin de la saison. Il est invaincu depuis cinq Grands Prix, courses longues et sprints inclus, et sur l&rsquo;ensemble des 12 manches disput\u00e9es jusqu&rsquo;ici, il a cumul\u00e9 11 succ\u00e8s le samedi et huit le dimanche. Des chiffres qui ont de quoi d\u00e9go\u00fbter la concurrence, mais l&rsquo;Espagnol avance tel un ogre, jamais rassasi\u00e9.<\/p>\n<p>Il fait du titre sa \u00ab\u00a0seule priorit\u00e9\u00a0\u00bb \u00e0 pr\u00e9sent, comptant les mois (les semaines\u00a0?) qui le s\u00e9parent de cette ultime \u00e9tape dans son retour au sommet, six ans apr\u00e8s son dernier sacre, \u00e9crasant. Lui souvent excessivement prudent, incarnation jusqu&rsquo;au-boutiste de l&rsquo;adage qui veut qu&rsquo;il ne faut pas vendre la peau de l&rsquo;ours avant de l&rsquo;avoir tu\u00e9, il se montre d\u00e9sormais beaucoup plus concret et r\u00e9aliste\u00a0:\u00a0ce titre, dit-il, il\u00a0ne peut d\u00e9sormais que perdre.<\/p>\n<p>Voici ce qu&rsquo;il avait \u00e0 en dire apr\u00e8s sa victoire \u00e0 Brno, dimanche.<\/p>\n<p><strong>Vu comment tu es lanc\u00e9, tu es en capacit\u00e9 de battre de nombreux records cette ann\u00e9e, notamment le nombre de victoires et le nombre de points marqu\u00e9s dans une saison. Est-ce que \u00e7a te motive, \u00e9tant donn\u00e9 l&rsquo;avance que tu as d\u00e9j\u00e0 au championnat et le fait que le titre paraisse d\u00e9j\u00e0 acquis\u00a0?<\/strong><\/p>\n<p>Pour moi, la priorit\u00e9 principale, la seule priorit\u00e9 est de gagner le championnat. J&rsquo;essaye toujours d&rsquo;\u00eatre honn\u00eate\u00a0:\u00a0d\u00e9sormais, je ne peux que le perdre. Il reste dix courses, durant lesquelles je vais devoir conserver la m\u00eame mentalit\u00e9, o\u00f9 l&rsquo;\u00e9quipe va devoir aussi garder le m\u00eame \u00e9tat d&rsquo;esprit et o\u00f9 on va essayer de faire le maximum. Mais, les records, je m&rsquo;en fiche, je veux juste redevenir champion du monde.<\/p>\n<blockquote>\n<p>Les records, je m&rsquo;en fiche, je veux juste redevenir champion du monde.<\/p>\n<\/blockquote>\n<p><strong>En t&rsquo;imposant \u00e0 Brno, tu es devenu le premier pilote Ducati \u00e0 gagner cinq Grands Prix de suite. Penses-tu possible de battre ton propre record de dix victoires cons\u00e9cutives\u00a0?<\/strong><\/p>\n<p>Les records existent, bien s\u00fbr, mais \u00e7a n&rsquo;est pas le plus important. Quand on parle d&rsquo;un record, c&rsquo;est seulement parce qu&rsquo;un pilote est proche de le battre. Dans la seconde partie de la saison, on va essayer de gagner le championnat, ce sera l&rsquo;objectif principal. D\u00e9crocher cinq victoires de suite, je l&rsquo;ai d\u00e9j\u00e0 fait dans le pass\u00e9 mais aujourd&rsquo;hui, de mon point de vue, c&rsquo;est encore plus difficile \u00e0 r\u00e9aliser parce qu&rsquo;on a le sprint plus la course principale. J&rsquo;ai pris les 37 points sur les cinq derniers Grands Prix et je trouve que c&rsquo;est encore plus difficile que d&rsquo;encha\u00eener les victoires le dimanche.<\/p>\n<p>   <img decoding=\"async\" draggable=\"false\" src=\"https:\/\/www.europesays.com\/fr\/wp-content\/uploads\/2025\/07\/1753180033_462_marc-marquez-ducati-team.jpg\" alt=\"Marc Marquez, Ducati Team\" width=\"1200\" height=\"800\" loading=\"lazy\"\/> <\/p>\n<p class=\"title\">Costaud, Marc M\u00e1rquez !<\/p>\n<p class=\"photographer\">Photo de : Gold and Goose Photography \/ LAT Images \/ via Getty Images<\/p>\n<p><strong>Au vu de ton avance, tu pourrais gagner le titre en n&rsquo;obtenant plus que des deuxi\u00e8mes et troisi\u00e8mes places, sans m\u00eame avoir besoin de gagner. Est-ce que \u00e7a va changer ta strat\u00e9gie\u00a0?<\/strong><\/p>\n<p>Finir en contr\u00f4lant les points n&rsquo;a jamais \u00e9t\u00e9 et ne sera pas ma mani\u00e8re de faire. Si je peux attaquer, je vais le faire \u00e0 chaque course.<\/p>\n<p><strong>Et si tu gagnais ton neuvi\u00e8me titre \u00e0 Misano, terres de Valentino Rossi\u00a0?<\/strong><\/p>\n<p>[Il rit] Je ne pense pas que ce soit possible\u00a0!\u00a0Il reste beaucoup de Grands Prix, avec les courses principales et les sprints\u2026 J&rsquo;ai l&rsquo;exp\u00e9rience de 2014, o\u00f9 j&rsquo;ai essay\u00e9 de continuer \u00e0 gagner, gagner, gagner pour valider le titre le plus t\u00f4t possible et o\u00f9 finalement je suis tomb\u00e9 \u00e0 Misano et en Arag\u00f3n. Il faut que je fasse attention \u00e0 tout \u00e7a.<\/p>\n<p>C&rsquo;est vrai que j&rsquo;ai une grosse avance mais il va y avoir beaucoup de courses qui vont s&rsquo;encha\u00eener, alors il faut rester concentr\u00e9. Pas de stress\u00a0!\u00a0J&rsquo;ai eu assez de pression \u00e0 g\u00e9rer dans cette premi\u00e8re partie de la saison, et maintenant qu&rsquo;on a cette avance, \u00e7a me permet d&rsquo;avoir moins de pression et de g\u00e9rer cette situation. Je vais \u00e9videmment essayer de marquer les 37 points \u00e0 chaque week-end, mais \u00e7a n&rsquo;est pas toujours possible.<\/p>\n<p><strong>Tu domines de mani\u00e8re \u00e9vidente cette saison. Quelle est ta plus grande crainte par rapport au championnat\u00a0?<\/strong><\/p>\n<p>Me blesser.<\/p>\n<p>Lire aussi :<\/p>\n<p>Dans cet article<\/p>\n<p>Soyez le premier inform\u00e9 et souscrivez aux alertes mails pour recevoir les infos en temps r\u00e9el<\/p>\n<p>    S&rsquo;abonner aux alertes de news<\/p>\n","protected":false},"excerpt":{"rendered":"Marc M\u00e1rquez part en vacances avec 120 points d&rsquo;avance au championnat, alors qu&rsquo;il en reste 370 en jeu&hellip;\n","protected":false},"author":2,"featured_media":265360,"comment_status":"","ping_status":"","sticky":false,"template":"","format":"standard","meta":{"footnotes":""},"categories":[1413],"tags":[4950,1011,27,5038,1457,1456,1458,60],"class_list":{"0":"post-265359","1":"post","2":"type-post","3":"status-publish","4":"format-standard","5":"has-post-thumbnail","7":"category-moto","8":"tag-ducati-team","9":"tag-fr","10":"tag-france","11":"tag-marc-mu00e1rquez","12":"tag-moto","13":"tag-motocycle","14":"tag-motogp","15":"tag-sports"},"share_on_mastodon":{"url":"https:\/\/pubeurope.com\/@fr\/114896414050947525","error":""},"_links":{"self":[{"href":"https:\/\/www.europesays.com\/fr\/wp-json\/wp\/v2\/posts\/265359","targetHints":{"allow":["GET"]}}],"collection":[{"href":"https:\/\/www.europesays.com\/fr\/wp-json\/wp\/v2\/posts"}],"about":[{"href":"https:\/\/www.europesays.com\/fr\/wp-json\/wp\/v2\/types\/post"}],"author":[{"embeddable":true,"href":"https:\/\/www.europesays.com\/fr\/wp-json\/wp\/v2\/users\/2"}],"replies":[{"embeddable":true,"href":"https:\/\/www.europesays.com\/fr\/wp-json\/wp\/v2\/comments?post=265359"}],"version-history":[{"count":0,"href":"https:\/\/www.europesays.com\/fr\/wp-json\/wp\/v2\/posts\/265359\/revisions"}],"wp:featuredmedia":[{"embeddable":true,"href":"https:\/\/www.europesays.com\/fr\/wp-json\/wp\/v2\/media\/265360"}],"wp:attachment":[{"href":"https:\/\/www.europesays.com\/fr\/wp-json\/wp\/v2\/media?parent=265359"}],"wp:term":[{"taxonomy":"category","embeddable":true,"href":"https:\/\/www.europesays.com\/fr\/wp-json\/wp\/v2\/categories?post=265359"},{"taxonomy":"post_tag","embeddable":true,"href":"https:\/\/www.europesays.com\/fr\/wp-json\/wp\/v2\/tags?post=265359"}],"curies":[{"name":"wp","href":"https:\/\/api.w.org\/{rel}","templated":true}]}}