{"id":265365,"date":"2025-07-22T10:30:10","date_gmt":"2025-07-22T10:30:10","guid":{"rendered":"https:\/\/www.europesays.com\/fr\/265365\/"},"modified":"2025-07-22T10:30:10","modified_gmt":"2025-07-22T10:30:10","slug":"le-stade-rennais-offre-une-chevre-a-rongier-pour-apaiser-les-tensions","status":"publish","type":"post","link":"https:\/\/www.europesays.com\/fr\/265365\/","title":{"rendered":"Le Stade Rennais offre une ch\u00e8vre \u00e0 Rongier pour apaiser les tensions"},"content":{"rendered":"<p>Ne jamais insulter l\u2019avenir\u2026 Depuis l\u2019annonce de sa signature au <a href=\"https:\/\/www.20minutes.fr\/sport\/stade_rennais\/\" target=\"_blank\" class=\"color-ultramarine c-link\" rel=\"noopener\">Stade Rennais<\/a>, Valentin Rongier se voit rappeler toutes les petites phrases qu\u2019il a pu dire du temps o\u00f9 il \u00e9tait le capitaine du grand rival nantais. Rennes\u00a0? \u00ab\u00a0Un club que je vois comme ennemi, [\u2026] qui ne m\u2019attire pas du tout\u00a0\u00bb, disait-il par exemple <a href=\"https:\/\/www.ouest-france.fr\/sport\/football\/stade-rennais\/mercato-quand-valentin-rongier-assurait-quil-ne-pourrait-jamais-signer-au-stade-rennais-9eda5416-657e-11f0-a6af-fdbae6127de0\" rel=\"nofollow noopener\" target=\"_blank\" class=\"color-ultramarine c-link\">dans Ouest-France<\/a> en\u00a02018. Un an plus t\u00f4t, il avait post\u00e9 sur ses r\u00e9seaux une image de ch\u00e8vres, accompagn\u00e9e de la l\u00e9gende \u00ab\u00a0coucou les Rennais\u00a0\u00bb.<\/p>\n<p>Voyant le truc arriver, le Stade Rennais a tent\u00e9 de d\u00e9miner le retour de b\u00e2ton en prenant les devants. Lundi, le club breton a post\u00e9 une vid\u00e9o sur X dans laquelle celui qui a pass\u00e9 entre-temps six ans \u00e0 <a href=\"https:\/\/www.20minutes.fr\/sport\/om\/\" target=\"_blank\" class=\"color-ultramarine c-link\" rel=\"noopener\">l\u2019OM <\/a>re\u00e7oit en cadeau\u2026 une figurine de ch\u00e8vre.<\/p>\n<p class=\"mb-xxl@xs color-ultramarine font-weight-semi-bold@xs font-source-serif-pro heading-s@xs\">L\u2019acc\u00e8s \u00e0 ce contenu a \u00e9t\u00e9 bloqu\u00e9 afin de respecter votre choix de consentement<\/p>\n<p class=\"mb-m@xs text-l@xs\">En cliquant sur\u00ab J\u2019accepte \u00bb, vous acceptez le d\u00e9p\u00f4t de cookies par des services externes et aurez ainsi acc\u00e8s aux contenus de nos partenaires.<\/p>\n<p class=\"mb-xl@xs text-s@xs\">Plus d\u2019informations sur la page<a href=\"https:\/\/www.20minutes.fr\/gestion-cookies\" class=\"mx-xxs@xs color-ultramarine\" target=\"_blank\" rel=\"noopener\">Politique de gestion des cookies<\/a><\/p>\n<p>J\u2019accepte<\/p>\n<p>\u00ab\u00a0J\u2019aime trop, je rejoins les Goat (ch\u00e8vre en anglais, mais aussi acronyme de Greatest of All Time). C\u2019est \u00e7a le football, c\u2019est ce qu\u2019on aime. Merci pour ce beau cadeau les gars\u00a0\u00bb, entend-on r\u00e9agir le milieu de terrain dans la vid\u00e9o.<\/p>\n<p>Une sc\u00e8ne qui ne suffira pas, sans doute, \u00e0 calmer la col\u00e8re des membres du Roazhon Celtic Kop. Avant l\u2019officialisation du transfert, lundi, ce groupe de supporters avait <a href=\"https:\/\/x.com\/RCK1991\/status\/1947261545202778551\" rel=\"nofollow\" target=\"_blank\" class=\"color-ultramarine c-link\">publi\u00e9 un communiqu\u00e9<\/a> pour faire part de sa \u00ab\u00a0stupeur\u00a0\u00bb. \u00ab\u00a0Nul besoin de rappeler aux supporters Rouge et Noir l\u2019aversion affich\u00e9e de ce joueur envers notre club [\u2026]. Il n\u2019a aucune l\u00e9gitimit\u00e9 pour porter nos couleurs\u00a0\u00bb, est-il ainsi \u00e9crit.<\/p>\n<p><a href=\"https:\/\/www.20minutes.fr\/sport\/mercato\/\" target=\"_blank\" class=\"c-link c-btn c-btn--primary\" rel=\"noopener\">Toutes les infos mercato<\/a><\/p>\n<p>Le RCK a \u00e9galement mis un tacle aux dirigeants, qui ont organis\u00e9 r\u00e9cemment un week-end autour de \u00ab\u00a0l\u2019identit\u00e9 Rouge et Noir\u00a0\u00bb. \u00ab\u00a0En mati\u00e8re d&rsquo;identit\u00e9, de respect et de coh\u00e9rence, nous attendons mieux\u00a0\u00bb, ajoute le groupe de supporters, parlant de ce transfert comme d\u2019un \u00ab\u00a0affront que nous ne pourrons accepter\u00a0\u00bb.<\/p>\n","protected":false},"excerpt":{"rendered":"Ne jamais insulter l\u2019avenir\u2026 Depuis l\u2019annonce de sa signature au Stade Rennais, Valentin Rongier se voit rappeler toutes&hellip;\n","protected":false},"author":2,"featured_media":265366,"comment_status":"","ping_status":"","sticky":false,"template":"","format":"standard","meta":{"footnotes":""},"categories":[1410],"tags":[829,462,63,1011,27,1434,2333,517,60,3087],"class_list":{"0":"post-265365","1":"post","2":"type-post","3":"status-publish","4":"format-standard","5":"has-post-thumbnail","7":"category-football","8":"tag-bretagne","9":"tag-fc-nantes","10":"tag-football","11":"tag-fr","12":"tag-france","13":"tag-mercato","14":"tag-olympique-de-marseille-om","15":"tag-sport","16":"tag-sports","17":"tag-stade-rennais"},"share_on_mastodon":{"url":"https:\/\/pubeurope.com\/@fr\/114896425761316465","error":""},"_links":{"self":[{"href":"https:\/\/www.europesays.com\/fr\/wp-json\/wp\/v2\/posts\/265365","targetHints":{"allow":["GET"]}}],"collection":[{"href":"https:\/\/www.europesays.com\/fr\/wp-json\/wp\/v2\/posts"}],"about":[{"href":"https:\/\/www.europesays.com\/fr\/wp-json\/wp\/v2\/types\/post"}],"author":[{"embeddable":true,"href":"https:\/\/www.europesays.com\/fr\/wp-json\/wp\/v2\/users\/2"}],"replies":[{"embeddable":true,"href":"https:\/\/www.europesays.com\/fr\/wp-json\/wp\/v2\/comments?post=265365"}],"version-history":[{"count":0,"href":"https:\/\/www.europesays.com\/fr\/wp-json\/wp\/v2\/posts\/265365\/revisions"}],"wp:featuredmedia":[{"embeddable":true,"href":"https:\/\/www.europesays.com\/fr\/wp-json\/wp\/v2\/media\/265366"}],"wp:attachment":[{"href":"https:\/\/www.europesays.com\/fr\/wp-json\/wp\/v2\/media?parent=265365"}],"wp:term":[{"taxonomy":"category","embeddable":true,"href":"https:\/\/www.europesays.com\/fr\/wp-json\/wp\/v2\/categories?post=265365"},{"taxonomy":"post_tag","embeddable":true,"href":"https:\/\/www.europesays.com\/fr\/wp-json\/wp\/v2\/tags?post=265365"}],"curies":[{"name":"wp","href":"https:\/\/api.w.org\/{rel}","templated":true}]}}