{"id":265369,"date":"2025-07-22T10:32:12","date_gmt":"2025-07-22T10:32:12","guid":{"rendered":"https:\/\/www.europesays.com\/fr\/265369\/"},"modified":"2025-07-22T10:32:12","modified_gmt":"2025-07-22T10:32:12","slug":"nous-navons-pas-de-banksy-a-toulouse-mais-invader-est-mondialement-connu-le-graff-tour-passe-par-le-quartier-arnaud-bernard","status":"publish","type":"post","link":"https:\/\/www.europesays.com\/fr\/265369\/","title":{"rendered":"\u00ab\u00a0Nous n\u2019avons pas de Banksy\u00a0\u00e0 Toulouse mais Invader est mondialement connu\u00a0\u00bb\u00a0: le Graff Tour passe par le quartier Arnaud Bernard"},"content":{"rendered":"<p>\n                                                                    l&rsquo;essentiel<br \/>\n                                                                Berceau du street art \u00e0 Toulouse, au d\u00e9but des ann\u00e9es 90, le quartier Arnaud Bernard est un passage oblig\u00e9 pour le <a href=\"https:\/\/www.toulouse-tourisme.com\/agenda\/graff-tour\/\" target=\"_blank\" rel=\"nofollow noopener\">Graff Tour de l\u2019Office de tourisme<\/a>. Prochaine visite guid\u00e9e, le 11\u00a0ao\u00fbt.\n                            <\/p>\n<p>Sign\u00e9 Mosquito, le premier graff toulousain r\u00e9f\u00e9renc\u00e9 a \u00e9t\u00e9 r\u00e9alis\u00e9 \u00e0 la gare Matabiau en 1987. Il s\u2019agit d\u2019une inscription de Toulouse, sobre et dessin\u00e9e en lettres arrondies. Mais c\u2019est dans le fougueux quartier Arnaud Bernard que le street art est\u00a0n\u00e9 et s\u2019est d\u00e9velopp\u00e9 \u00e0 Toulouse, au d\u00e9but des ann\u00e9es 90. Un espace de libert\u00e9 cr\u00e9ative, symbolis\u00e9\u00a0par la rue Gramat, v\u00e9ritable mus\u00e9e du graff \u00e0 ciel ouvert. \u00ab\u00a0Le street art s\u2019y exprime sous toutes ses formes\u00a0\u00bb, observe Emmanuelle, l\u2019une des guides-conf\u00e9renci\u00e8res de l\u2019office de tourisme, notamment, pr\u00e9pos\u00e9e au Graff Tour. \u00ab\u00a0On y trouve du pochoir mais aussi du collage, de la mosa\u00efque, du sticker et m\u00eame du macram\u00e9. Tout cela est en \u00e9volution permanente car le graff est un art \u00e9ph\u00e9m\u00e8re fait pour \u00eatre recouvert m\u00eame si les artistes se respectent\u00a0\u00bb.<\/p>\n<p class=\"std-elt__inline\">\n        <strong>\u00c0 lire aussi :<\/strong><br \/>\n        <a href=\"https:\/\/www.ladepeche.fr\/2024\/02\/26\/a-toulouse-berceau-de-nombreux-graffeurs-la-politique-anti-tag-fait-debat-11781374.php\" rel=\"nofollow noopener\" target=\"_blank\">A Toulouse, berceau de nombreux graffeurs, la politique anti-tag fait d\u00e9bat<\/a>\n    <\/p>\n<p>Si la tr\u00e8s bariol\u00e9e rue Gramat est le temple de cette activit\u00e9 tol\u00e9r\u00e9e mais ill\u00e9gale, elle a aussi officialis\u00e9 cette discipline artistique. Des festivals de graff y ont, un temps, \u00e9lu domicile avec la b\u00e9n\u00e9diction des riverains. \u00ab\u00a0Je suis inquiet\u00a0car trois maisons doivent \u00eatre d\u00e9truites \u00e0 l\u2019angle de la rue de la Cha\u00eene\u00a0\u00bb, commente Herv\u00e9, un habitant du quartier. \u00ab\u00a0J\u2019ai peur que les\u00a0graffs fassent les frais des promoteurs immobiliers qui vont construire une r\u00e9sidence\u2026\u00a0\u00bb<\/p>\n<p>30 ans de street art<\/p>\n<p>\u00c0 quelques pas, sur l\u2019un des murs d\u2019enceinte du\u00a0jardin d\u2019Embarthe, un graff historique de 1994 vient d\u2019\u00eatre r\u00e9habilit\u00e9 et d\u00e9gag\u00e9 du lierre qui le recouvrait. Gr\u00e2ce \u00e0 sa\u00a0couverture v\u00e9g\u00e9tale, il est en parfait \u00e9tat et conserve les tags de ses illustres auteurs. Tilt, Soone et Miss Van composent cette\u00a0fresque imaginative, con\u00e7ue au sein du collectif Truskool. \u00ab\u00a0\u00c0 l\u2019\u00e9poque, ils ont cr\u00e9\u00e9 Truskool en r\u00e9f\u00e9rence \u00e0 la Old School de\u00a0New York et \u00e0 la New School parisienne\u00a0\u00bb, compl\u00e8te la guide de l\u2019office de tourisme. \u00ab\u00a0C\u2019est un clin d\u2019\u0153il de cette g\u00e9n\u00e9ration qui a marqu\u00e9 le graff \u00e0 Toulouse et qui est toujours pr\u00e9sente m\u00eame si Miss Van vit d\u00e9sormais entre Barcelone et les Bal\u00e9ares\u00a0\u00bb.<\/p>\n<p class=\"std-elt__inline\">\n        <strong>\u00c0 lire aussi :<\/strong><br \/>\n        <a href=\"https:\/\/www.ladepeche.fr\/article\/2018\/10\/26\/2895696-compans-caffarelli-c215-met-le-caravage-en-boite.html\" rel=\"nofollow noopener\" target=\"_blank\">A Toulouse, le graffeur C215 met le c\u00e9l\u00e8bre peintre italien Le Caravage en bo\u00eete<\/a>\n    <\/p>\n<p>Si la place Arnaud Bernard, en constante \u00e9volution, ne porte plus les stigmates de l\u2019heure de gloire du graff dans le quartier, l\u2019immeuble qui la domine, \u00e0\u00a0l\u2019angle du boulevard Lascrosses, rappelle son go\u00fbt pour le street art et l\u2019adh\u00e9sion de la population. L\u2019assembl\u00e9e g\u00e9n\u00e9rale des copropri\u00e9taires de l\u2019immeuble a vot\u00e9, en 2017, la r\u00e9alisation d\u2019un graff mural de 30\u00a0m. Constitu\u00e9 en sept strates, il a \u00e9t\u00e9 r\u00e9alis\u00e9 en sept jours et sept nuits par sept graffeurs dont certains ont leur petite notori\u00e9t\u00e9 \u00e0 Toulouse. On y retrouve les pionniers Tilt et Soone mais aussi C. Tee \u00e0 qui l\u2019on doit les d\u00e9sormais c\u00e9l\u00e8bres poulets que l\u2019on voit un peu partout des bords de la rocade \u00e0 Empalot.<\/p>\n<p>Certaines \u0153uvres disparaissent<\/p>\n<p>Parfois aussi, certaines \u0153uvres disparaissent, recouvertes, d\u00e9truites ou vol\u00e9es. Depuis quelques jours, les petits monstres en mosa\u00efques d\u2019Invader ne sont plus sur le mur d\u2019une des maisons de la place Saint-Julien. \u00ab\u00a0Je suis choqu\u00e9e de ne plus les voir\u00a0\u00bb, n\u2019en revient pas Emmanuelle. \u00ab\u00a0Cela fait des ann\u00e9es que je les montre\u00a0\u00e0 des groupes lors du Tour Graff. Tout est possible. Ils ont pu \u00eatre vol\u00e9s.\u00a0Nous n\u2019avons pas de Banksy\u00a0\u00e0 Toulouse mais Invader est mondialement connu. Gr\u00e2ce \u00e0 Thomas Pesquet, ses petits monstres ont m\u00eame \u00e9t\u00e9 dans l\u2019espace\u00a0\u00bb.<\/p>\n<p>        <img decoding=\"async\" class=\"std-img__img responsive-img\" src=\"https:\/\/www.europesays.com\/fr\/wp-content\/uploads\/2025\/07\/1753180332_935_image.jpg\" alt=\"Petit montre en mosa\u00efques sign\u00e9 Invader.\"\/><\/p>\n<p>                Petit montre en mosa\u00efques sign\u00e9 Invader.<br \/>\n                                    DDM archives &#8211; Chantal Longo<\/p>\n<p>Le Graff Tour de l\u2019office de tourisme se poursuit jusqu\u2019aux\u00a0Carmes, lors des visites collectives, dont la prochaine aura lieu le 11\u00a0ao\u00fbt. En individuel, il est possible d\u2019aller jusqu\u2019\u00e0 Bellefontaine pour admirer l\u2019exposition \u00ab\u00a0Femmes dans l\u2019espace public\u00a0\u00bb, visible sur plusieurs b\u00e2timents du quartier.<\/p>\n<p>Tarif\u00a0: 15\u00a0\u20ac. R\u00e9servation, t\u00e9l. 05\u00a017\u00a042\u00a031\u00a031. www.toulouse-tourisme.com<\/p>\n","protected":false},"excerpt":{"rendered":"l&rsquo;essentiel Berceau du street art \u00e0 Toulouse, au d\u00e9but des ann\u00e9es 90, le quartier Arnaud Bernard est un&hellip;\n","protected":false},"author":2,"featured_media":265370,"comment_status":"","ping_status":"","sticky":false,"template":"","format":"standard","meta":{"footnotes":""},"categories":[1358],"tags":[1348,1384,1385,1386,58,59,1011,27],"class_list":{"0":"post-265369","1":"post","2":"type-post","3":"status-publish","4":"format-standard","5":"has-post-thumbnail","7":"category-arts-et-design","8":"tag-arts","9":"tag-arts-and-design","10":"tag-arts-et-design","11":"tag-design","12":"tag-divertissement","13":"tag-entertainment","14":"tag-fr","15":"tag-france"},"share_on_mastodon":{"url":"https:\/\/pubeurope.com\/@fr\/114896433773874422","error":""},"_links":{"self":[{"href":"https:\/\/www.europesays.com\/fr\/wp-json\/wp\/v2\/posts\/265369","targetHints":{"allow":["GET"]}}],"collection":[{"href":"https:\/\/www.europesays.com\/fr\/wp-json\/wp\/v2\/posts"}],"about":[{"href":"https:\/\/www.europesays.com\/fr\/wp-json\/wp\/v2\/types\/post"}],"author":[{"embeddable":true,"href":"https:\/\/www.europesays.com\/fr\/wp-json\/wp\/v2\/users\/2"}],"replies":[{"embeddable":true,"href":"https:\/\/www.europesays.com\/fr\/wp-json\/wp\/v2\/comments?post=265369"}],"version-history":[{"count":0,"href":"https:\/\/www.europesays.com\/fr\/wp-json\/wp\/v2\/posts\/265369\/revisions"}],"wp:featuredmedia":[{"embeddable":true,"href":"https:\/\/www.europesays.com\/fr\/wp-json\/wp\/v2\/media\/265370"}],"wp:attachment":[{"href":"https:\/\/www.europesays.com\/fr\/wp-json\/wp\/v2\/media?parent=265369"}],"wp:term":[{"taxonomy":"category","embeddable":true,"href":"https:\/\/www.europesays.com\/fr\/wp-json\/wp\/v2\/categories?post=265369"},{"taxonomy":"post_tag","embeddable":true,"href":"https:\/\/www.europesays.com\/fr\/wp-json\/wp\/v2\/tags?post=265369"}],"curies":[{"name":"wp","href":"https:\/\/api.w.org\/{rel}","templated":true}]}}