{"id":265371,"date":"2025-07-22T10:33:10","date_gmt":"2025-07-22T10:33:10","guid":{"rendered":"https:\/\/www.europesays.com\/fr\/265371\/"},"modified":"2025-07-22T10:33:10","modified_gmt":"2025-07-22T10:33:10","slug":"eropolitique","status":"publish","type":"post","link":"https:\/\/www.europesays.com\/fr\/265371\/","title":{"rendered":"\u00c9ropolitique"},"content":{"rendered":"<p class=\"p1\">Apr\u00e8s s\u2019\u00eatre int\u00e9ress\u00e9e aux manifestations concr\u00e8tes de l\u2019\u00e9cof\u00e9minisme au quotidien \u2013 chez l\u2019esth\u00e9ticienne, au restaurant, dans notre intimit\u00e9\u2026 \u2013 dans son premier ouvrage Des paillettes sur le compost (Le Passager clandestin, 2022), la philosophe \u00e9cof\u00e9ministe Myriam\u00a0Bahaffou livre un deuxi\u00e8me essai sur l\u2019\u00e9ropolitique, dans lequel elle d\u00e9cortique la force potentiellement r\u00e9volutionnaire du d\u00e9sir et de l\u2019\u00e9rotisme. <\/p>\n<p class=\"p1\">L\u2019autrice utilise des exemples pr\u00e9cis dont l\u2019exploration de l\u2019\u00e9cosexualit\u00e9. Ici, il \u00ab\u2006ne s\u2019agit pas de faire poser des femmes \u00e0 poil devant des troncs d\u2019arbre\u2006\u00bb mais plut\u00f4t de prendre conscience que \u00ab\u2006la nature est p\u00e9trie d\u2019\u00e9rotisme et que nous vivons des exp\u00e9riences \u00e9cosexuelles\u2006\u00bb tous les jours\u2006: d\u00e9guster une p\u00eache juteuse, se faire caresser le dos par des rayons du soleil, frissonner quand on trempe nos jambes dans l\u2019eau froide de la rivi\u00e8re\u2026 Elle \u00e9voque aussi le pouvoir du je\u00fbne et de la danse, ou encore la performance de l\u2019ultra-f\u00e9minit\u00e9 et les \u00e9cof\u00e9ministes trash qui d\u00e9jouent les obligations et diktats du \u00ab\u2006bloc monolithique de la f\u00e9minit\u00e9\u2006\u00bb. <\/p>\n<p class=\"p1\">Mais pourquoi se r\u00e9approprier le d\u00e9sir et le sexe dans nos luttes\u2006? Myriam\u00a0Bahaffou d\u00e9montre qu\u2019ils sont captur\u00e9s par une \u00e9conomie capitaliste qui pr\u00f4ne le d\u00e9sir-conqu\u00eate et s\u2019inscrit dans une \u00e9conomie machiste-porno de la jouissance \u00e0 tout prix, et qui n\u2019a rien d\u2019\u00e9mancipateur pour les minorit\u00e9s. Dans un phras\u00e9 plus conceptuel et abstrait que son premier ouvrage, elle d\u00e9veloppe l\u2019id\u00e9e selon laquelle, au-del\u00e0 du simple d\u00e9sir sexuel, \u00eatre \u00e9colo, c\u2019est aussi retrouver sa capacit\u00e9 \u00e0 \u00e9prouver du d\u00e9sir pour toutes les formes de vie, ainsi que pour le monde dans lequel nous vivons.<\/p>\n<p class=\"p1\"><b><a href=\"https:\/\/www.lepassagerclandestin.fr\/catalogue\/essais\/eropolitique\/\" target=\"_blank\" rel=\"nofollow noopener\">\u00c9ropolitique &#8211;\u00a0<\/a><\/b><b><a href=\"https:\/\/www.lepassagerclandestin.fr\/catalogue\/essais\/eropolitique\/\" target=\"_blank\" rel=\"nofollow noopener\">Myriam Bahaffou<\/a> &#8211;\u00a0<\/b>Le Passager clandestin \u2192 Avril 2025 \u2013 288 pages \u2013 22\u2006\u20ac<\/p>\n<p>Soutenez Socialter<\/p>\n<p>Socialter est un m\u00e9dia ind\u00e9pendant et engag\u00e9 qui d\u00e9pend de ses lecteurs pour continuer \u00e0 informer, analyser, interroger et \u00e0 se pencher sur les id\u00e9es nouvelles qui peinent \u00e0 \u00e9merger dans le d\u00e9bat public. Pour nous soutenir et d\u00e9couvrir nos prochaines publications, n&rsquo;h\u00e9sitez pas \u00e0 vous abonner !<\/p>\n<p><a href=\"https:\/\/www.socialter.fr\/categorie\/abonnement-socialter\" class=\"button text-white border-0\" style=\"background-color: #F57C00\" rel=\"nofollow noopener\" target=\"_blank\">S&rsquo;abonner<\/a><a href=\"https:\/\/www.socialter.fr\/dons\" class=\"button button-black text-white border-0\" rel=\"nofollow noopener\" target=\"_blank\">Faire un don<\/a><\/p>\n","protected":false},"excerpt":{"rendered":"Apr\u00e8s s\u2019\u00eatre int\u00e9ress\u00e9e aux manifestations concr\u00e8tes de l\u2019\u00e9cof\u00e9minisme au quotidien \u2013 chez l\u2019esth\u00e9ticienne, au restaurant, dans notre intimit\u00e9\u2026&hellip;\n","protected":false},"author":2,"featured_media":265372,"comment_status":"","ping_status":"","sticky":false,"template":"","format":"standard","meta":{"footnotes":""},"categories":[1357],"tags":[1379,58,59,1011,27,1380],"class_list":{"0":"post-265371","1":"post","2":"type-post","3":"status-publish","4":"format-standard","5":"has-post-thumbnail","7":"category-livres","8":"tag-books","9":"tag-divertissement","10":"tag-entertainment","11":"tag-fr","12":"tag-france","13":"tag-livres"},"share_on_mastodon":{"url":"https:\/\/pubeurope.com\/@fr\/114896437477167204","error":""},"_links":{"self":[{"href":"https:\/\/www.europesays.com\/fr\/wp-json\/wp\/v2\/posts\/265371","targetHints":{"allow":["GET"]}}],"collection":[{"href":"https:\/\/www.europesays.com\/fr\/wp-json\/wp\/v2\/posts"}],"about":[{"href":"https:\/\/www.europesays.com\/fr\/wp-json\/wp\/v2\/types\/post"}],"author":[{"embeddable":true,"href":"https:\/\/www.europesays.com\/fr\/wp-json\/wp\/v2\/users\/2"}],"replies":[{"embeddable":true,"href":"https:\/\/www.europesays.com\/fr\/wp-json\/wp\/v2\/comments?post=265371"}],"version-history":[{"count":0,"href":"https:\/\/www.europesays.com\/fr\/wp-json\/wp\/v2\/posts\/265371\/revisions"}],"wp:featuredmedia":[{"embeddable":true,"href":"https:\/\/www.europesays.com\/fr\/wp-json\/wp\/v2\/media\/265372"}],"wp:attachment":[{"href":"https:\/\/www.europesays.com\/fr\/wp-json\/wp\/v2\/media?parent=265371"}],"wp:term":[{"taxonomy":"category","embeddable":true,"href":"https:\/\/www.europesays.com\/fr\/wp-json\/wp\/v2\/categories?post=265371"},{"taxonomy":"post_tag","embeddable":true,"href":"https:\/\/www.europesays.com\/fr\/wp-json\/wp\/v2\/tags?post=265371"}],"curies":[{"name":"wp","href":"https:\/\/api.w.org\/{rel}","templated":true}]}}