{"id":265375,"date":"2025-07-22T10:35:10","date_gmt":"2025-07-22T10:35:10","guid":{"rendered":"https:\/\/www.europesays.com\/fr\/265375\/"},"modified":"2025-07-22T10:35:10","modified_gmt":"2025-07-22T10:35:10","slug":"je-nai-pas-le-droit-de-parler-des-traitements-utilises-car-ce-nest-pas-autorise-en-france","status":"publish","type":"post","link":"https:\/\/www.europesays.com\/fr\/265375\/","title":{"rendered":"Je n&rsquo;ai pas le droit de parler des traitements utilis\u00e9s car ce n&rsquo;est pas autoris\u00e9 en France"},"content":{"rendered":"<p>Chanteur embl\u00e9matique connu pour ses opinions pol\u00e9miques, <a data-i13n=\"cpos:1;pos:1\" href=\"https:\/\/fr.style.yahoo.com\/femme-actuelle-francis-lalanne-accus%C3%A9-161018780.html\" data-ylk=\"slk:Francis Lalanne;cpos:1;pos:1;elm:context_link;itc:0;sec:content-canvas;outcm:mb_qualified_link;_E:mb_qualified_link;ct:story;\" class=\"link  yahoo-link\" rel=\"nofollow noopener\" target=\"_blank\">Francis Lalanne<\/a> vient d&rsquo;annoncer sur Instagram la sortie de son nouvel album. Le chanteur s&rsquo;\u00e9tait fait discret ces derniers mois sur la sc\u00e8ne publique, malgr\u00e9 une apparition au <a data-i13n=\"cpos:2;pos:1\" href=\"https:\/\/fr.style.yahoo.com\/mariage-jean-luc-lahaye-tension-085300359.html\" data-ylk=\"slk:mariage de Jean-Luc Lahaye;cpos:2;pos:1;elm:context_link;itc:0;sec:content-canvas;outcm:mb_qualified_link;_E:mb_qualified_link;ct:story;\" class=\"link  yahoo-link\" rel=\"nofollow noopener\" target=\"_blank\">mariage de Jean-Luc Lahaye<\/a> au d\u00e9but du mois de juillet. Ce mardi 22 juillet 2025, l&rsquo;artiste fait de grandes r\u00e9v\u00e9lations dans l&rsquo;\u00e9mission YouTube \u00ab\u00a0Le Jet de Luxe\u00a0\u00bb, anim\u00e9e par Jordan de Luxe, sur son \u00e9tat de sant\u00e9.<\/p>\n<p>Dans un extrait d\u00e9voil\u00e9 en exclusivit\u00e9 par <a data-i13n=\"cpos:3;pos:1\" href=\"https:\/\/www.jeanmarcmorandini.com\/article-613762-exclusif-francis-lalanne-raconte-son-combat-contre-le-cancer-et-revele-avoir-choisi-des-traitements-non-autorises-je-suis-aujourd-hui-en-remission-mais-ce-que-j-ai-fait-est-interdit-en-france.html\" rel=\"nofollow noopener\" target=\"_blank\" data-ylk=\"slk:jeanmarcmorandini.com;cpos:3;pos:1;elm:context_link;itc:0;sec:content-canvas\" class=\"link \">jeanmarcmorandini.com<\/a>, il \u00e9voque son impressionnante perte de poids, et confie avoir \u00e9t\u00e9 victime d&rsquo;un cancer.<\/p>\n<p>Francis Lalanne est \u00ab\u00a0en r\u00e9mission\u00a0\u00bb<\/p>\n<p>Visiblement r\u00e9ticent \u00e0 employer le mot \u00ab\u00a0cancer\u00a0\u00bb, Francis Lalanne affirme avoir eu \u00ab\u00a0un probl\u00e8me de sant\u00e9\u00a0\u00bb, et explique en effet \u00eatre \u00ab\u00a0en r\u00e9mission\u00a0\u00bb, apr\u00e8s avoir choisi de se faire traiter de fa\u00e7on \u00ab\u00a0diff\u00e9rente\u00a0\u00bb, ce qui lui a notamment permis de ne pas perdre ses cheveux. \u00ab\u00a0Je me suis trait\u00e9 sans traitements traditionnels qui sont en g\u00e9n\u00e9ral \u00e0 l&rsquo;origine de ce type de r\u00e9action. Le probl\u00e8me c&rsquo;est que je n&rsquo;ai pas le droit d&rsquo;en parler car ce n&rsquo;est pas autoris\u00e9 en France\u00a0\u00bb, pr\u00e9cise-t-il.<\/p>\n<p>Le chanteur explique en effet avoir \u00ab\u00a0refus\u00e9\u00a0\u00bb d&rsquo;\u00eatre trait\u00e9 par chimioth\u00e9rapie : \u00ab\u00a0C&rsquo;est un peu le sketch de mon \u00ab\u00a0fr\u00e8re\u00a0\u00bb Dieudonn\u00e9 qui m&rsquo;a fait renoncer \u00e0 tout \u00e7a\u00a0\u00bb. \u00ab\u00a0C&rsquo;est un sketch magnifique qui a aid\u00e9 beaucoup de gens ayant cette maladie \u00e0 en rire, et qui a fait beaucoup de bien\u00a0\u00bb, souligne-t-il.<\/p>\n<p>Un manque de confiance envers le syst\u00e8me de sant\u00e9 fran\u00e7ais ?<\/p>\n<p>Il n&rsquo;est pas surprenant que Francis Lalanne ait fait le choix de se soigner \u00e0 l&rsquo;\u00e9tranger pour ses probl\u00e8mes de sant\u00e9. Pendant la grande p\u00e9riode du Covid-19, le chanteur s&rsquo;\u00e9tait illustr\u00e9 avec plusieurs d\u00e9clarations pol\u00e9miques au sujet de la maladie, et notamment en tenant des propos antivax : \u00a0\u00bb Ils ne confirmeront jamais que les d\u00e9c\u00e8s sont \u00e0 cause des vaccins, sinon ils admettraient qu\u2019<a data-i13n=\"cpos:4;pos:1\" href=\"https:\/\/fr.news.yahoo.com\/francis-lalanne-suspendu-twitter-chanteur-200915510.html\" data-ylk=\"slk:ils organisent un crime contre l\u2019Humanit\u00e9 !;cpos:4;pos:1;elm:context_link;itc:0;sec:content-canvas;outcm:mb_qualified_link;_E:mb_qualified_link;ct:story;\" class=\"link  yahoo-link\" rel=\"nofollow noopener\" target=\"_blank\">ils organisent un crime contre l\u2019Humanit\u00e9 !<\/a> Donc les gens vont officiellement mourir de tout sauf des vaccins !\u00a0\u00bb, avait-il affirm\u00e9 sur X.<\/p>\n<p>A l&rsquo;\u00e9poque, son compte avait \u00e9t\u00e9 suspendu en raison de ses propos. Le chanteur avait \u00e9galement d\u00e9clench\u00e9 une pol\u00e9mique lors d&rsquo;un \u00ab\u00a0rassemblement pro-libert\u00e9s\u00a0\u00bb \u00e0 Nice, incitant les manifestants \u00e0 ne pas porter de masques et \u00e0 s&#8217;embrasser.<\/p>\n<p>En septembre 2021, il avait \u00e9galement provoqu\u00e9 une altercation dans un train apr\u00e8s qu&rsquo;une agente de la SNCF lui ait demand\u00e9 de porter un masque. Cette derni\u00e8re, face \u00e0 son attitude, avait <a data-i13n=\"cpos:5;pos:1\" href=\"https:\/\/fr.news.yahoo.com\/francis-lalanne-provoque-scandale-refusant-121000205.html\" data-ylk=\"slk:port\u00e9 plainte pour menaces.;cpos:5;pos:1;elm:context_link;itc:0;sec:content-canvas;outcm:mb_qualified_link;_E:mb_qualified_link;ct:story;\" class=\"link  yahoo-link\" rel=\"nofollow noopener\" target=\"_blank\">port\u00e9 plainte pour menaces. <\/a><\/p>\n","protected":false},"excerpt":{"rendered":"Chanteur embl\u00e9matique connu pour ses opinions pol\u00e9miques, Francis Lalanne vient d&rsquo;annoncer sur Instagram la sortie de son nouvel&hellip;\n","protected":false},"author":2,"featured_media":265376,"comment_status":"","ping_status":"","sticky":false,"template":"","format":"standard","meta":{"footnotes":""},"categories":[1355],"tags":[58,59,1011,27,21301,5962,4006,39217,1361,873,6549,40495],"class_list":{"0":"post-265375","1":"post","2":"type-post","3":"status-publish","4":"format-standard","5":"has-post-thumbnail","7":"category-musique","8":"tag-divertissement","9":"tag-entertainment","10":"tag-fr","11":"tag-france","12":"tag-francis-lalanne","13":"tag-getty-images","14":"tag-le-chanteur","15":"tag-mois-de-juillet","16":"tag-music","17":"tag-musique","18":"tag-probleme-de-sante","19":"tag-systeme-de-sante-francais"},"share_on_mastodon":{"url":"https:\/\/pubeurope.com\/@fr\/114896445409251244","error":""},"_links":{"self":[{"href":"https:\/\/www.europesays.com\/fr\/wp-json\/wp\/v2\/posts\/265375","targetHints":{"allow":["GET"]}}],"collection":[{"href":"https:\/\/www.europesays.com\/fr\/wp-json\/wp\/v2\/posts"}],"about":[{"href":"https:\/\/www.europesays.com\/fr\/wp-json\/wp\/v2\/types\/post"}],"author":[{"embeddable":true,"href":"https:\/\/www.europesays.com\/fr\/wp-json\/wp\/v2\/users\/2"}],"replies":[{"embeddable":true,"href":"https:\/\/www.europesays.com\/fr\/wp-json\/wp\/v2\/comments?post=265375"}],"version-history":[{"count":0,"href":"https:\/\/www.europesays.com\/fr\/wp-json\/wp\/v2\/posts\/265375\/revisions"}],"wp:featuredmedia":[{"embeddable":true,"href":"https:\/\/www.europesays.com\/fr\/wp-json\/wp\/v2\/media\/265376"}],"wp:attachment":[{"href":"https:\/\/www.europesays.com\/fr\/wp-json\/wp\/v2\/media?parent=265375"}],"wp:term":[{"taxonomy":"category","embeddable":true,"href":"https:\/\/www.europesays.com\/fr\/wp-json\/wp\/v2\/categories?post=265375"},{"taxonomy":"post_tag","embeddable":true,"href":"https:\/\/www.europesays.com\/fr\/wp-json\/wp\/v2\/tags?post=265375"}],"curies":[{"name":"wp","href":"https:\/\/api.w.org\/{rel}","templated":true}]}}