{"id":265379,"date":"2025-07-22T10:37:15","date_gmt":"2025-07-22T10:37:15","guid":{"rendered":"https:\/\/www.europesays.com\/fr\/265379\/"},"modified":"2025-07-22T10:37:15","modified_gmt":"2025-07-22T10:37:15","slug":"deuxieme-cas-autochtone-de-dengue-comment-reconnaitre-les-symptomes","status":"publish","type":"post","link":"https:\/\/www.europesays.com\/fr\/265379\/","title":{"rendered":"Deuxi\u00e8me cas autochtone de dengue : comment reconna\u00eetre les sympt\u00f4mes ?"},"content":{"rendered":"<p>             <a href=\"https:\/\/ma-sante.news\/wp-content\/uploads\/2025\/07\/fievre-nausees-boutons-signes-symptomes-virus-dengue-cas-france-ma-sante-.jpg\" data-caption=\"L&#039;un des premiers signes de la dengue est une fi\u00e8vre aussi violente que brutale, accompagn\u00e9e de maux de t\u00eate.\u00a9 Freepik\" rel=\"nofollow noopener\" target=\"_blank\"><img loading=\"lazy\" decoding=\"async\" width=\"696\" height=\"464\" class=\"entry-thumb td-modal-image\" src=\"data:image\/svg+xml,%3Csvg%20xmlns=\" http:=\"\" data-lazy- data-lazy- alt=\"Suspicion de dengue en Auvergne-Rh\u00f4ne-Alpes.\" title=\"fievre nausees boutons signes symptomes virus dengue cas france ma sante\" data-lazy-src=\"https:\/\/www.europesays.com\/fr\/wp-content\/uploads\/2025\/07\/fievre-nausees-boutons-signes-symptomes-virus-dengue-cas-france-ma-sante--696x464.jpg\"\/><\/a>L&rsquo;un des premiers signes de la dengue est une fi\u00e8vre aussi violente que brutale, accompagn\u00e9e de maux de t\u00eate.\u00a9 Freepik                                    \t\t\t             <a class=\"gofollow\" data-track=\"MjgsMCwxLDYw\" href=\"https:\/\/ma-sante.news\/inscrivez-vous-a-notre-newsletter\/\" rel=\"nofollow noopener\" target=\"_blank\"><img loading=\"lazy\" decoding=\"async\" width=\"1068\" height=\"131\" src=\"data:image\/svg+xml,%3Csvg%20xmlns=\" http:=\"\" data-lazy-src=\"https:\/\/www.europesays.com\/fr\/wp-content\/uploads\/2025\/03\/banniere-newsletter.png\"\/><\/a> <\/p>\n<p>Le 21 juillet 2025, l\u2019ARS Auvergne-Rh\u00f4ne-Alpes a publi\u00e9 un communiqu\u00e9 pour signaler un deuxi\u00e8me cas de dengue autochtone \u00e0 Saint-Chamond, dans la Loire, confirmant une tendance \u00e0 la hausse du <a href=\"https:\/\/ma-sante.news\/moustique-tigre-la-france-tremble-face-aux-arboviroses\/\" rel=\"nofollow noopener\" target=\"_blank\">d\u00e9veloppement in\u00e9dit de maladies arboviroses<\/a> du fait de la pr\u00e9sence d\u00e9sormais <a href=\"https:\/\/ma-sante.news\/le-moustique-tigre-est-deja-la-comment-sen-proteger\/\" rel=\"nofollow noopener\" target=\"_blank\">incontournable du fameux moustique-tigre<\/a>, pr\u00e9sent d\u00e9sormais dans 81 d\u00e9partements, soit 84\u202f% du territoire m\u00e9tropolitain.<\/p>\n<p>Depuis d\u00e9but janvier 2025, Sant\u00e9 publique France recense d\u00e9j\u00e0 plus de 500 cas import\u00e9s de dengue sur l\u2019ensemble de la France m\u00e9tropolitaine. Ces cas concernent principalement des voyageurs revenant notamment des Antilles, d\u2019Am\u00e9rique du Sud ou d\u2019Asie. Mais depuis le mois de juin, ce sont les \u00e9pisodes de transmission autochtone qui inqui\u00e8tent les autorit\u00e9s sanitaires : <a href=\"https:\/\/ma-sante.news\/moustique-tigre-les-cas-autochtones-de-chikungunya-et-de-dengue-se-multiplient-en-france\/\" rel=\"nofollow noopener\" target=\"_blank\">13 foyers de transmission de chikungunya et de dengue ont d\u00e9j\u00e0 \u00e9t\u00e9 identifi\u00e9s<\/a>.<\/p>\n<p>Si la crainte d\u2019une \u00e9pid\u00e9mie massive n\u2019est pour l\u2019instant pas \u00e0 l\u2019ordre du jour, les \u00e9pid\u00e9miologistes s\u2019accordent pour dire que <a href=\"https:\/\/ma-sante.news\/virus-tropicaux-pour-instant-pas-de-raison-etre-inquiet-apres-une-piqure-de-moustique\/\" rel=\"nofollow noopener\" target=\"_blank\">ce sera sans doute le cas dans quelques ann\u00e9es, du fait du r\u00e9chauffement climatique<\/a>. Et ces contaminations actuelles n\u2019en sont que les pr\u00e9mices.<\/p>\n<p>        Ce nouveau cas autochtone de dengue au m\u00eame endroit que le premier    <\/p>\n<p>La personne contamin\u00e9e n\u2019a pas voyag\u00e9 r\u00e9cemment, ce qui signifie qu\u2019elle a \u00e9t\u00e9 infect\u00e9e sur place, dans la m\u00eame zone g\u00e9ographique que le premier cas d\u00e9tect\u00e9 quelques jours plus t\u00f4t. Il s\u2019agit du deuxi\u00e8me cas autochtone de dengue identifi\u00e9 cette ann\u00e9e \u00e0 Saint-Chamond, dans la Loire et en Auvergne-Rh\u00f4ne-Alpes.<\/p>\n<p>\u201c\u00c0 ce stade, il n\u2019est pas possible d\u2019\u00e9tablir un lien avec le 1er cas autochtone identifi\u00e9 \u00e0 Saint-Chamond\u201d, pr\u00e9cise l\u2019ARS Auvergne-Rh\u00f4ne-Alpes. Une enqu\u00eate \u00e9pid\u00e9miologique est en cours pour d\u00e9terminer s\u2019il existe un lien entre les deux cas, bien que rien ne l\u2019atteste pour l\u2019instant<\/p>\n<p>Selon l\u2019ARS, ce nouveau cas a bien \u00e9t\u00e9 identifi\u00e9 dans un secteur proche du premier, ce qui a conduit les autorit\u00e9s sanitaires \u00e0 renforcer les mesures de surveillance et \u00e0 d\u00e9clencher une op\u00e9ration de d\u00e9moustication dans un p\u00e9rim\u00e8tre de 150 m\u00e8tres autour des lieux fr\u00e9quent\u00e9s par la personne infect\u00e9e. Des agents sont \u00e9galement all\u00e9s \u00e0 la rencontre des riverains pour rep\u00e9rer d\u2019\u00e9ventuels cas suspects, tout en rappelant les bons gestes de pr\u00e9vention contre les piq\u00fbres de moustique.<\/p>\n<p>        Une tendance \u00e0 la hausse depuis plusieurs ann\u00e9es    <\/p>\n<p>Chaque \u00e9t\u00e9, la dengue fait son retour via les voyageurs revenant de pays end\u00e9miques. Et les chiffres donnent la mesure du ph\u00e9nom\u00e8ne : depuis 2015, Sant\u00e9 publique France recense chaque ann\u00e9e au moins 500 cas import\u00e9s. Ce chiffre a fortement grimp\u00e9 depuis 2020, d\u00e9passant les 1\u202f100 cas import\u00e9s en 2023, et d\u00e9j\u00e0 581 en 2025 au 15 juillet, selon le dernier bulletin \u00e9pid\u00e9miologique de Sant\u00e9 Publique France.<\/p>\n<p>En parall\u00e8le, les cas autochtones, inexistants il y a dix ans, sont devenus une r\u00e9alit\u00e9 : le premier foyer local a \u00e9t\u00e9 d\u00e9tect\u00e9 en 2010, puis quelques cas isol\u00e9s ont \u00e9t\u00e9 signal\u00e9s entre 2015 et 2018. Leur nombre a depuis explos\u00e9, avec 66 cas recens\u00e9s en 2022, 45 en 2023, et jusqu\u2019\u00e0 82 en 2024.<\/p>\n<p>Les raisons ? Avec l\u2019intensification des voyages internationaux, le moustique tigre plus pr\u00e9sent que jamais sur l\u2019ensemble du territoire et un climat de plus en plus propice \u00e0 sa prolif\u00e9ration, les risques de transmission locale du virus augmentent chaque ann\u00e9e.<\/p>\n<p>        Comment reconna\u00eetre les sympt\u00f4mes de la dengue ?    <\/p>\n<p>Les <a href=\"https:\/\/ma-sante.news\/moustique-tigre-undengue-de-virus\/\" rel=\"nofollow noopener\" target=\"_blank\">sympt\u00f4mes de la dengue<\/a> apparaissent g\u00e9n\u00e9ralement entre 4 et 7 jours apr\u00e8s la piq\u00fbre d\u2019un moustique infect\u00e9. Dans de nombreux cas, la maladie peut \u00eatre b\u00e9nigne, voire asymptomatique. Mais lorsque les sympt\u00f4mes se manifestent, ils peuvent \u00eatre impressionnants.<\/p>\n<p>On observe une fi\u00e8vre \u00e9lev\u00e9e (souvent au-dessus de 38,5 \u00b0C), accompagn\u00e9e de maux de t\u00eate intenses, notamment derri\u00e8re les yeux. Des douleurs articulaires et musculaires, parfois tr\u00e8s violentes, font leur apparition, d\u2019o\u00f9 le surnom de \u00ab grippe tropicale \u00bb ou m\u00eame \u00ab fi\u00e8vre casse-os \u00bb. <\/p>\n<p>Des naus\u00e9es, vomissements, une fatigue extr\u00eame et des \u00e9ruptions cutan\u00e9es peuvent aussi survenir. La dengue peut donc facilement \u00eatre confondue avec d\u2019autres infections virales, d\u2019o\u00f9 l\u2019importance de consulter rapidement un professionnel de sant\u00e9 si l\u2019on pr\u00e9sente ces sympt\u00f4mes apr\u00e8s un s\u00e9jour en zone \u00e0 risque, ou dans une r\u00e9gion o\u00f9 des cas autochtones ont \u00e9t\u00e9 d\u00e9tect\u00e9s.<\/p>\n<p>Dans 1 \u00e0 5 % des cas, la maladie peut \u00e9voluer vers une forme plus grave appel\u00e9e dengue s\u00e9v\u00e8re. Elle se manifeste par des saignements, une chute brutale de la pression art\u00e9rielle, des douleurs abdominales intenses, des vomissements persistants ou une grande agitation. Cette forme grave n\u00e9cessite une hospitalisation en urgence, car elle peut \u00eatre fatale si elle n\u2019est pas trait\u00e9e rapidement.<\/p>\n<p>        Que faire en cas de suspicion de dengue ?    <\/p>\n<p>D\u00e8s l\u2019apparition des sympt\u00f4mes d\u00e9crits ci-dessus, la priorit\u00e9 est de consulter un m\u00e9decin et de signaler tout s\u00e9jour r\u00e9cent en zone infest\u00e9e de moustiques tigres, m\u00eame sans voyage \u00e0 l\u2019\u00e9tranger.<\/p>\n<p>Le diagnostic peut \u00eatre confirm\u00e9 par un test sanguin. La dengue \u00e9tant une maladie \u00e0 d\u00e9claration obligatoire, les professionnels de sant\u00e9 doivent obligatoirement en informer l\u2019ARS pour permettre une prise en charge rapide et des actions de pr\u00e9vention dans l\u2019entourage.<\/p>\n<p>Une personne infect\u00e9e par la dengue peut transmettre le virus \u00e0 un moustique tigre qui viendrait la piquer. Ce moustique peut ensuite contaminer d\u2019autres personnes. C\u2019est pourquoi il est crucial, en cas de diagnostic confirm\u00e9, de se prot\u00e9ger des piq\u00fbres pendant plusieurs jours : port de v\u00eatements couvrants, usage de r\u00e9pulsifs cutan\u00e9s, installation de moustiquaires.<\/p>\n<p>De m\u00eame, il est vivement <a href=\"https:\/\/ma-sante.news\/moustique-tigre-a-nous-de-jouer-pour-eviter-sa-proliferation\/\" rel=\"nofollow noopener\" target=\"_blank\">recommand\u00e9 d\u2019\u00e9liminer tous les g\u00eetes larvaires autour de son domicile<\/a>. Le moustique tigre pond ses \u0153ufs dans de petites quantit\u00e9s d\u2019eau stagnante : coupelles, vases, goutti\u00e8res bouch\u00e9es, jouets d\u2019enfants\u2026 Tous ces lieux doivent \u00eatre vid\u00e9s et nettoy\u00e9s r\u00e9guli\u00e8rement.<\/p>\n<blockquote class=\"wp-block-quote is-layout-flow wp-block-quote-is-layout-flow\">\n<p><strong>\u00c0 SAVOIR<\/strong><\/p>\n<p>Il est important de distinguer deux types de dengue lorsqu\u2019on \u00e9voque la situation en m\u00e9tropole. Les cas import\u00e9s sont des cas contract\u00e9s \u00e0 l\u2019\u00e9tranger, g\u00e9n\u00e9ralement dans des zones tropicales o\u00f9 le virus circule activement \u2013 Antilles, Asie du Sud-Est, Am\u00e9rique latine\u2026 Ces cas ne pr\u00e9sentent pas en soi de danger pour la population locale tant qu\u2019ils ne croisent pas un moustique tigre pr\u00eat \u00e0 transmettre le virus. En revanche, les cas autochtones, comme ceux signal\u00e9s \u00e0 Saint-Chamond, sont ceux o\u00f9 la personne malade n\u2019a pas quitt\u00e9 le territoire. Cela signifie que le virus a \u00e9t\u00e9 transmis par un moustique infect\u00e9 localement, ce qui constitue une \u00e9tape suppl\u00e9mentaire dans l\u2019installation durable de la dengue en France m\u00e9tropolitaine.<\/p>\n<\/blockquote>\n<p>  <a class=\"gofollow\" data-track=\"MTIsMCwxLDYw\" href=\"https:\/\/ma-sante.news\/annonceurs\/\" rel=\"nofollow noopener\" target=\"_blank\"><img loading=\"lazy\" decoding=\"async\" width=\"2560\" height=\"2133\" src=\"data:image\/svg+xml,%3Csvg%20xmlns=\" http:=\"\" data-lazy-src=\"https:\/\/www.europesays.com\/fr\/wp-content\/uploads\/2025\/03\/pub-annonceurs-4-scaled.jpg\"\/><\/a>    <img loading=\"lazy\" decoding=\"async\" width=\"755\" height=\"495\" src=\"data:image\/svg+xml,%3Csvg%20xmlns=\" http:=\"\" data-lazy-src=\"https:\/\/www.europesays.com\/fr\/wp-content\/uploads\/2025\/03\/Image1.jpg\"\/>Inscrivez-vous \u00e0 notre newsletter <br \/>Ma Sant\u00e9                      <\/p>\n","protected":false},"excerpt":{"rendered":"L&rsquo;un des premiers signes de la dengue est une fi\u00e8vre aussi violente que brutale, accompagn\u00e9e de maux de&hellip;\n","protected":false},"author":2,"featured_media":265380,"comment_status":"","ping_status":"","sticky":false,"template":"","format":"standard","meta":{"footnotes":""},"categories":[10],"tags":[6443,1011,27,72,71,21765],"class_list":{"0":"post-265379","1":"post","2":"type-post","3":"status-publish","4":"format-standard","5":"has-post-thumbnail","7":"category-sante","8":"tag-chikungunya","9":"tag-fr","10":"tag-france","11":"tag-health","12":"tag-sante","13":"tag-virus-dengue"},"share_on_mastodon":{"url":"https:\/\/pubeurope.com\/@fr\/114896453239559074","error":""},"_links":{"self":[{"href":"https:\/\/www.europesays.com\/fr\/wp-json\/wp\/v2\/posts\/265379","targetHints":{"allow":["GET"]}}],"collection":[{"href":"https:\/\/www.europesays.com\/fr\/wp-json\/wp\/v2\/posts"}],"about":[{"href":"https:\/\/www.europesays.com\/fr\/wp-json\/wp\/v2\/types\/post"}],"author":[{"embeddable":true,"href":"https:\/\/www.europesays.com\/fr\/wp-json\/wp\/v2\/users\/2"}],"replies":[{"embeddable":true,"href":"https:\/\/www.europesays.com\/fr\/wp-json\/wp\/v2\/comments?post=265379"}],"version-history":[{"count":0,"href":"https:\/\/www.europesays.com\/fr\/wp-json\/wp\/v2\/posts\/265379\/revisions"}],"wp:featuredmedia":[{"embeddable":true,"href":"https:\/\/www.europesays.com\/fr\/wp-json\/wp\/v2\/media\/265380"}],"wp:attachment":[{"href":"https:\/\/www.europesays.com\/fr\/wp-json\/wp\/v2\/media?parent=265379"}],"wp:term":[{"taxonomy":"category","embeddable":true,"href":"https:\/\/www.europesays.com\/fr\/wp-json\/wp\/v2\/categories?post=265379"},{"taxonomy":"post_tag","embeddable":true,"href":"https:\/\/www.europesays.com\/fr\/wp-json\/wp\/v2\/tags?post=265379"}],"curies":[{"name":"wp","href":"https:\/\/api.w.org\/{rel}","templated":true}]}}