{"id":265393,"date":"2025-07-22T10:46:11","date_gmt":"2025-07-22T10:46:11","guid":{"rendered":"https:\/\/www.europesays.com\/fr\/265393\/"},"modified":"2025-07-22T10:46:11","modified_gmt":"2025-07-22T10:46:11","slug":"saint-etienne-des-materiaux-donnes-apres-la-biennale-du-design","status":"publish","type":"post","link":"https:\/\/www.europesays.com\/fr\/265393\/","title":{"rendered":"Saint-\u00c9tienne : des mat\u00e9riaux donn\u00e9s apr\u00e8s la Biennale du Design"},"content":{"rendered":"<p>Apr\u00e8s la cl\u00f4ture, le 6 juillet, de la 13e \u00e9dition de la Biennale internationale du Design, une journ\u00e9e de don de mat\u00e9riaux sera organis\u00e9e mardi 29 juillet, aux Halles Barrouin, \u00e0 Saint-\u00c9tienne.<\/p>\n<p>Ce sera premier arriv\u00e9, premier servi.<\/p>\n<p>Pas question de gaspiller pour les organisateurs de la <a class=\"url\" href=\"https:\/\/www.radioscoop.com\/infos\/la-biennale-du-design-dresse-un-bilan-positif-pour-sa-13e-edition_332981\" target=\"_blank\" rel=\"nofollow noopener\">Biennale internationale du Design<\/a>. Ils organisent, mardi 29 juillet, une journ\u00e9e de <b>don de mat\u00e9riaux<\/b> \u00e0 <b>Saint-\u00c9tienne<\/b>.<\/p>\n<p>Le rendez-vous est fix\u00e9 \u00e0 8h30, aux <b>Halles Barrouin<\/b>.<\/p>\n<p>Des dons sous conditions<\/p>\n<p>Parmi les mat\u00e9riaux \u00e0 disposition, on retrouve des caissons, des panneaux, des planches, des portes, de la peinture acrylique, des rails ou encore des briques.<\/p>\n<p>Les organisateurs de la Biennale pr\u00e9cisent <b>la liste des b\u00e9n\u00e9ficiaires<\/b>, principalement des associations, des organismes \u00e0 but non lucratif ou encore les \u00e9tablissements publics de l&rsquo;\u00c9tat et les collectivit\u00e9s territoriales.<\/p>\n<p><a class=\"url\" href=\"https:\/\/drive.google.com\/file\/d\/1Y_xsE4zU8yLI8qFTDRjfnu5WXT-LG0v5\/view?fbclid=IwY2xjawLsSAdleHRuA2FlbQIxMABicmlkETBYUHhyODVVM0RJOHJBdDhuAR5j9gLTBlb_F7NOj0KgH76vy1Q_QeZEwuN_8S0EmDEqZzGlHoDQiTSXndvsVw_aem_Ote7QCVkwFXZ5p3Oolpybg\" target=\"_blank\" rel=\"nofollow noopener\">Retrouvez la liste compl\u00e8te des acteurs concern\u00e9s &gt;&gt;<\/a><\/p>\n<p><img loading=\"lazy\" decoding=\"async\" src=\"https:\/\/www.europesays.com\/fr\/wp-content\/uploads\/2025\/07\/1753181171_743_img\" width=\"350\" height=\"200\" border=\"0\" title=\"425 \u00c5\u0093uvres ont \u00c3\u00a9t\u00c3\u00a9 expos\u00c3\u00a9es lors de la 13e Biennale du Design, dont une grande partie \u00c3\u00a0 la Cit\u00c3\u00a9 du design et aux Halles Barrouin \u00c3\u00a0 Saint-Etienne.\"\/><\/p>\n<p>\u25baCulture<\/p>\n<p style=\"font-size: 22px;\"><b>La Biennale du Design dresse un bilan positif pour sa 13e \u00e9dition<\/b><\/p>\n<p>La 13e Biennale internationale du Design s&rsquo;est termin\u00e9e&#8230;<\/p>\n<p><\/p>\n","protected":false},"excerpt":{"rendered":"Apr\u00e8s la cl\u00f4ture, le 6 juillet, de la 13e \u00e9dition de la Biennale internationale du Design, une journ\u00e9e&hellip;\n","protected":false},"author":2,"featured_media":238902,"comment_status":"","ping_status":"","sticky":false,"template":"","format":"standard","meta":{"footnotes":""},"categories":[9653],"tags":[1111,11,2430,24436,1386,13554,1777,674,1011,27,40496,40497,12,25,9920,4001],"class_list":{"0":"post-265393","1":"post","2":"type-post","3":"status-publish","4":"format-standard","5":"has-post-thumbnail","7":"category-saint-etienne","8":"tag-actu","9":"tag-actualites","10":"tag-auvergne-rhone-alpes","11":"tag-biennale","12":"tag-design","13":"tag-don","14":"tag-eu","15":"tag-europe","16":"tag-fr","17":"tag-france","18":"tag-halles-barrouin","19":"tag-matriaux","20":"tag-news","21":"tag-republique-francaise","22":"tag-saint-tienne","23":"tag-saint-etienne"},"share_on_mastodon":{"url":"https:\/\/pubeurope.com\/@fr\/114896488718595471","error":""},"_links":{"self":[{"href":"https:\/\/www.europesays.com\/fr\/wp-json\/wp\/v2\/posts\/265393","targetHints":{"allow":["GET"]}}],"collection":[{"href":"https:\/\/www.europesays.com\/fr\/wp-json\/wp\/v2\/posts"}],"about":[{"href":"https:\/\/www.europesays.com\/fr\/wp-json\/wp\/v2\/types\/post"}],"author":[{"embeddable":true,"href":"https:\/\/www.europesays.com\/fr\/wp-json\/wp\/v2\/users\/2"}],"replies":[{"embeddable":true,"href":"https:\/\/www.europesays.com\/fr\/wp-json\/wp\/v2\/comments?post=265393"}],"version-history":[{"count":0,"href":"https:\/\/www.europesays.com\/fr\/wp-json\/wp\/v2\/posts\/265393\/revisions"}],"wp:featuredmedia":[{"embeddable":true,"href":"https:\/\/www.europesays.com\/fr\/wp-json\/wp\/v2\/media\/238902"}],"wp:attachment":[{"href":"https:\/\/www.europesays.com\/fr\/wp-json\/wp\/v2\/media?parent=265393"}],"wp:term":[{"taxonomy":"category","embeddable":true,"href":"https:\/\/www.europesays.com\/fr\/wp-json\/wp\/v2\/categories?post=265393"},{"taxonomy":"post_tag","embeddable":true,"href":"https:\/\/www.europesays.com\/fr\/wp-json\/wp\/v2\/tags?post=265393"}],"curies":[{"name":"wp","href":"https:\/\/api.w.org\/{rel}","templated":true}]}}