{"id":265394,"date":"2025-07-22T10:47:13","date_gmt":"2025-07-22T10:47:13","guid":{"rendered":"https:\/\/www.europesays.com\/fr\/265394\/"},"modified":"2025-07-22T10:47:13","modified_gmt":"2025-07-22T10:47:13","slug":"lete-gourmand-si-lon-prenait-laperitif-au-pied-de-la-porte-de-la-craffe-a-nancy","status":"publish","type":"post","link":"https:\/\/www.europesays.com\/fr\/265394\/","title":{"rendered":"L\u2019\u00e9t\u00e9 gourmand. Si l\u2019on prenait l\u2019ap\u00e9ritif au pied de la porte de la Craffe \u00e0 Nancy?"},"content":{"rendered":"<p>Amateurs d\u2019ambiance sympa, ne perdez plus de temps \u00e0 trouver un endroit pour festoyer, nous en avons d\u00e9nich\u00e9 un pour vous. Situ\u00e9 au pied de l\u2019iconique Porte de la Craffe \u00e0 Nancy, le Hops Bar propose un large choix de cocktails r\u00e9alis\u00e9s devant le client.<\/p>\n<p>De quoi d\u00e9couvrir l\u2019une des \u00ab\u00a0sept merveilles du monde\u00a0\u00bb, \u00e0 peu de frais, une s\u00e9lection inspir\u00e9e des quatre coins du globe. Si vous \u00eates adeptes de l\u2019Italie, optez pour la Dolce Vita. \u00c0 base de limoncello et de Campari, agr\u00e9ment\u00e9e de pur\u00e9e de rhubarbe, menthe fra\u00eeche et tonic p\u00eache jasmin, cette boisson aux accents m\u00e9diterran\u00e9ens convient parfaitement pour la saison estivale.<\/p>\n<p>Bonne nouvelle pour les noctambules, l\u2019happy hour ici, c\u2019est tous les jours\u00a0! \u00c0 consommer avec mod\u00e9ration bien s\u00fbr.<\/p>\n","protected":false},"excerpt":{"rendered":"Amateurs d\u2019ambiance sympa, ne perdez plus de temps \u00e0 trouver un endroit pour festoyer, nous en avons d\u00e9nich\u00e9&hellip;\n","protected":false},"author":2,"featured_media":265395,"comment_status":"","ping_status":"","sticky":false,"template":"","format":"standard","meta":{"footnotes":""},"categories":[9635],"tags":[1111,11,1704,1777,674,1011,27,775,31022,6016,1702,1703,12,25],"class_list":{"0":"post-265394","1":"post","2":"type-post","3":"status-publish","4":"format-standard","5":"has-post-thumbnail","7":"category-nancy","8":"tag-actu","9":"tag-actualites","10":"tag-edition-nancy-et-agglomeration","11":"tag-eu","12":"tag-europe","13":"tag-fr","14":"tag-france","15":"tag-grand-est","16":"tag-le-guide-de-lete-lorraine","17":"tag-magazine-cuisine-et-vins","18":"tag-nancy","19":"tag-nancy-ville-54b","20":"tag-news","21":"tag-republique-francaise"},"share_on_mastodon":{"url":"https:\/\/pubeurope.com\/@fr\/114896492662165785","error":""},"_links":{"self":[{"href":"https:\/\/www.europesays.com\/fr\/wp-json\/wp\/v2\/posts\/265394","targetHints":{"allow":["GET"]}}],"collection":[{"href":"https:\/\/www.europesays.com\/fr\/wp-json\/wp\/v2\/posts"}],"about":[{"href":"https:\/\/www.europesays.com\/fr\/wp-json\/wp\/v2\/types\/post"}],"author":[{"embeddable":true,"href":"https:\/\/www.europesays.com\/fr\/wp-json\/wp\/v2\/users\/2"}],"replies":[{"embeddable":true,"href":"https:\/\/www.europesays.com\/fr\/wp-json\/wp\/v2\/comments?post=265394"}],"version-history":[{"count":0,"href":"https:\/\/www.europesays.com\/fr\/wp-json\/wp\/v2\/posts\/265394\/revisions"}],"wp:featuredmedia":[{"embeddable":true,"href":"https:\/\/www.europesays.com\/fr\/wp-json\/wp\/v2\/media\/265395"}],"wp:attachment":[{"href":"https:\/\/www.europesays.com\/fr\/wp-json\/wp\/v2\/media?parent=265394"}],"wp:term":[{"taxonomy":"category","embeddable":true,"href":"https:\/\/www.europesays.com\/fr\/wp-json\/wp\/v2\/categories?post=265394"},{"taxonomy":"post_tag","embeddable":true,"href":"https:\/\/www.europesays.com\/fr\/wp-json\/wp\/v2\/tags?post=265394"}],"curies":[{"name":"wp","href":"https:\/\/api.w.org\/{rel}","templated":true}]}}