{"id":265398,"date":"2025-07-22T10:49:11","date_gmt":"2025-07-22T10:49:11","guid":{"rendered":"https:\/\/www.europesays.com\/fr\/265398\/"},"modified":"2025-07-22T10:49:11","modified_gmt":"2025-07-22T10:49:11","slug":"elle-forme-8-000-eleves-chaque-annee-a-saint-mandrier-la-plus-grande-ecole-militaire-de-france-change-de-chef","status":"publish","type":"post","link":"https:\/\/www.europesays.com\/fr\/265398\/","title":{"rendered":"Elle forme 8.000 \u00e9l\u00e8ves chaque ann\u00e9e: \u00e0 Saint-Mandrier, la plus grande \u00e9cole militaire de France change de chef"},"content":{"rendered":"<p>Apr\u00e8s une belle carri\u00e8re de 35 ans, au sein de la Marine nationale, charg\u00e9e d\u2019histoires, d\u2019aventures et d\u2019\u00e9motions, <strong>le contre-amiral Guillaume Merveilleux du Vignaux<\/strong>, <strong>au commandement du P\u00f4le \u00e9cole M\u00e9diterran\u00e9e (PEM) depuis 2022, c\u00e8de aujourd\u2019hui son poste, au contre-amiral David Samson.<\/strong><\/p>\n<p>Engag\u00e9 volontaire comme matelot en 1987, ce dernier choisit la sp\u00e9cialit\u00e9 de navigateur timonier. Apr\u00e8s un d\u00e9but de carri\u00e8re intense, marqu\u00e9 par la mission N\u00e9r\u00e9ides dans le golfe Persique, puis deux op\u00e9rations ext\u00e9rieures au Liban, il participe aux exp\u00e9rimentations nucl\u00e9aires dans le Pacifique \u00e0 bord du Bougainville en 1990.<\/p>\n<p>La fr\u00e9gate Jean de Vienne, la Jeanne d\u2019Arc, puis la fr\u00e9gate Surcouf, l\u2019aviso Jean Moulin et la fr\u00e9gate Cassard, seront ses b\u00e2timents formateurs. Jusqu\u2019en 2002, date \u00e0 laquelle il est d\u00e9sign\u00e9 ing\u00e9nieur responsable de b\u00e2timents au service de soutien de la flotte de Toulon, assurant le soutien technique et logistique d\u2019une vingtaine de navires de guerre.<\/p>\n<p>Promu contre-amiral en 2022, il entame alors, une carri\u00e8re de dirigeant. En 2024, le contre-amiral David Samson est nomm\u00e9 directeur du centre d\u2019\u00e9tudes strat\u00e9giques de la Marine et d\u00e9l\u00e9gu\u00e9 au rayonnement pour le chef d\u2019\u00e9tat-major de la Marine. \u00c0 cette occasion, il cr\u00e9e des r\u00e9seaux de chercheurs.<\/p>\n<p>Aujourd\u2019hui, \u00e0 l\u2019aube de la rentr\u00e9e 2025, le contre-amiral David Samson, est nomm\u00e9 commandant du P\u00f4le \u00c9cole M\u00e9diterran\u00e9e de Saint-Mandrier. Le voici donc \u00e0 la t\u00eate du plus grand centre de formation de la Marine, compos\u00e9e de six \u00e9coles.<\/p>\n<p>\u00ab\u00a0800 acteurs permanents\u00a0\u00bb<\/p>\n<p>\u00ab\u00a0Au PEM, explique-t-il, je d\u00e9couvre des \u00e9quipes impliqu\u00e9es et passionn\u00e9es, heureuses de transmettre leurs connaissances. J\u2019y d\u00e9couvre aussi des supports modernes d\u2019apprentissage, de formation et de sport. Le PEM est un \u00e9quipage multicomposite, de huit cents acteurs permanents. Le premier des trois d\u00e9fis que je devrais relever, sera de continuer \u00e0 faire du PEM un outil de formation d\u2019avant-garde. Le second d\u00e9fi sera de prodiguer des formations aux services des op\u00e9rations. Le PEM doit \u00eatre en effet l\u2019\u00e9cole au service des op\u00e9rations de la Marine. Le troisi\u00e8me d\u00e9fi, et non des moindres, est de faire de ce passage en \u00e9cole, un moment exceptionnel pour les huit mille \u00e9l\u00e8ves et stagiaires que nous formons ici chaque ann\u00e9e. Ce passage doit apporter de la fiert\u00e9 \u00e0 nos marins, un sentiment collectif d\u2019utilit\u00e9 et de coh\u00e9rence avec ce qui les attend \u00e0 bord. Nous allons conjuguer le savoir-faire avec le savoir-\u00eatre.\u00a0\u00bb<\/p>\n<p>L\u2019ann\u00e9e prochaine, la Marine nationale c\u00e9l\u00e9brera une \u00e9tape importe de son histoire, son 400e anniversaire d\u2019existence. Une ann\u00e9e qui sera certainement ponctu\u00e9e d\u2019\u00e9v\u00e9nements majeurs dans les rangs.<\/p>\n","protected":false},"excerpt":{"rendered":"Apr\u00e8s une belle carri\u00e8re de 35 ans, au sein de la Marine nationale, charg\u00e9e d\u2019histoires, d\u2019aventures et d\u2019\u00e9motions,&hellip;\n","protected":false},"author":2,"featured_media":265399,"comment_status":"","ping_status":"","sticky":false,"template":"","format":"standard","meta":{"footnotes":""},"categories":[9619],"tags":[1111,11,1777,674,1011,27,12,882,25,2310,3366],"class_list":{"0":"post-265398","1":"post","2":"type-post","3":"status-publish","4":"format-standard","5":"has-post-thumbnail","7":"category-toulon","8":"tag-actu","9":"tag-actualites","10":"tag-eu","11":"tag-europe","12":"tag-fr","13":"tag-france","14":"tag-news","15":"tag-provence-alpes-cote-dazur","16":"tag-republique-francaise","17":"tag-toulon","18":"tag-vie-locale"},"share_on_mastodon":{"url":"https:\/\/pubeurope.com\/@fr\/114896500446653236","error":""},"_links":{"self":[{"href":"https:\/\/www.europesays.com\/fr\/wp-json\/wp\/v2\/posts\/265398","targetHints":{"allow":["GET"]}}],"collection":[{"href":"https:\/\/www.europesays.com\/fr\/wp-json\/wp\/v2\/posts"}],"about":[{"href":"https:\/\/www.europesays.com\/fr\/wp-json\/wp\/v2\/types\/post"}],"author":[{"embeddable":true,"href":"https:\/\/www.europesays.com\/fr\/wp-json\/wp\/v2\/users\/2"}],"replies":[{"embeddable":true,"href":"https:\/\/www.europesays.com\/fr\/wp-json\/wp\/v2\/comments?post=265398"}],"version-history":[{"count":0,"href":"https:\/\/www.europesays.com\/fr\/wp-json\/wp\/v2\/posts\/265398\/revisions"}],"wp:featuredmedia":[{"embeddable":true,"href":"https:\/\/www.europesays.com\/fr\/wp-json\/wp\/v2\/media\/265399"}],"wp:attachment":[{"href":"https:\/\/www.europesays.com\/fr\/wp-json\/wp\/v2\/media?parent=265398"}],"wp:term":[{"taxonomy":"category","embeddable":true,"href":"https:\/\/www.europesays.com\/fr\/wp-json\/wp\/v2\/categories?post=265398"},{"taxonomy":"post_tag","embeddable":true,"href":"https:\/\/www.europesays.com\/fr\/wp-json\/wp\/v2\/tags?post=265398"}],"curies":[{"name":"wp","href":"https:\/\/api.w.org\/{rel}","templated":true}]}}