{"id":265410,"date":"2025-07-22T10:59:19","date_gmt":"2025-07-22T10:59:19","guid":{"rendered":"https:\/\/www.europesays.com\/fr\/265410\/"},"modified":"2025-07-22T10:59:19","modified_gmt":"2025-07-22T10:59:19","slug":"grenoble-un-nouveau-cas-de-chikungunya-detecte-dans-cette-commune-lars-agit","status":"publish","type":"post","link":"https:\/\/www.europesays.com\/fr\/265410\/","title":{"rendered":"Grenoble. Un nouveau cas de chikungunya d\u00e9tect\u00e9 dans cette commune : l&rsquo;ARS agit"},"content":{"rendered":"<p>            Par<br \/>\n        <strong><br \/>\n            <a href=\"https:\/\/actu.fr\/auteur\/lisa-rodrigues\" title=\"Consulter tous les articles de Lisa Rodrigues\" rel=\"nofollow noopener\" target=\"_blank\">Lisa Rodrigues<\/a><br \/>\n        <\/strong><\/p>\n<p>        Publi\u00e9 le<\/p>\n<p>            22 juil. 2025 \u00e0 12h47        <\/p>\n<p>Le 8 juillet, l\u2019Agence r\u00e9gionale de sant\u00e9 (ARS) re\u00e7oit un premier signalement d\u2019un habitant atteint du <strong>chikungunya<\/strong> \u2013 un virus transmis par piq\u00fbre de moustique tigre et provoquant une fi\u00e8vre \u00e9lev\u00e9e et de fortes douleurs musculaires, voire des \u00e9ruptions cutan\u00e9es et des maux de t\u00eate \u2013 dans le sud de <a href=\"https:\/\/actu.fr\/auvergne-rhone-alpes\/grenoble_38185\" rel=\"nofollow noopener\" target=\"_blank\">Grenoble<\/a>.<br \/>L\u2019agence de sant\u00e9 a alors pr\u00e9cis\u00e9 \u00eatre face \u00e0 un <strong>cas autochtone<\/strong>, c\u2019est-\u00e0-dire que la personne a d\u00e9clar\u00e9 la maladie sans avoir voyag\u00e9 dans une zone \u00e0 risque. C\u2019est le deuxi\u00e8me cas autochtone confirm\u00e9 en Auvergne-Rh\u00f4ne-Alpes cette ann\u00e9e, apr\u00e8s celui dans <a href=\"https:\/\/actu.fr\/auvergne-rhone-alpes\/montoison_26208\/drome-un-cas-de-chikungunya-local-fortement-suspecte-par-l-ars-symptomes-risques-et-moyens-de-se-proteger_62811469.html\" rel=\"nofollow noopener\" target=\"_blank\">la Dr\u00f4me<\/a> fin juin.<\/p>\n<p class=\" wall-content\">Mardi 22 juillet, l\u2019ARS annonce la d\u00e9couverte d\u2019un <strong>second cas autochtone<\/strong> de chikungunya en Is\u00e8re, \u00ab\u00a0dans le m\u00eame secteur\u00a0\u00bb que le premier \u00e0 <a href=\"https:\/\/actu.fr\/auvergne-rhone-alpes\/claix_38111\" rel=\"nofollow noopener\" target=\"_blank\">Claix<\/a>.<\/p>\n<p>    <a href=\"https:\/\/www.google.com\/maps\/embed?pb=!1m18!1m12!1m3!1d45046.056413940074!2d5.617775498374433!3d45.1186647437449!2m3!1f0!2f0!3f0!3m2!1i1024!2i768!4f13.1!3m3!1m2!1s0x478a8c541f9fa007%3A0x408ab2ae4be7c30!2s38640%20Claix!5e0!3m2!1sfr!2sfr!4v1753178026188!5m2!1sfr!2sfr\" title=\"Ouvrie le lien\" rel=\"nofollow noopener\" target=\"_blank\">Cliquez ici pour visualiser le contenu<\/a><\/p>\n<p>D\u2019autres cas suspects<\/p>\n<p class=\" wall-content\">\u00ab\u00a0Ce cas vit dans le p\u00e9rim\u00e8tre trait\u00e9 initialement pour le 1er cas autochtone, ce qui laisse \u00e0 penser qu\u2019il a \u00e9t\u00e9 piqu\u00e9 par un <a href=\"https:\/\/actu.fr\/planete\/biodiversite\/le-moustique-tigre-a-colonise-toute-la-france-voici-comment-s-en-debarrasser-ou-limiter-sa-presence_60931621.html\" rel=\"nofollow noopener\" target=\"_blank\">moustique tigre<\/a> infect\u00e9 juste avant les op\u00e9rations de d\u00e9moustication\u00a0\u00bb lanc\u00e9es d\u00e9but juillet, pr\u00e9cise l\u2019ARS dans un communiqu\u00e9.<\/p>\n<p class=\" wall-content\">Une enqu\u00eate \u00e9pid\u00e9miologique en porte-\u00e0-porte a \u00e9galement \u00e9t\u00e9 men\u00e9 en d\u00e9but de mois, ce qui a permis de recenser \u00ab\u00a0deux cas suspects\u00a0\u00bb de chikungunya potentiellement autochtones qui \u00ab\u00a0se <strong>sont av\u00e9r\u00e9s n\u00e9gatifs<\/strong>\u00ab\u00a0.<\/p>\n<p class=\" wall-content\">Avec le nouveau cas d\u00e9tect\u00e9 le 18 juillet, l\u2019ARS a donc instaur\u00e9 des <strong>mesures d\u2019urgence<\/strong> pour limiter la propagation.<\/p>\n<p>Nouvelle op\u00e9ration de d\u00e9moustication\u00a0<\/p>\n<p class=\" wall-content\">Ainsi, une nouvelle op\u00e9ration de d\u00e9moustication est programm\u00e9e \u00ab\u00a0<strong>dans la nuit du mardi 22 au mercredi 23 juillet<\/strong>, si les conditions m\u00e9t\u00e9orologiques le permettent\u00a0\u00bb. Cette mesure doit aider \u00e0 \u00e9liminer les zones de d\u00e9veloppement des larves et les moustiques adultes vecteurs du virus.<\/p>\n<p class=\" wall-content\">Le secteur concern\u00e9 est celui du <strong>Pont Rouge \u2013 Petit Rochefort<\/strong>, pr\u00e9cise la Ville de Claix.<\/p>\n<p>    <a href=\"https:\/\/www.google.com\/maps\/embed?pb=!1m16!1m12!1m3!1d2815.423558230056!2d5.690192376131555!3d45.1177520710705!2m3!1f0!2f0!3f0!3m2!1i1024!2i768!4f13.1!2m1!1spont%20rouge%20petit%20rochefort%20claix!5e0!3m2!1sfr!2sfr!4v1753178885337!5m2!1sfr!2sfr\" title=\"Ouvrie le lien\" rel=\"nofollow noopener\" target=\"_blank\">Cliquez ici pour visualiser le contenu<\/a><\/p>\n<p class=\" wall-content\">\u00ab\u00a0Les habitants du secteur concern\u00e9 ont \u00e9t\u00e9 inform\u00e9s par un flyer d\u00e9pos\u00e9 dans leur bo\u00eete aux lettres\u00a0\u00bb, ajoute l\u2019ARS. L\u2019op\u00e9ration doit se d\u00e9rouler <strong>entre 2 heures et 5 heures du matin<\/strong>.<\/p>\n<p class=\" wall-content\">Selon l\u2019ARS, depuis le 1er mai, <strong>141 cas de chikungunya import\u00e9s<\/strong> ont \u00e9t\u00e9 enregistr\u00e9s en Auvergne-Rh\u00f4ne-Alpes, dont 34 dans le d\u00e9partement de l\u2019Is\u00e8re.<\/p>\n<p class=\" wall-content\">Suivez toute l\u2019actualit\u00e9 de vos villes et m\u00e9dias favoris en vous inscrivant \u00e0 <a href=\"https:\/\/moncompte.actu.fr\" title=\"D\u00e9couvez Mon Actu\" rel=\"nofollow noopener\" data-trk=\"{&quot;cta&quot;:{&quot;action&quot;:&quot;https:\\\/\\\/moncompte.actu.fr&quot;,&quot;category&quot;:&quot;mon compte&quot;,&quot;from&quot;:&quot;article footer&quot;,&quot;name&quot;:&quot;Mon actu&quot;,&quot;type&quot;:&quot;cta&quot;}}\" target=\"_blank\">Mon Actu<\/a>.<\/p>\n","protected":false},"excerpt":{"rendered":"Par Lisa Rodrigues Publi\u00e9 le 22 juil. 2025 \u00e0 12h47 Le 8 juillet, l\u2019Agence r\u00e9gionale de sant\u00e9 (ARS)&hellip;\n","protected":false},"author":2,"featured_media":265411,"comment_status":"","ping_status":"","sticky":false,"template":"","format":"standard","meta":{"footnotes":""},"categories":[9566],"tags":[1111,11,2430,1777,674,1011,27,2731,2856,12,25,71,104],"class_list":{"0":"post-265410","1":"post","2":"type-post","3":"status-publish","4":"format-standard","5":"has-post-thumbnail","7":"category-grenoble","8":"tag-actu","9":"tag-actualites","10":"tag-auvergne-rhone-alpes","11":"tag-eu","12":"tag-europe","13":"tag-fr","14":"tag-france","15":"tag-grenoble","16":"tag-moustique-tigre","17":"tag-news","18":"tag-republique-francaise","19":"tag-sante","20":"tag-societe"},"share_on_mastodon":{"url":"https:\/\/pubeurope.com\/@fr\/114896539635035209","error":""},"_links":{"self":[{"href":"https:\/\/www.europesays.com\/fr\/wp-json\/wp\/v2\/posts\/265410","targetHints":{"allow":["GET"]}}],"collection":[{"href":"https:\/\/www.europesays.com\/fr\/wp-json\/wp\/v2\/posts"}],"about":[{"href":"https:\/\/www.europesays.com\/fr\/wp-json\/wp\/v2\/types\/post"}],"author":[{"embeddable":true,"href":"https:\/\/www.europesays.com\/fr\/wp-json\/wp\/v2\/users\/2"}],"replies":[{"embeddable":true,"href":"https:\/\/www.europesays.com\/fr\/wp-json\/wp\/v2\/comments?post=265410"}],"version-history":[{"count":0,"href":"https:\/\/www.europesays.com\/fr\/wp-json\/wp\/v2\/posts\/265410\/revisions"}],"wp:featuredmedia":[{"embeddable":true,"href":"https:\/\/www.europesays.com\/fr\/wp-json\/wp\/v2\/media\/265411"}],"wp:attachment":[{"href":"https:\/\/www.europesays.com\/fr\/wp-json\/wp\/v2\/media?parent=265410"}],"wp:term":[{"taxonomy":"category","embeddable":true,"href":"https:\/\/www.europesays.com\/fr\/wp-json\/wp\/v2\/categories?post=265410"},{"taxonomy":"post_tag","embeddable":true,"href":"https:\/\/www.europesays.com\/fr\/wp-json\/wp\/v2\/tags?post=265410"}],"curies":[{"name":"wp","href":"https:\/\/api.w.org\/{rel}","templated":true}]}}