{"id":265414,"date":"2025-07-22T11:02:09","date_gmt":"2025-07-22T11:02:09","guid":{"rendered":"https:\/\/www.europesays.com\/fr\/265414\/"},"modified":"2025-07-22T11:02:09","modified_gmt":"2025-07-22T11:02:09","slug":"rennes-le-relais-va-reprendre-ses-collectes-et-poursuit-les-discussions-pour-maintenir-son-activite-a-flot","status":"publish","type":"post","link":"https:\/\/www.europesays.com\/fr\/265414\/","title":{"rendered":"Rennes. Le Relais va reprendre ses collectes et poursuit les discussions pour \u00ab\u00a0maintenir son activit\u00e9 \u00e0 flot\u00a0\u00bb"},"content":{"rendered":"<p>            Par<br \/>\n        <strong><br \/>\n            <a href=\"https:\/\/actu.fr\/auteur\/clemence-pays02-actu-fr\" title=\"Consulter tous les articles de Cl\u00e9mence Pays\" target=\"_blank\" rel=\"noopener\">Cl\u00e9mence Pays<\/a><br \/>\n        <\/strong><\/p>\n<p>        Publi\u00e9 le<\/p>\n<p>            22 juil. 2025 \u00e0 12h53        <\/p>\n<p>Depuis mardi 15\u00a0juillet 2025, <strong>Le Relais a totalement interrompu la collecte des textiles<\/strong> d\u00e9pos\u00e9s dans ses conteneurs \u00e0 Rennes et partout en France. Une d\u00e9cision prise <a href=\"https:\/\/actu.fr\/pays-de-la-loire\/nantes_44109\/on-vit-une-catastrophe-a-nantes-pourquoi-on-ne-peut-plus-deposer-ses-vetements-au-relais_62918400.html\" target=\"_blank\" rel=\"noopener\">en r\u00e9action \u00e0 un financement par l\u2019\u00e9co-organisme Refashion, jug\u00e9 insuffisant par l\u2019entreprise sp\u00e9cialis\u00e9e dans la collecte et la valorisation du textile<\/a>.<\/p>\n<p class=\" wall-content\">De son c\u00f4t\u00e9, <a href=\"https:\/\/actu.fr\/bretagne\/rennes_35238\/rennes-le-relais-interrompt-son-activite-et-denonce-un-manque-de-financement-le-principal-accuse-repond_62937058.html\" target=\"_blank\" rel=\"noopener\">Refashion pointait du doigt un mod\u00e8le sur lequel repose Le Relais qui \u00ab\u2009n\u2019est plus viable, ni \u00e9conomiquement, ni \u00e9cologiquement\u2009\u00bb<\/a> et cela en d\u00e9pit de la contribution financi\u00e8re revers\u00e9e par l\u2019\u00e9co-organisme.<\/p>\n<p class=\" wall-content\">Apr\u00e8s plusieurs jours de n\u00e9gociations, Le Relais France a annonc\u00e9, mardi 22\u00a0juillet, <strong>reprendre \u00ab\u2009progressivement\u2009\u00bb ses collectes<\/strong> \u00e0 partir du jeudi 24\u00a0juillet, malgr\u00e9 \u00ab\u2009une r\u00e9tribution toujours insuffisante\u2009\u00bb.<\/p>\n<blockquote class=\"ac-article-quote wall-content\">\n<p>La revalorisation annonc\u00e9e \u00e0 49 millions d\u2019euros sur 2025, comportant un premier versement<br \/>\nau mois d\u2019ao\u00fbt prochain, est d\u00e9j\u00e0 une belle avanc\u00e9e pour la fili\u00e8re. Celle-ci permettra au Relais France, sur le prochain trimestre, de maintenir son activit\u00e9 \u00e0 flot afin de continuer les discussions sur l\u2019\u00e9volution de la fili\u00e8re en 2026.<\/p>\n<p>    <strong>Le Relais France<\/strong>\n            <\/p><\/blockquote>\n<p>Un avenir incertain<\/p>\n<p class=\" wall-content\">Le Relais en Bretagne repr\u00e9sente<strong> 200 emplois,<\/strong> dont 135 dans son si\u00e8ge breton, \u00e0 <a href=\"https:\/\/actu.fr\/bretagne\/acigne_35001\" target=\"_blank\" rel=\"noopener\">Acign\u00e9<\/a> (Ille-et-Vilaine). Des <strong>emplois menac\u00e9s <\/strong>par la crise que traverse l\u2019entreprise au niveau national.<\/p>\n<p>Vid\u00e9os : en ce moment sur Actu<\/p>\n<blockquote class=\"ac-article-quote wall-content\">\n<p>Sur le territoire de la m\u00e9tropole rennaise, la totalit\u00e9 des textiles, linges et chaussures sont collect\u00e9s par Le Relais dans 302 bornes situ\u00e9es sur l&rsquo;espace public ainsi que dans 15 d\u00e9ch\u00e8teries. Cela repr\u00e9sente 1 930 tonnes par an.<\/p>\n<p>    <strong>Rennes M\u00e9tropole<\/strong>\n            <\/p><\/blockquote>\n<p class=\" wall-content\">Malgr\u00e9 la revalorisation de la r\u00e9tribution vers\u00e9e aux op\u00e9rateurs de tri de la fili\u00e8re \u00e0 responsabilit\u00e9 \u00e9largie des producteurs (Rep) par Refashion, Le Relais maintient sa position et<strong> alerte toujours sur sa situation.<\/strong> \u00ab\u2009En dessous d\u2019une revalorisation \u00e0 304\u00a0euros par tonne tri\u00e9e, l\u2019entit\u00e9 devra <strong>\u00e9tudier un redimensionnement de ses activit\u00e9s<\/strong> \u00e0 la hauteur de la r\u00e9tribution propos\u00e9e.\u2009\u00bb<\/p>\n<p class=\" wall-content\">Suivez toute l\u2019actualit\u00e9 de vos villes et m\u00e9dias favoris en vous inscrivant \u00e0 <a href=\"https:\/\/moncompte.actu.fr\" title=\"D\u00e9couvez Mon Actu\" rel=\"nofollow noopener\" data-trk=\"{&quot;cta&quot;:{&quot;action&quot;:&quot;https:\\\/\\\/moncompte.actu.fr&quot;,&quot;category&quot;:&quot;mon compte&quot;,&quot;from&quot;:&quot;article footer&quot;,&quot;name&quot;:&quot;Mon actu&quot;,&quot;type&quot;:&quot;cta&quot;}}\" target=\"_blank\">Mon Actu<\/a>.<\/p>\n","protected":false},"excerpt":{"rendered":"Par Cl\u00e9mence Pays Publi\u00e9 le 22 juil. 2025 \u00e0 12h53 Depuis mardi 15\u00a0juillet 2025, Le Relais a totalement&hellip;\n","protected":false},"author":2,"featured_media":265415,"comment_status":"","ping_status":"","sticky":false,"template":"","format":"standard","meta":{"footnotes":""},"categories":[2821],"tags":[1111,11,829,1777,674,1011,27,12,584,25,104,2422],"class_list":{"0":"post-265414","1":"post","2":"type-post","3":"status-publish","4":"format-standard","5":"has-post-thumbnail","7":"category-rennes","8":"tag-actu","9":"tag-actualites","10":"tag-bretagne","11":"tag-eu","12":"tag-europe","13":"tag-fr","14":"tag-france","15":"tag-news","16":"tag-rennes","17":"tag-republique-francaise","18":"tag-societe","19":"tag-textile"},"share_on_mastodon":{"url":"https:\/\/pubeurope.com\/@fr\/114896551649549176","error":""},"_links":{"self":[{"href":"https:\/\/www.europesays.com\/fr\/wp-json\/wp\/v2\/posts\/265414","targetHints":{"allow":["GET"]}}],"collection":[{"href":"https:\/\/www.europesays.com\/fr\/wp-json\/wp\/v2\/posts"}],"about":[{"href":"https:\/\/www.europesays.com\/fr\/wp-json\/wp\/v2\/types\/post"}],"author":[{"embeddable":true,"href":"https:\/\/www.europesays.com\/fr\/wp-json\/wp\/v2\/users\/2"}],"replies":[{"embeddable":true,"href":"https:\/\/www.europesays.com\/fr\/wp-json\/wp\/v2\/comments?post=265414"}],"version-history":[{"count":0,"href":"https:\/\/www.europesays.com\/fr\/wp-json\/wp\/v2\/posts\/265414\/revisions"}],"wp:featuredmedia":[{"embeddable":true,"href":"https:\/\/www.europesays.com\/fr\/wp-json\/wp\/v2\/media\/265415"}],"wp:attachment":[{"href":"https:\/\/www.europesays.com\/fr\/wp-json\/wp\/v2\/media?parent=265414"}],"wp:term":[{"taxonomy":"category","embeddable":true,"href":"https:\/\/www.europesays.com\/fr\/wp-json\/wp\/v2\/categories?post=265414"},{"taxonomy":"post_tag","embeddable":true,"href":"https:\/\/www.europesays.com\/fr\/wp-json\/wp\/v2\/tags?post=265414"}],"curies":[{"name":"wp","href":"https:\/\/api.w.org\/{rel}","templated":true}]}}