{"id":265416,"date":"2025-07-22T11:03:10","date_gmt":"2025-07-22T11:03:10","guid":{"rendered":"https:\/\/www.europesays.com\/fr\/265416\/"},"modified":"2025-07-22T11:03:10","modified_gmt":"2025-07-22T11:03:10","slug":"strasbourg-transformation-du-parking-sous-la-gare-en-parking-a-velos-ou-en-est-le-projet","status":"publish","type":"post","link":"https:\/\/www.europesays.com\/fr\/265416\/","title":{"rendered":"Strasbourg. Transformation du parking sous la gare en parking \u00e0 v\u00e9los, o\u00f9 en est le projet\u00a0?"},"content":{"rendered":"<p>            Par<br \/>\n        <strong><br \/>\n            <a href=\"https:\/\/actu.fr\/auteur\/olivia-kouassi\" title=\"Consulter tous les articles de Olivia Kouassi\" target=\"_blank\" rel=\"noopener\">Olivia Kouassi<\/a><br \/>\n        <\/strong><\/p>\n<p>        Publi\u00e9 le<\/p>\n<p>            22 juil. 2025 \u00e0 12h39        <\/p>\n<p>Alors que <a href=\"https:\/\/actu.fr\/tag\/eurometropole-de-strasbourg\" target=\"_blank\" rel=\"noopener\">l\u2019Eurom\u00e9tropole de Strasbourg (EMS)<\/a> et la <a href=\"https:\/\/actu.fr\/tag\/SNCF\/page\/19\" target=\"_blank\" rel=\"noopener\">SNCF<\/a> ont pr\u00e9sent\u00e9 le 11\u00a0juillet dernier le d\u00e9tail des <strong>transformations de la gare<\/strong> \u00e0 horizon 2032 d\u2019une part et <a href=\"https:\/\/actu.fr\/grand-est\/strasbourg_67482\/la-gare-de-strasbourg-va-se-transformer-jusqu-en-2050-voici-le-calendrier-des-travaux_62913354.html#:~:text=Un%20projet%20titanesque%20qui%20s,l&#039;horizon%202030%2D2032.&amp;text=Avec%20une%20estimation%20%C2%AB%20basse%20%C2%BB%2C,il%20faut%20pousser%20les%20murs.\" target=\"_blank\" rel=\"noopener\">2050 d\u2019une autre part<\/a>, o\u00f9 en est le <strong>projet de transformation du parking<\/strong> situ\u00e9 sous le parvis\u2009?<\/p>\n<p>Un projet mis en pause\u2009?<\/p>\n<p class=\" wall-content\">Gare \u00e0 360\u00b0, construction d\u2019un parking voiture rue du Rempart, cr\u00e9ation d\u2019un cheminement pi\u00e9ton ou encore ouverture au public du tunnel des Postes\u2026 Alors que la SNCF et l\u2019EMS ont pr\u00e9sent\u00e9 en d\u00e9tail un <strong>ambitieux projet de transformation,<\/strong> l\u2019am\u00e9nagement du parvis et de son sous-sol n\u2019a pas \u00e9t\u00e9 abord\u00e9. Si la Ville avait annonc\u00e9 en 2023 sa reconversion en parking \u00e0 v\u00e9los avec pas moins de 3\u2009000 places d\u2019ici 2027, le projet semble d\u00e9sormais <strong>mis en pause.<\/strong><\/p>\n<p class=\" wall-content\">Contact\u00e9e, la soci\u00e9t\u00e9 Indigo, en charge de la gestion du parking, indique \u00eatre<strong> toujours en discussion<\/strong> avec l\u2019Eurom\u00e9tropole. \u00ab\u2009Les besoins en stationnement v\u00e9lo s\u00e9curis\u00e9 dans le secteur de la gare sont tr\u00e8s importants aussi bien pour les usagers de la gare que pour le quartier\u2009\u00bb, d\u00e9taille quant \u00e0 elle l\u2019EMS qui ne donne pas plus de d\u00e9tails sur l\u2019\u00e9tat d\u2019avancement du projet.<\/p>\n<p class=\" wall-content\">Le r\u00e9am\u00e9nagement du sous-sol du parvis est <strong>imbriqu\u00e9<\/strong> avec le <strong>projet d\u2019extension du tram nord<\/strong> qui conna\u00eet depuis plusieurs mois de<strong> multiples rebondissements<\/strong> apr\u00e8s <a href=\"https:\/\/actu.fr\/grand-est\/strasbourg_67482\/tram-nord-a-strasbourg-la-commission-d-enquete-rend-un-avis-defavorable-un-coup-de-tonnerre_61982104.html\" target=\"_blank\" rel=\"noopener\">l\u2019avis d\u00e9favorable rendu en d\u00e9cembre dernier par la commission d\u2019enqu\u00eate<\/a>. L\u2019extension fait actuellement l\u2019objet d\u2019une <a href=\"https:\/\/actu.fr\/grand-est\/strasbourg_67482\/tram-nord-l-eurometropole-de-strasbourg-detaille-sa-nouvelle-methode-de-travail_62195224.html\" target=\"_blank\" rel=\"noopener\">nouvelle r\u00e9flexion dans le cadre d\u2019une convention citoyenne<\/a>.<\/p>\n<p>Une convention citoyenne en cours<\/p>\n<p class=\" wall-content wall-content\">La Ville et l\u2019Eurom\u00e9tropole de Strasbourg ont mis en place cette <strong>nouvelle m\u00e9thode de travail<\/strong> pour aboutir \u00e0 une deuxi\u00e8me mouture du projet de tram nord. La quatri\u00e8me session de travail sur les six pr\u00e9vues dans le cadre de la convention citoyenne s\u2019est tenue les 4 et 5\u00a0juillet 2025.<\/p>\n<p class=\" wall-content wall-content\">Les <strong>100\u00a0personnes volontaires<\/strong> et<strong> tir\u00e9es au sort<\/strong> sont charg\u00e9es de travailler \u00e0 partir de la question suivante\u2009: \u00ab\u2009Selon quelles modalit\u00e9s et selon quelles conditions de r\u00e9ussite la desserte en tramway des communes nord vous semble la plus adapt\u00e9e au regard des enjeux de transition \u00e9cologique et d\u2019\u00e9quit\u00e9 territoriale\u2009?\u2009\u00bb<\/p>\n<p>La pr\u00e9sentation du rapport en octobre<\/p>\n<p class=\" wall-content\">Mais cette nouvelle m\u00e9thode de travail ne semble pas convaincre tout le monde. Le 5\u00a0mars,<a href=\"https:\/\/actu.fr\/grand-est\/strasbourg_67482\/tram-nord-a-strasbourg-13-associations-demandent-a-avoir-un-role-dans-la-future-convention-citoyenne_62337484.html\" target=\"_blank\" rel=\"noopener\"> 13 collectifs et associations\u00a0se sont r\u00e9unis<\/a> devant le centre administratif de\u00a0<a href=\"https:\/\/actu.fr\/strasbourg\/\" target=\"_blank\" rel=\"noopener\">Strasbourg<\/a> pour partager leurs craintes.<\/p>\n<p class=\" wall-content\">La pr\u00e9sentation du rapport r\u00e9alis\u00e9 par la convention citoyenne doit avoir lieu en\u00a0octobre\u00a02025.<\/p>\n<p class=\" wall-content\">Suivez toute l\u2019actualit\u00e9 de vos villes et m\u00e9dias favoris en vous inscrivant \u00e0 <a href=\"https:\/\/moncompte.actu.fr\" title=\"D\u00e9couvez Mon Actu\" rel=\"nofollow noopener\" data-trk=\"{&quot;cta&quot;:{&quot;action&quot;:&quot;https:\\\/\\\/moncompte.actu.fr&quot;,&quot;category&quot;:&quot;mon compte&quot;,&quot;from&quot;:&quot;article footer&quot;,&quot;name&quot;:&quot;Mon actu&quot;,&quot;type&quot;:&quot;cta&quot;}}\" target=\"_blank\">Mon Actu<\/a>.<\/p>\n","protected":false},"excerpt":{"rendered":"Par Olivia Kouassi Publi\u00e9 le 22 juil. 2025 \u00e0 12h39 Alors que l\u2019Eurom\u00e9tropole de Strasbourg (EMS) et la&hellip;\n","protected":false},"author":2,"featured_media":265417,"comment_status":"","ping_status":"","sticky":false,"template":"","format":"standard","meta":{"footnotes":""},"categories":[2820],"tags":[1111,11,1777,5342,674,1011,27,20526,775,12,25,104,6173,640],"class_list":{"0":"post-265416","1":"post","2":"type-post","3":"status-publish","4":"format-standard","5":"has-post-thumbnail","7":"category-strasbourg","8":"tag-actu","9":"tag-actualites","10":"tag-eu","11":"tag-eurometropole-de-strasbourg","12":"tag-europe","13":"tag-fr","14":"tag-france","15":"tag-gare-de-strasbourg","16":"tag-grand-est","17":"tag-news","18":"tag-republique-francaise","19":"tag-societe","20":"tag-stationnement","21":"tag-strasbourg"},"share_on_mastodon":{"url":"https:\/\/pubeurope.com\/@fr\/114896555570118636","error":""},"_links":{"self":[{"href":"https:\/\/www.europesays.com\/fr\/wp-json\/wp\/v2\/posts\/265416","targetHints":{"allow":["GET"]}}],"collection":[{"href":"https:\/\/www.europesays.com\/fr\/wp-json\/wp\/v2\/posts"}],"about":[{"href":"https:\/\/www.europesays.com\/fr\/wp-json\/wp\/v2\/types\/post"}],"author":[{"embeddable":true,"href":"https:\/\/www.europesays.com\/fr\/wp-json\/wp\/v2\/users\/2"}],"replies":[{"embeddable":true,"href":"https:\/\/www.europesays.com\/fr\/wp-json\/wp\/v2\/comments?post=265416"}],"version-history":[{"count":0,"href":"https:\/\/www.europesays.com\/fr\/wp-json\/wp\/v2\/posts\/265416\/revisions"}],"wp:featuredmedia":[{"embeddable":true,"href":"https:\/\/www.europesays.com\/fr\/wp-json\/wp\/v2\/media\/265417"}],"wp:attachment":[{"href":"https:\/\/www.europesays.com\/fr\/wp-json\/wp\/v2\/media?parent=265416"}],"wp:term":[{"taxonomy":"category","embeddable":true,"href":"https:\/\/www.europesays.com\/fr\/wp-json\/wp\/v2\/categories?post=265416"},{"taxonomy":"post_tag","embeddable":true,"href":"https:\/\/www.europesays.com\/fr\/wp-json\/wp\/v2\/tags?post=265416"}],"curies":[{"name":"wp","href":"https:\/\/api.w.org\/{rel}","templated":true}]}}