{"id":265418,"date":"2025-07-22T11:04:23","date_gmt":"2025-07-22T11:04:23","guid":{"rendered":"https:\/\/www.europesays.com\/fr\/265418\/"},"modified":"2025-07-22T11:04:23","modified_gmt":"2025-07-22T11:04:23","slug":"strasbourg-deux-brocantes-350-commercants-dans-les-rues-la-grande-braderie-fait-son-retour-ce-samedi","status":"publish","type":"post","link":"https:\/\/www.europesays.com\/fr\/265418\/","title":{"rendered":"Strasbourg. Deux brocantes, 350 commer\u00e7ants dans les rues\u2026 la grande braderie fait son retour ce samedi"},"content":{"rendered":"<p>De 7\u00a0h\u00a030 \u00e0 19\u00a0h, une agitation toute particuli\u00e8re va r\u00e9gner dans le centre-ville de Strasbourg avec le retour de la grande braderie ce samedi 26\u00a0juillet. \u00ab\u00a0Notre traditionnel rendez-vous des bonnes affaires, pour booster la fin des soldes\u00a0\u00bb, pr\u00e9sente Gwenn Bauer, le pr\u00e9sident de l\u2019association des commer\u00e7ants organisatrice, <a href=\"https:\/\/www.dna.fr\/economie\/2025\/04\/11\/on-va-dans-le-mur-alertent-les-commercants-des-vitrines\" target=\"_blank\" rel=\"nofollow noopener\">les Vitrines de Strasbourg<\/a>.<\/p>\n<p>L\u2019\u00e9v\u00e9nement revient dans une forme plus classique, <a href=\"https:\/\/www.dna.fr\/economie\/2024\/06\/23\/pas-de-braderie-cette-annee-mais-un-grand-deballage-samedi-20-juillet\" target=\"_blank\" rel=\"nofollow noopener\">apr\u00e8s une \u00e9dition restreinte en 2024 en raison des Jeux olympiques<\/a>. Pr\u00e8s de 200 commer\u00e7ants non-s\u00e9dentaires et 150 s\u00e9dentaires \u00e9taleront leurs stands rue des Grandes-Arcades, du Vieux-March\u00e9-aux-Poissons, du Vieux-March\u00e9-aux-Vins, de la Haute-Mont\u00e9e ou encore Grand\u2019rue et rue des Tanneurs.<\/p>\n<p>  Deux brocantes de particuliers<\/p>\n<p>Cette ann\u00e9e, ce n\u2019est pas une, mais deux brocantes qui se tiendront le m\u00eame jour pour permettre aux particuliers de proposer des stands. L\u2019une aura lieu place Broglie, l\u2019autre place Saint-Thomas.<\/p>\n<p>Ce contenu est bloqu\u00e9 car vous n&rsquo;avez pas accept\u00e9 les cookies et autres traceurs.<\/p>\n<p>En cliquant sur \u00ab J\u2019accepte \u00bb, les cookies et autres traceurs seront d\u00e9pos\u00e9s et vous pourrez visualiser les contenus  (<a href=\"\" class=\"consentModule_policy\" target=\"_blank\" title=\"Consulter la politique de protection des donn\u00e9es du fournisseur\">plus d&rsquo;informations<\/a>).<\/p>\n<p>En cliquant sur \u00ab J\u2019accepte tous les cookies \u00bb, vous autorisez des d\u00e9p\u00f4ts de cookies et autres traceurs pour le stockage de vos donn\u00e9es sur nos sites et applications \u00e0 des fins de personnalisation et de ciblage publicitaire.<\/p>\n<p class=\"consentModule_secondaryText\">Vous gardez la possibilit\u00e9 de retirer votre consentement \u00e0 tout moment en consultant notre <a href=\"https:\/\/www.dna.fr\/protection-des-donnees\" target=\"_blank\" title=\"Consulter notre politique de protection des donn\u00e9es\" rel=\"nofollow noopener\">politique de protection des donn\u00e9es<\/a>. <br \/>&#13;<br \/>\n            <a href=\"https:\/\/www.dna.fr\/culture-loisirs\/2025\/07\/22\/javascript:Didomi.notice.show()\" class=\"consentModule_cmp\" rel=\"nofollow noopener\" target=\"_blank\">G\u00e9rer mes choix<\/a>&#13;\n        <\/p>\n<p>&#13;<br \/>\n                        J&rsquo;accepte&#13;<br \/>\n            J&rsquo;accepte tous les cookies&#13;\n        <\/p>\n<p>Autre nouveaut\u00e9\u00a0: la place Broglie et son parking resteront accessibles en voiture par la rue de la Nu\u00e9e Bleue \u00ab\u00a0afin de faciliter le trafic des livraisons ou encore des mariages\u00a0\u00bb, pr\u00e9cise Gwenn Bauer avant de conseiller aux participants d\u2019utiliser les parkings relais. Comme tous les samedis, ils sont gratuits sur pr\u00e9sentation d\u2019un justificatif d\u2019achat d\u2019au moins 20\u00a0\u20ac effectu\u00e9s dans la journ\u00e9e.<\/p>\n<p>C\u00f4t\u00e9 transports en commun, les stations \u00c9toile Bourse, Porte de l\u2019H\u00f4pital, Langstross Grand\u2019Rue et Homme de Fer ne seront pas desservies. Pour se rapprocher du centre-ville depuis la place de l\u2019\u00c9toile (toutes les 12\u00a0minutes), une navette sp\u00e9cifique sera mise en place et desservira les arr\u00eats de la ligne C8\u00a0: \u00c9toile Polygone, \u00c9toile Bourse, Porte de l\u2019H\u00f4pital et le terminus Pont Saint-Nicolas.<\/p>\n","protected":false},"excerpt":{"rendered":"De 7\u00a0h\u00a030 \u00e0 19\u00a0h, une agitation toute particuli\u00e8re va r\u00e9gner dans le centre-ville de Strasbourg avec le retour&hellip;\n","protected":false},"author":2,"featured_media":265419,"comment_status":"","ping_status":"","sticky":false,"template":"","format":"standard","meta":{"footnotes":""},"categories":[2820],"tags":[1111,11,4406,1687,33,2880,27337,1777,674,107,1011,27,775,2089,12,25,640,2879],"class_list":{"0":"post-265418","1":"post","2":"type-post","3":"status-publish","4":"format-standard","5":"has-post-thumbnail","7":"category-strasbourg","8":"tag-actu","9":"tag-actualites","10":"tag-commerce-et-services","11":"tag-culture-loisirs","12":"tag-economie","13":"tag-edition-strasbourg","14":"tag-estivales","15":"tag-eu","16":"tag-europe","17":"tag-fil-info","18":"tag-fr","19":"tag-france","20":"tag-grand-est","21":"tag-marche","22":"tag-news","23":"tag-republique-francaise","24":"tag-strasbourg","25":"tag-strasbourg-ville"},"share_on_mastodon":{"url":"https:\/\/pubeurope.com\/@fr\/114896559388279391","error":""},"_links":{"self":[{"href":"https:\/\/www.europesays.com\/fr\/wp-json\/wp\/v2\/posts\/265418","targetHints":{"allow":["GET"]}}],"collection":[{"href":"https:\/\/www.europesays.com\/fr\/wp-json\/wp\/v2\/posts"}],"about":[{"href":"https:\/\/www.europesays.com\/fr\/wp-json\/wp\/v2\/types\/post"}],"author":[{"embeddable":true,"href":"https:\/\/www.europesays.com\/fr\/wp-json\/wp\/v2\/users\/2"}],"replies":[{"embeddable":true,"href":"https:\/\/www.europesays.com\/fr\/wp-json\/wp\/v2\/comments?post=265418"}],"version-history":[{"count":0,"href":"https:\/\/www.europesays.com\/fr\/wp-json\/wp\/v2\/posts\/265418\/revisions"}],"wp:featuredmedia":[{"embeddable":true,"href":"https:\/\/www.europesays.com\/fr\/wp-json\/wp\/v2\/media\/265419"}],"wp:attachment":[{"href":"https:\/\/www.europesays.com\/fr\/wp-json\/wp\/v2\/media?parent=265418"}],"wp:term":[{"taxonomy":"category","embeddable":true,"href":"https:\/\/www.europesays.com\/fr\/wp-json\/wp\/v2\/categories?post=265418"},{"taxonomy":"post_tag","embeddable":true,"href":"https:\/\/www.europesays.com\/fr\/wp-json\/wp\/v2\/tags?post=265418"}],"curies":[{"name":"wp","href":"https:\/\/api.w.org\/{rel}","templated":true}]}}