{"id":265420,"date":"2025-07-22T11:06:22","date_gmt":"2025-07-22T11:06:22","guid":{"rendered":"https:\/\/www.europesays.com\/fr\/265420\/"},"modified":"2025-07-22T11:06:22","modified_gmt":"2025-07-22T11:06:22","slug":"les-premiers-narcotrafiquants-ont-ete-incarceres-a-la-prison-de-vendin-le-vieil-lun-des-detenus-vise-par-un-transferement-doit-etre-juge-en-appel-a-nice","status":"publish","type":"post","link":"https:\/\/www.europesays.com\/fr\/265420\/","title":{"rendered":"Les premiers narcotrafiquants ont \u00e9t\u00e9 incarc\u00e9r\u00e9s \u00e0 la prison de Vendin-le-Vieil, l&rsquo;un des d\u00e9tenus vis\u00e9 par un transf\u00e8rement doit \u00eatre jug\u00e9 en appel \u00e0 Nice"},"content":{"rendered":"<p>G\u00e9rald Darmanin avait promis une mise en service au 31 juillet. L&rsquo;annonce a \u00e9t\u00e9 respect\u00e9e. Selon le ministre la Justice, les\u00a0\u00ab\u00a017 premiers narcotrafiquants\u00a0\u00bb ont \u00e9t\u00e9 transf\u00e9r\u00e9 vers la prison de Vendin-le-Vieil, cet \u00e9tablissement de haute-s\u00e9curit\u00e9 destin\u00e9 \u00e0 accueillir une centaine de narcotrafiquants \u00ab\u00a0du haut du spectre\u00a0\u00bb.\u00a0<\/p>\n<p>Ce centre p\u00e9nitentiaire est le premier \u00e0 avoir \u00e9t\u00e9 choisi pour accueillir les narcotrafiquants \u00ab\u00a0les plus dangereux\u00a0\u00bb du pays. Un deuxi\u00e8me quartier de haute s\u00e9curit\u00e9 doit entrer en fonctions \u00e0 la mi-octobre \u00e0 la prison de Cond\u00e9-sur-Sarthe (Orne).\u00a0<strong>Le r\u00e9gime carc\u00e9ral d&rsquo;isolement y est inspir\u00e9 de la lutte anti-mafia en Italie.<\/strong><\/p>\n<p>Sur X, le ministre s&rsquo;explique: \u00ab\u00a0pour changer radicalement la lutte contre le narcotrafic, j\u2019annon\u00e7ais le 6 mars dernier la cr\u00e9ation de la premi\u00e8re prison de haute-s\u00e9curit\u00e9 \u00e0 Vendin-le-Vieil. Moins de 5 mois apr\u00e8s, gr\u00e2ce \u00e0 un travail acharn\u00e9 de tout le minist\u00e8re de la Justice, des valeureux agents p\u00e9nitentiaires, des magistrats et des forces de l\u2019ordre, les 17 premiers narcotrafiquants, parmi les plus dangereux de notre pays, viennent d\u2019y \u00eatre incarc\u00e9r\u00e9s apr\u00e8s un transfert dans des conditions de s\u00e9curit\u00e9 hors normes. Pour la s\u00e9curit\u00e9 des Fran\u00e7ais.\u00a0\u00bb<\/p>\n<p><strong>Des d\u00e9tenus contestent leur transf\u00e8rement\u00a0<\/strong><\/p>\n<p>Mais ces transf\u00e8rements ne se font pas sans \u00ab\u00a0heurts\u00a0\u00bb. En effet, plusieurs d\u00e9tenus ont contest\u00e9 leur transf\u00e8rement vers Vendin-le-Vieil, o\u00f9 doivent \u00eatre plac\u00e9s \u00e0 l&rsquo;isolement des narcotrafiquants jug\u00e9s dangereux.\u00a0<\/p>\n<p>\u00ab\u00a0On le conteste par principe\u00a0\u00bb, a expliqu\u00e9 \u00e0 l&rsquo;AFP May Sarah Vogelhut,<strong> avocate de Guy B., surnomm\u00e9<\/strong> <strong>\u00ab\u00a0Mareko Scarla\u00a0\u00bb<\/strong> et qui purge <strong>une peine de 25 ans de r\u00e9clusion criminelle dont il a fait appel.<\/strong><\/p>\n<p>Elle explique que son client, qui n&rsquo;est \u00e0 ce stade \u00ab\u00a0condamn\u00e9 d\u00e9finitivement \u00e0 rien\u00a0\u00bb, ne comprend pas <strong>pourquoi il a \u00e9t\u00e9 d\u00e9sign\u00e9 pour cette nouvelle prison ultra-s\u00e9curis\u00e9e<\/strong> et \u00ab\u00a0redoute beaucoup les parloirs avec un hygiaphone\u00a0\u00bb, une vitre s\u00e9parant le d\u00e9tenu de son visiteur.<\/p>\n<p>Un autre avocat, Philippe Ohayon, a \u00e9galement indiqu\u00e9 \u00e0 l&rsquo;AFP contester le transf\u00e8rement de son client, sans en r\u00e9v\u00e9ler l&rsquo;identit\u00e9. Quant \u00e0 Beno\u00eet David, avocat notamment de Mohamed Amra, dont l&rsquo;\u00e9vasion avait co\u00fbt\u00e9 la vie \u00e0 deux agents p\u00e9nitentiaires en mai 2024, il a expliqu\u00e9 que<a href=\"https:\/\/www.nicematin.com\/faits-divers\/le-narcotrafiquant-mohamed-amra-devrait-etre-transfere-dans-la-prison-de-haute-securite-de-vendin-le-vieil-994497\" rel=\"nofollow noopener\" target=\"_blank\"> son client ne lui avait pas dit s&rsquo;il souhaitait contester son transf\u00e8rement mais qu&rsquo;il le ferait pour cinq autres d\u00e9tenus.<\/a><\/p>\n<p>Samedi apr\u00e8s-midi, Guy B. et Me Vogelhut devaient pr\u00e9senter leurs observations \u00e0 la direction du centre p\u00e9nitentiaire de Beauvais, o\u00f9 le d\u00e9tenu est incarc\u00e9r\u00e9. Ces observations seront ensuite transmises \u00e0 la direction de l&rsquo;administration p\u00e9nitentiaire, mais cela n&rsquo;a rien d&rsquo;un \u00ab\u00a0d\u00e9bat contradictoire\u00a0\u00bb, d\u00e9plore l&rsquo;avocate. Pla\u00e7ant peu d&rsquo;espoir dans cette proc\u00e9dure, elle indique que son client entend ensuite saisir le tribunal administratif en r\u00e9f\u00e9r\u00e9 et sur le fond.<\/p>\n<p><strong>Guy B. sera jug\u00e9 en appel \u00e0 Nice\u00a0<\/strong><\/p>\n<p>En septembre 2023, Guy B. a \u00e9t\u00e9 condamn\u00e9 aux assises des mineurs d&rsquo;Aix-en-Provence \u00e0 25 ans de r\u00e9clusion criminelle pour s\u00e9questration accompagn\u00e9e d&rsquo;actes de barbarie en bande organis\u00e9e sur <strong>deux adolescents recrut\u00e9s pour travailler<\/strong> sur des points de deal. <strong>Le proc\u00e8s en appel s&rsquo;ouvrira fin septembre \u00e0 Nice<\/strong>, selon son avocate.<\/p>\n<p>Le jeune homme, \u00e2g\u00e9 aujourd&rsquo;hui d&rsquo;une vingtaine d&rsquo;ann\u00e9es, est mis en cause dans plusieurs autres proc\u00e9dures, <strong>soup\u00e7onn\u00e9 notamment d&rsquo;avoir planifi\u00e9 depuis sa cellule du centre p\u00e9nitentiaire d&rsquo;Aix-Luynes (Bouches-du-Rh\u00f4ne) l&rsquo;assassinat d&rsquo;Amine B., tu\u00e9 \u00e0 Garges-l\u00e8s-Gonesse en mars 2022.<\/strong><\/p>\n<p>Dans des \u00e9coutes, <strong>le jeune homme se vante de son appartenance au clan Yoda, au c\u0153ur d&rsquo;une guerre sanglante avec le r\u00e9seau de la DZ Mafia \u00e0 Marseille<\/strong>. Mais pour son avocate, il n&rsquo;y a encore \u00ab\u00a0pas de v\u00e9rit\u00e9 judiciaire\u00a0\u00bb le concernant et l&rsquo;administration p\u00e9nitentiaire \u00ab\u00a0fait absolument fi de la pr\u00e9somption d&rsquo;innocence\u00a0\u00bb.<\/p>\n<p>Me Ohayon, pointe, lui, des transf\u00e8rements organis\u00e9s \u00ab\u00a0en violation totale de la d\u00e9cision du Conseil constitutionnel\u00a0\u00bb, qui a valid\u00e9 avec des r\u00e9serves mi-juin la loi contre le narcotrafic cr\u00e9ant ces quartiers de haute s\u00e9curit\u00e9 dans les deux prisons.<\/p>\n<p>\u00ab\u00a0Le Conseil constitutionnel exige qu&rsquo;il soit \u00e9tabli des contacts depuis la prison entre le d\u00e9tenu et des r\u00e9seaux criminels, et l&rsquo;administration fait comme si cette d\u00e9cision n&rsquo;existait pas, en fondant ses d\u00e9cisions sur de vagues suppositions\u00a0\u00bb, d\u00e9nonce-t-il.<\/p>\n","protected":false},"excerpt":{"rendered":"G\u00e9rald Darmanin avait promis une mise en service au 31 juillet. L&rsquo;annonce a \u00e9t\u00e9 respect\u00e9e. Selon le ministre&hellip;\n","protected":false},"author":2,"featured_media":265421,"comment_status":"","ping_status":"","sticky":false,"template":"","format":"standard","meta":{"footnotes":""},"categories":[2819],"tags":[1111,11,1777,674,1011,27,303,12,2401,882,25],"class_list":{"0":"post-265420","1":"post","2":"type-post","3":"status-publish","4":"format-standard","5":"has-post-thumbnail","7":"category-nice","8":"tag-actu","9":"tag-actualites","10":"tag-eu","11":"tag-europe","12":"tag-fr","13":"tag-france","14":"tag-justice","15":"tag-news","16":"tag-nice","17":"tag-provence-alpes-cote-dazur","18":"tag-republique-francaise"},"share_on_mastodon":{"url":"https:\/\/pubeurope.com\/@fr\/114896567163418328","error":""},"_links":{"self":[{"href":"https:\/\/www.europesays.com\/fr\/wp-json\/wp\/v2\/posts\/265420","targetHints":{"allow":["GET"]}}],"collection":[{"href":"https:\/\/www.europesays.com\/fr\/wp-json\/wp\/v2\/posts"}],"about":[{"href":"https:\/\/www.europesays.com\/fr\/wp-json\/wp\/v2\/types\/post"}],"author":[{"embeddable":true,"href":"https:\/\/www.europesays.com\/fr\/wp-json\/wp\/v2\/users\/2"}],"replies":[{"embeddable":true,"href":"https:\/\/www.europesays.com\/fr\/wp-json\/wp\/v2\/comments?post=265420"}],"version-history":[{"count":0,"href":"https:\/\/www.europesays.com\/fr\/wp-json\/wp\/v2\/posts\/265420\/revisions"}],"wp:featuredmedia":[{"embeddable":true,"href":"https:\/\/www.europesays.com\/fr\/wp-json\/wp\/v2\/media\/265421"}],"wp:attachment":[{"href":"https:\/\/www.europesays.com\/fr\/wp-json\/wp\/v2\/media?parent=265420"}],"wp:term":[{"taxonomy":"category","embeddable":true,"href":"https:\/\/www.europesays.com\/fr\/wp-json\/wp\/v2\/categories?post=265420"},{"taxonomy":"post_tag","embeddable":true,"href":"https:\/\/www.europesays.com\/fr\/wp-json\/wp\/v2\/tags?post=265420"}],"curies":[{"name":"wp","href":"https:\/\/api.w.org\/{rel}","templated":true}]}}