{"id":265424,"date":"2025-07-22T11:09:14","date_gmt":"2025-07-22T11:09:14","guid":{"rendered":"https:\/\/www.europesays.com\/fr\/265424\/"},"modified":"2025-07-22T11:09:14","modified_gmt":"2025-07-22T11:09:14","slug":"un-jeune-de-18-ans-mis-en-examen-apres-avoir-agresse-8-hommes-dans-un-parc","status":"publish","type":"post","link":"https:\/\/www.europesays.com\/fr\/265424\/","title":{"rendered":"un jeune de 18 ans mis en examen apr\u00e8s avoir agress\u00e9 8 hommes dans un parc"},"content":{"rendered":"<p>Une information judiciaire a \u00e9t\u00e9 ouverte pour \u00e9lucider une s\u00e9rie d\u2019agressions \u00e0 caract\u00e8re potentiellement homophobe. Les faits se sont d\u00e9roul\u00e9s entre juin et juillet, dans un lieu public pris\u00e9 de la communaut\u00e9 gay.<\/p>\n<p class=\"fig-paragraph\">Le suspect s\u00e9vissait dans le parc depuis d\u00e9but juin. Un jeune homme de 18 ans a \u00e9t\u00e9 interpell\u00e9 en flagrant d\u00e9lit par la BAC dans le parc de Beaulieu,\u00a0<a href=\"https:\/\/www.lefigaro.fr\/nantes\" target=\"_blank\" data-fig-type=\"Section\" rel=\"noopener\" data-gtm-custom-categorie=\"navigation\" data-gtm-custom-action=\"crossclick\" data-gtm-custom-label=\"Contextuel\" data-gtm-event=\"customEventSPE\" data-fig-domain=\"LEFIGARO\">\u00e0 Nantes<\/a>\u00a0(Loire-Atlantique), le samedi 19 juillet, alors qu\u2019il venait d\u2019agresser un homme. Il a \u00e9t\u00e9 d\u00e9ferr\u00e9 et mis en examen lundi, dans le cadre d\u2019une information judiciaire ouverte pour des faits de \u00ab<a href=\"http:\/\/www.lefigaro.fr\/actualite-france\/cambriolages-violences-vols-avec-armes-la-delinquance-2024-en-france-ville-par-ville-20250327\" target=\"_blank\" data-fig-type=\"Article\" rel=\"noopener\" data-gtm-custom-categorie=\"navigation\" data-gtm-custom-action=\"crossclick\" data-gtm-custom-label=\"Contextuel\" data-gtm-event=\"customEventSPE\" data-fig-domain=\"LEFIGARO\">vols avec violences<\/a>\u00bb et \u00abviolences commises en raison de l\u2019orientation sexuelle\u00bb, apr\u00e8s le d\u00e9p\u00f4t de huit plaintes, indique la police nantaise. D\u2019autres victimes \u00e9ventuelles sont recherch\u00e9es par les enqu\u00eateurs.<\/p>\n<p class=\"fig-paragraph\">R\u00e9cemment plac\u00e9 sous surveillance, le site naturel, situ\u00e9 \u00e0 l\u2019extr\u00e9mit\u00e9 orientale de l\u2019\u00eele de Nantes, \u00e9tait devenu depuis quelques semaines le th\u00e9\u00e2tre d\u2019une s\u00e9rie d\u2019agressions. Ces attaques, caract\u00e9ris\u00e9es notamment par des coups et des strangulations, pouvant aller jusqu\u2019\u00e0 la perte de connaissance, ainsi que par quelques vols d\u2019effets personnels &#8211; argent, t\u00e9l\u00e9phone -, visaient exclusivement des hommes. Les enqu\u00eateurs suspectent un mobile homophobe \u00e0 ces agressions, le parc de Beaulieu \u00e9tant notamment connu pour \u00eatre un site de rencontres pris\u00e9\u00a0<a href=\"http:\/\/www.lefigaro.fr\/vox\/societe\/marche-des-fiertes-peut-on-encore-etre-homosexuel-sans-etre-de-gauche-20250630\" target=\"_blank\" data-fig-type=\"NewsFlash\" rel=\"noopener\" data-gtm-custom-categorie=\"navigation\" data-gtm-custom-action=\"crossclick\" data-gtm-custom-label=\"Contextuel\" data-gtm-event=\"customEventSPE\" data-fig-domain=\"LEFIGARO\">de la communaut\u00e9 gay<\/a>.<\/p>\n<p>                                    <a class=\"fig-a11y-skip a11y-hidden\" href=\"#fig-a11y-skip-main-inarticle\"><br \/>\n        Passer la publicit\u00e9<br \/>\n    <\/a><\/p>\n<p>Pratiquer de la boxe<\/p>\n<p class=\"fig-paragraph\">Plac\u00e9 en d\u00e9tention provisoire, le mis en cause a \u00e9t\u00e9 formellement reconnu par chacune des huit victimes connues \u00e0 ce jour, \u00e2g\u00e9es de 33 \u00e0 62 ans. Au cours de son audition, le jeune homme a indiqu\u00e9 se rendre r\u00e9guli\u00e8rement dans le parc pour y pratiquer de la boxe. Selon sa version des faits, le premier incident aurait \u00e9t\u00e9 provoqu\u00e9 par un homme qui lui proposait avec insistance une relation sexuelle, quand bien m\u00eame le suspect avait cherch\u00e9 \u00e0 le repousser en pr\u00e9tendant \u00eatre mineur. Le jeune homme affirme avoir alors cherch\u00e9 \u00e0 se d\u00e9fendre contre \u00able p\u00e9dophile\u00bb. Il assure avoir \u00e9t\u00e9 accost\u00e9 de la m\u00eame mani\u00e8re lors des faits suivants.<\/p>\n<p class=\"fig-paragraph\">Le t\u00e9moignage de l\u2019une des victimes, rapport\u00e9 par le quotidien\u00a0<a href=\"https:\/\/www.ouest-france.fr\/societe\/faits-divers\/jai-senti-des-mains-autour-de-mon-cou-agresse-dans-un-lieu-de-drague-gay-a-nantes-il-raconte-3d782854-6652-11f0-8d96-1f3c0ceaabc2\" target=\"_blank\" rel=\"noopener\" data-gtm-custom-categorie=\"navigation\" data-gtm-custom-action=\"crossclick\" data-gtm-custom-label=\"Contextuel\" data-gtm-event=\"customEventSPE\">Ouest France<\/a>, dresse cependant un tout autre tableau de la situation. \u00c2g\u00e9 de 52 ans, l\u2019homme agress\u00e9 d\u00e9but juin indique avoir \u00e9t\u00e9 accost\u00e9 par le jeune homme, d\u00e9crit comme \u00abun charmant gar\u00e7on\u00bb, avant d\u2019avoir \u00e9t\u00e9 \u00e9trangl\u00e9 par surprise puis rou\u00e9 de coups, une fois tomb\u00e9 \u00e0 terre. Tomb\u00e9 dans un coma, il ne se r\u00e9veille que cinq heures plus tard. Aux urgences, il se voit prescrire cinq jours d\u2019ITT. \u00abIl \u00e9tait l\u00e0 pour nous, pour \u201ccasser du p\u00e9d\u00e9\u201d\u00bb, assure-t-il \u00e0 nos confr\u00e8res.<\/p>\n","protected":false},"excerpt":{"rendered":"Une information judiciaire a \u00e9t\u00e9 ouverte pour \u00e9lucider une s\u00e9rie d\u2019agressions \u00e0 caract\u00e8re potentiellement homophobe. Les faits se&hellip;\n","protected":false},"author":2,"featured_media":265425,"comment_status":"","ping_status":"","sticky":false,"template":"","format":"standard","meta":{"footnotes":""},"categories":[2818],"tags":[1111,11,11211,1777,674,1011,27,8717,766,12,2636,25],"class_list":{"0":"post-265424","1":"post","2":"type-post","3":"status-publish","4":"format-standard","5":"has-post-thumbnail","7":"category-nantes","8":"tag-actu","9":"tag-actualites","10":"tag-agressions","11":"tag-eu","12":"tag-europe","13":"tag-fr","14":"tag-france","15":"tag-homophobie","16":"tag-nantes","17":"tag-news","18":"tag-pays-de-la-loire","19":"tag-republique-francaise"},"share_on_mastodon":{"url":"https:\/\/pubeurope.com\/@fr\/114896579081471050","error":""},"_links":{"self":[{"href":"https:\/\/www.europesays.com\/fr\/wp-json\/wp\/v2\/posts\/265424","targetHints":{"allow":["GET"]}}],"collection":[{"href":"https:\/\/www.europesays.com\/fr\/wp-json\/wp\/v2\/posts"}],"about":[{"href":"https:\/\/www.europesays.com\/fr\/wp-json\/wp\/v2\/types\/post"}],"author":[{"embeddable":true,"href":"https:\/\/www.europesays.com\/fr\/wp-json\/wp\/v2\/users\/2"}],"replies":[{"embeddable":true,"href":"https:\/\/www.europesays.com\/fr\/wp-json\/wp\/v2\/comments?post=265424"}],"version-history":[{"count":0,"href":"https:\/\/www.europesays.com\/fr\/wp-json\/wp\/v2\/posts\/265424\/revisions"}],"wp:featuredmedia":[{"embeddable":true,"href":"https:\/\/www.europesays.com\/fr\/wp-json\/wp\/v2\/media\/265425"}],"wp:attachment":[{"href":"https:\/\/www.europesays.com\/fr\/wp-json\/wp\/v2\/media?parent=265424"}],"wp:term":[{"taxonomy":"category","embeddable":true,"href":"https:\/\/www.europesays.com\/fr\/wp-json\/wp\/v2\/categories?post=265424"},{"taxonomy":"post_tag","embeddable":true,"href":"https:\/\/www.europesays.com\/fr\/wp-json\/wp\/v2\/tags?post=265424"}],"curies":[{"name":"wp","href":"https:\/\/api.w.org\/{rel}","templated":true}]}}