{"id":265436,"date":"2025-07-22T11:18:12","date_gmt":"2025-07-22T11:18:12","guid":{"rendered":"https:\/\/www.europesays.com\/fr\/265436\/"},"modified":"2025-07-22T11:18:12","modified_gmt":"2025-07-22T11:18:12","slug":"voici-comment-le-petrouchka-a-traverse-le-temps","status":"publish","type":"post","link":"https:\/\/www.europesays.com\/fr\/265436\/","title":{"rendered":"voici comment le Petrouchka a travers\u00e9 le temps"},"content":{"rendered":"<p>            Par<br \/>\n        <strong><br \/>\n            <a href=\"https:\/\/actu.fr\/auteur\/redaction-lille\" title=\"Consulter tous les articles de R\u00e9daction Lille\" target=\"_blank\" rel=\"noopener\">R\u00e9daction Lille<\/a><br \/>\n        <\/strong><\/p>\n<p>        Publi\u00e9 le<\/p>\n<p>            22 juil. 2025 \u00e0 13h00        <\/p>\n<p><b>Cuisine traditionnelle du Nord<\/b>, <b>spectacles<\/b> d\u2019humour, d\u00e9co fa\u00e7on <b>cabaret<\/b>\u2026 Bienvenue au <b>Petrouchka<\/b>, un <b>restaurant-spectacle<\/b> qui a f\u00eat\u00e9 ses 50 ans. Situ\u00e9 <b>rue Royale<\/b> dans le <b>Vieux-Lille<\/b>, il a bien des histoires \u00e0 raconter, en patois lillois !<\/p>\n<p>Des spectacles d\u2019hier et d\u2019aujourd\u2019hui<\/p>\n<p class=\" wall-content\">Youssef a commenc\u00e9 \u00e0 travailler au Petrouchka il y a plus de 25 ans, aupr\u00e8s de <b>Jean-Marie Denis, son cr\u00e9ateur<\/b>. \u00ab\u00a0Je suis rest\u00e9 parce que l\u2019ambiance, le th\u00e9\u00e2tre, et tout ce qui suit avec, \u00e7a m\u2019a plu. Je suis rest\u00e9 tellement d\u2019ann\u00e9es que je ne les comptais plus\u00a0\u00bb, nous raconte Youssef.<\/p>\n<p>    <img   decoding=\"async\" loading=\"lazy\" class=\"size-large\" src=\"https:\/\/www.europesays.com\/fr\/wp-content\/uploads\/2025\/07\/6cc2262a6f78670d2262a6f7854d22v-960x640.jpg\" alt=\"Le Petrouchka, restaurant qui propose des d\u00eeners spectacles en patois, existe depuis plus de 50 ans !\" width=\"960\" height=\"640\"\/><br \/>\n    Le Petrouchka, restaurant qui propose des d\u00eeners spectacles en patois, existe depuis plus de 50 ans ! \u00a9Lina Melhem<\/p>\n<p class=\" wall-content\">C\u2019est il y a 9 ans qu\u2019il a rachet\u00e9 les lieux, et commenc\u00e9 \u00e0 <b>moderniser le concept<\/b>. Le principe reste le m\u00eame : <b>cuisine traditionnelle du Nord, spectacles mettant en sc\u00e8ne l\u2019humour tranchant des Lillois<\/b>, le tout dans un cadre hors du commun rappelant les <b>premiers cabarets<\/b> : rideaux rouges, mobilier d\u2019\u00e9poque et lumi\u00e8re tamis\u00e9e.<\/p>\n<p class=\" wall-content\">Youssef a n\u00e9anmoins am\u00e9lior\u00e9 et <b>modernis\u00e9 les spectacles<\/b> du Petrouchka, pour les rendre <b>plus accessibles aux nouvelles g\u00e9n\u00e9rations<\/b> : \u00ab\u00a0Les jeunes ne parlent plus le patois comme avant. \u00c7a parle surtout \u00e0 nos parents et grands-parents. On a donc ajout\u00e9 des petites choses, des sketches plus personnels, et on a commenc\u00e9 \u00e0 r\u00e9cup\u00e9rer un peu plus de jeunes\u00a0\u00bb.<\/p>\n<p class=\" wall-content\">Ainsi, en plus du <b>fameux spectacle Alphonse et Zulma<\/b>, sc\u00e8nes de m\u00e9nages d\u2019un couple embl\u00e9matique du folklore lillois, le Petrouchka a commenc\u00e9 \u00e0 voir sa sc\u00e8ne investie de <b>magiciens<\/b>, de <b>one-man shows<\/b>, et il y a deux ans, de <b>transformistes<\/b>. \u00ab\u00a0Une fois par mois, j\u2019ai une troupe de transformistes qui viennent faire leur show. C\u2019est super, et \u00e7a pla\u00eet, donc j\u2019ai gard\u00e9 ce spectacle, avec celui d\u2019Alphonse et Zulma.\u00a0\u00bb<\/p>\n<p>    <a href=\"https:\/\/www.facebook.com\/plugins\/post.php?href=https%3A%2F%2Fwww.facebook.com%2Fphoto%2F%3Ffbid%3D1973341482968621%26set%3Da.1973341449635291&amp;show_text=true&amp;width=350\" title=\"Ouvrie le lien\" target=\"_blank\" rel=\"noopener\">Cliquez ici pour visualiser le contenu<\/a><\/p>\n<p>\u00ab\u00a0On est l\u00e0 pour donner aux gens un moment de bonheur. Ils sont contents quand ils sortent de l\u00e0\u00a0\u00bb<\/p>\n<p class=\" wall-content\">Youssef d\u00e9plore les difficult\u00e9s li\u00e9es \u00e0 la COVID-19, qui ont pouss\u00e9 le restaurant \u00e0 fermer ses portes durant deux ans. \u00ab\u00a0Pour remonter la pente, c\u2019\u00e9tait difficile.\u00a0\u00bb Depuis, le g\u00e9rant a commenc\u00e9 \u00e0 <b>proposer ses spectacles \u00e0 l\u2019ext\u00e9rieur, dans les th\u00e9\u00e2tres de la r\u00e9gion<\/b>. \u00ab\u00a0Cette ann\u00e9e, on en a fait un par mois. Mais \u00e7a devient difficile, parce que le budget r\u00e9tr\u00e9cit.\u00a0\u00bb Mais Youssef ne l\u00e2che pas l\u2019affaire, il se battra pour son cabaret.<\/p>\n<p class=\" wall-content\">\u00ab\u00a0On est l\u00e0 pour donner aux gens un moment de bonheur. Ils sont contents quand ils sortent de l\u00e0. Ils restent 3h30 entre le repas et le spectacle, et ils sont heureux.\u00a0\u00bb<\/p>\n<p>    <a href=\"https:\/\/www.facebook.com\/plugins\/post.php?href=https%3A%2F%2Fwww.facebook.com%2Flepetrouchka%2Fposts%2Fpfbid0358mYirkDiLjpKyr7maJKHgtA1SJ7KTerma7UN9HLjzSboUypTSwxQ3DvFE57c9uwl&amp;show_text=true&amp;width=350\" title=\"Ouvrie le lien\" target=\"_blank\" rel=\"noopener\">Cliquez ici pour visualiser le contenu<\/a><\/p>\n<p class=\" wall-content\">Si le patois a tendance \u00e0 se perdre \u00e0 Lille, c\u2019est moins le cas dans d\u2019autres communes du Nord. C\u2019est donc un plaisir, pour la client\u00e8le du Petrouchka, de venir pour <b>retrouver cet accent<\/b>. \u00ab\u00a0Quand le film Bienvenue chez les Ch\u2019tis\u00a0est sorti, on a r\u00e9cup\u00e9r\u00e9 beaucoup de curieux. <b>J\u2019ai vu des Marseillais venir sur une journ\u00e9e \u00e0 Lille, juste pour manger ici<\/b>. C\u2019est le truc le plus dingue qu\u2019on ait fait.\u00a0\u00bb Et pas d\u2019inqui\u00e9tude, si vous craignez de ne pas comprendre le patois lillois, <b>le spectacle est con\u00e7u pour \u00eatre accessible \u00e0 toutes et tous<\/b>\u00a0!<\/p>\n<p>Le cabaret : un concept qui p\u00e9riclite, mais pas au Petrouchka<\/p>\n<p class=\" wall-content\">En France, le concept du cabaret tend \u00e0 se perdre. Depuis les ann\u00e9es 1970, \u00e2ge d\u2019or des cabarets, certaines r\u00e9gions, comme Paris, voient leur nombre diminuer. Ce sont ceux, comme le Petrouchka, qui parviennent \u00e0 <b>s\u2019adapter aux nouvelles g\u00e9n\u00e9rations<\/b>, qui persistent dans le temps. \u00ab\u00a0Les jeunes ne suivent plus cette mode, donc on essaye de s\u2019adapter, pour ramener des jeunes. Les gens sont souvent press\u00e9s aujourd\u2019hui, ils restent sur leurs t\u00e9l\u00e9phones, et n\u2019arrivent pas \u00e0 s\u2019asseoir plus d\u2019une heure pour un spectacle. Mais <b>si on arrive \u00e0 les attirer pendant les 3h de spectacle, on sent qu\u2019\u00e0 la fin, ils sont contents<\/b>.\u00a0\u00bb<\/p>\n<p class=\" wall-content\">Si la plupart des cabarets semblent r\u00e9serv\u00e9s \u00e0 une tranche favoris\u00e9e de la population, avec des soirs \u00e0 une centaine d\u2019euros par personne, le g\u00e9rant du Petrouchka essaye de <b>r\u00e9duire au maximum ses tarifs<\/b>. \u00ab\u00a0Pour un cabaret classique, hors Paris, c\u2019est 80 euros. Chez moi, on est \u00e0 peu pr\u00e8s \u00e0 <b>une cinquantaine d\u2019euros<\/b>. Je n\u2019avais pas envie d\u2019augmenter mes tarifs, m\u00eame s\u2019il faut payer la troupe et le restaurant. <b>Si j\u2019augmente mes prix, les gens ne viennent plus<\/b>, et \u00e7a devient compliqu\u00e9.\u00a0\u00bb<\/p>\n<p>Les projets du Petrouchka pour la rentr\u00e9e prochaine<\/p>\n<p class=\" wall-content\"><b>Le Petrouchka fait aujourd\u2019hui partie du patrimoine lillois<\/b>, et a \u00e0 c\u0153ur \u00e0 pr\u00e9server la culture de la ville, ainsi que celle du cabaret. Malgr\u00e9 cela, il ne cesse de se renouveler. \u00ab\u00a0Ce que j\u2019aimerais bien, c\u2019est travailler davantage sur les r\u00e9seaux sociaux. Je vais me mettre \u00e0 fond pour trouver quelqu\u2019un qui s\u2019occupera de \u00e7a.\u00a0\u00bb<\/p>\n<p>    <img   decoding=\"async\" loading=\"lazy\" class=\"size-large\" src=\"https:\/\/www.europesays.com\/fr\/wp-content\/uploads\/2025\/07\/4f79262a6f7865389262a6f7837892v-960x640.jpg\" alt=\"Une d\u00e9co d'\u00e9poque fa\u00e7on cabaret.\" width=\"960\" height=\"640\"\/><br \/>\n    Une d\u00e9co d\u2019\u00e9poque fa\u00e7on cabaret. \u00a9Lina Melhem<\/p>\n<p class=\" wall-content\">Youssef a aussi commenc\u00e9, r\u00e9cemment, \u00e0 <b>ouvrir sa sc\u00e8ne aux troupes b\u00e9n\u00e9voles ou amateures<\/b>. \u00ab\u00a0Il y a trois mois, j\u2019ai commenc\u00e9 \u00e0 travailler avec une association, les Mardis d\u2019ailleurs, qui vient tous les mardis faire une sc\u00e8ne ouverte. J\u2019ai d\u00e9couvert \u00e7a et j\u2019\u00e9tais super heureux, parce que tout le monde peut le faire. \u00c7a cartonne !\u00a0\u00bb<\/p>\n<p class=\" wall-content\">\u00c0 la rentr\u00e9e prochaine, <b>le g\u00e9rant du Petrouchka aimerait accueillir d\u2019autres sc\u00e8nes ouvertes<\/b>, tous les mardis, pour que les d\u00e9butants, les plus timides, les plus jeunes, ou les moins jeunes, puissent exposer leur talent sur la sc\u00e8ne du cabaret. \u00c7a donne envie !<\/p>\n<p class=\" wall-content\">Retrouvez donc le Petrouchka au <b>67 rue Royale \u00e0 Lille<\/b>. S\u2019il est ferm\u00e9 pour l\u2019\u00e9t\u00e9, <a href=\"https:\/\/lepetrouchka.com\/\" target=\"_blank\" rel=\"noopener\">r\u00e9servez d\u2019ores et d\u00e9j\u00e0<\/a> pour profiter de ses spectacles embl\u00e9matiques et de sa cuisine traditionnelle, d\u00e8s le mois de septembre.<\/p>\n<p class=\" wall-content\"><b>Lina Melhem<\/b><\/p>\n<p class=\" wall-content\">Suivez toute l\u2019actualit\u00e9 de vos villes et m\u00e9dias favoris en vous inscrivant \u00e0 <a href=\"https:\/\/moncompte.actu.fr\" title=\"D\u00e9couvez Mon Actu\" rel=\"nofollow noopener\" data-trk=\"{&quot;cta&quot;:{&quot;action&quot;:&quot;https:\\\/\\\/moncompte.actu.fr&quot;,&quot;category&quot;:&quot;mon compte&quot;,&quot;from&quot;:&quot;article footer&quot;,&quot;name&quot;:&quot;Mon actu&quot;,&quot;type&quot;:&quot;cta&quot;}}\" target=\"_blank\">Mon Actu<\/a>.<\/p>\n","protected":false},"excerpt":{"rendered":"Par R\u00e9daction Lille Publi\u00e9 le 22 juil. 2025 \u00e0 13h00 Cuisine traditionnelle du Nord, spectacles d\u2019humour, d\u00e9co fa\u00e7on&hellip;\n","protected":false},"author":2,"featured_media":265437,"comment_status":"","ping_status":"","sticky":false,"template":"","format":"standard","meta":{"footnotes":""},"categories":[2815],"tags":[1111,11,1777,674,1011,27,811,1307,1652,12,2551,25,1340,853],"class_list":{"0":"post-265436","1":"post","2":"type-post","3":"status-publish","4":"format-standard","5":"has-post-thumbnail","7":"category-lille","8":"tag-actu","9":"tag-actualites","10":"tag-eu","11":"tag-europe","12":"tag-fr","13":"tag-france","14":"tag-hauts-de-france","15":"tag-lille","16":"tag-loisirs-culture","17":"tag-news","18":"tag-patrimoine","19":"tag-republique-francaise","20":"tag-restaurant","21":"tag-spectacles"},"share_on_mastodon":{"url":"https:\/\/pubeurope.com\/@fr\/114896614440174856","error":""},"_links":{"self":[{"href":"https:\/\/www.europesays.com\/fr\/wp-json\/wp\/v2\/posts\/265436","targetHints":{"allow":["GET"]}}],"collection":[{"href":"https:\/\/www.europesays.com\/fr\/wp-json\/wp\/v2\/posts"}],"about":[{"href":"https:\/\/www.europesays.com\/fr\/wp-json\/wp\/v2\/types\/post"}],"author":[{"embeddable":true,"href":"https:\/\/www.europesays.com\/fr\/wp-json\/wp\/v2\/users\/2"}],"replies":[{"embeddable":true,"href":"https:\/\/www.europesays.com\/fr\/wp-json\/wp\/v2\/comments?post=265436"}],"version-history":[{"count":0,"href":"https:\/\/www.europesays.com\/fr\/wp-json\/wp\/v2\/posts\/265436\/revisions"}],"wp:featuredmedia":[{"embeddable":true,"href":"https:\/\/www.europesays.com\/fr\/wp-json\/wp\/v2\/media\/265437"}],"wp:attachment":[{"href":"https:\/\/www.europesays.com\/fr\/wp-json\/wp\/v2\/media?parent=265436"}],"wp:term":[{"taxonomy":"category","embeddable":true,"href":"https:\/\/www.europesays.com\/fr\/wp-json\/wp\/v2\/categories?post=265436"},{"taxonomy":"post_tag","embeddable":true,"href":"https:\/\/www.europesays.com\/fr\/wp-json\/wp\/v2\/tags?post=265436"}],"curies":[{"name":"wp","href":"https:\/\/api.w.org\/{rel}","templated":true}]}}