{"id":265440,"date":"2025-07-22T11:20:15","date_gmt":"2025-07-22T11:20:15","guid":{"rendered":"https:\/\/www.europesays.com\/fr\/265440\/"},"modified":"2025-07-22T11:20:15","modified_gmt":"2025-07-22T11:20:15","slug":"marseille-un-incendie-se-declare-dans-un-restaurant-pres-du-vieux-port-le-secteur-a-eviter","status":"publish","type":"post","link":"https:\/\/www.europesays.com\/fr\/265440\/","title":{"rendered":"Marseille. Un incendie se d\u00e9clare dans un restaurant pr\u00e8s du Vieux-Port, le secteur \u00e0 \u00e9viter"},"content":{"rendered":"<p>            Par<br \/>\n        <strong><br \/>\n            <a href=\"https:\/\/actu.fr\/auteur\/thibault-nadal-actu-fr\" title=\"Consulter tous les articles de Thibault Nadal\" rel=\"nofollow noopener\" target=\"_blank\">Thibault Nadal<\/a><br \/>\n        <\/strong><\/p>\n<p>        Publi\u00e9 le<\/p>\n<p>            22 juil. 2025 \u00e0 12h16        <\/p>\n<p>Le secteur est \u00e0 \u00e9viter. En fin de matin\u00e9e ce mardi 22\u00a0juillet 2025, un <a href=\"https:\/\/actu.fr\/tag\/incendie\" rel=\"nofollow noopener\" target=\"_blank\">incendie<\/a> s\u2019est d\u00e9clar\u00e9 dans un restaurant situ\u00e9 au <strong>8 rue de la R\u00e9publique<\/strong> (<a href=\"https:\/\/actu.fr\/marseille\/\" rel=\"nofollow noopener\" target=\"_blank\">Marseille<\/a>, 1er) \u00e0 deux pas du <a href=\"https:\/\/actu.fr\/tag\/vieux-port\" rel=\"nofollow noopener\" target=\"_blank\">Vieux-Port<\/a>, apprend actu Marseille aupr\u00e8s des <a href=\"https:\/\/actu.fr\/tag\/marin-pompier\" rel=\"nofollow noopener\" target=\"_blank\">marins-pompiers<\/a>.<\/p>\n<p>    <a href=\"https:\/\/www.google.com\/maps\/embed?pb=!1m18!1m12!1m3!1d256.6653698571256!2d5.374059637040749!3d43.29673139837995!2m3!1f0!2f0!3f0!3m2!1i1024!2i768!4f13.1!3m3!1m2!1s0x12c9c1235abb91cb%3A0xe04caee0bc19006!2sPitaya%20Tha%C3%AF%20Street%20Food!5e0!3m2!1sfr!2sfr!4v1753178467412!5m2!1sfr!2sfr\" title=\"Ouvrie le lien\" rel=\"nofollow noopener\" target=\"_blank\">Cliquez ici pour visualiser le contenu<\/a><\/p>\n<p>Un restaurant Pitaya touch\u00e9, deux employ\u00e9s ont \u00e9chapp\u00e9 au pire<\/p>\n<p class=\" wall-content\">Les secours indiquent \u00eatre intervenus peu apr\u00e8s 11h30 pour <strong>un feu dans un restaurant situ\u00e9 au rez-de-chauss\u00e9e d\u2019un immeuble de six \u00e9tages<\/strong>. Selon notre journaliste pr\u00e9sent sur place, c\u2019est l\u2019\u00e9tablissement Pitaya qui est touch\u00e9 par ce sinistre.<\/p>\n<p class=\" wall-content\">Deux employ\u00e9s qui se trouvaient sur place ont r\u00e9ussi \u00e0 sortir indemnes de cet incendie. <strong>Aucun bless\u00e9<\/strong> n\u2019est \u00e0 d\u00e9plorer selon les marins-pompiers.<\/p>\n<p class=\" wall-content\">Sur place, 25 marins-pompiers et sept engins sont mobilis\u00e9s pour venir \u00e0 bout du feu qui est proche d\u2019\u00eatre ma\u00eetris\u00e9, m\u00eame si de la fum\u00e9e s\u2019\u00e9chappent encore des lieux.<\/p>\n<p>Vid\u00e9os : en ce moment sur Actu<br \/>\n    <img   decoding=\"async\" loading=\"lazy\" src=\"https:\/\/www.europesays.com\/fr\/wp-content\/uploads\/2025\/07\/whatsapp-image-2025-07-22-at-120043-960x640.jpeg\" alt=\"Le secteur est boucl\u00e9 pour permettre aux secours d'intervenir.\" width=\"960\" height=\"640\"\/><br \/>\n    Le secteur est boucl\u00e9 pour permettre aux secours d\u2019intervenir. (\u00a9Thomas Blanc \/ actu Marseille)La circulation de plusieurs bus perturb\u00e9s<\/p>\n<p class=\" wall-content\">Sur X, la police municipale demande \u00ab\u2009d\u2019\u00e9viter le secteur pour le bon travail des services d\u2019urgences\u2009\u00bb.<\/p>\n<p class=\" wall-content\">\n<p class=\" wall-content\">Ce feu situ\u00e9 dans le centre-ville perturbe \u00e9galement le r\u00e9seau <a href=\"https:\/\/actu.fr\/tag\/rtm\" rel=\"nofollow noopener\" target=\"_blank\">RTM<\/a>.<\/p>\n<p class=\" wall-content\">\n<p class=\" wall-content\">Plusieurs lignes sont ainsi perturb\u00e9es, voici le d\u00e9tail\u2009:<\/p>\n<ul class=\" wall-content\">\n<li><strong>Bus 49<\/strong>\u2009: cinq arr\u00eats non desservis en direction de Vauban\u2009: Place de Lenche, Caisserie Beauregard, Place Bargemon, Bonneterie et Vieux-Port. Six arr\u00eats non desservis en direction de R\u00e9form\u00e9s Canebi\u00e8re\u2009: Bonneterie, Place Bargemon, Caisserie Beauregard, Place de Lenche, Eglise St Laurent et Tourette Cath\u00e9drale. Des services de navettes sont mis en place entre R\u00e9form\u00e9s Canebi\u00e8re \/ Mucem St Jean et entre Vieux Port Ballard \/ Vauban.<\/li>\n<li><strong>Bus 55 et 60<\/strong>\u2009: dix arr\u00eats non desservis\u2009: Joliette, Mucem St Jean, M\u00e9tro Joliette, R\u00e9publique Dames, Capitainerie, Sadi Carnot, Quai du Port, Bonneterie, H\u00f4tel de Ville et Vieux-Port. Le terminus est d\u00e9plac\u00e9 \u00e0 Vieux-Port Ballard.<\/li>\n<li>Bus 82 et 82S\u2009: 12 arr\u00eats non desservis en direction de Arenc Eurom\u00e9diterran\u00e9e, Gare St Charles\u2009: Pharo Catalans, Catalans, Lyc\u00e9e Colbert, Place du 4\u00a0Septembre, Le Pharo, Fort St Nicolas, Th\u00e9\u00e2tre La Cri\u00e9e, Place aux Huiles, Vieux-Port, H\u00f4tel de Ville, Quai du Port et Capitainerie. Neuf arr\u00eats non desservis en direction de Pharo Catalans\u2009: Capitainerie, Quai du Port, H\u00f4tel de Ville, Vieux-Port, Place aux Huiles, Th\u00e9\u00e2tre La Cri\u00e9e, Fort St Nicolas, Le Pharo et Pharo Catalans. Le terminus est d\u00e9plac\u00e9 \u00e0 Mucem St-Jean.<\/li>\n<li>Bus 83\u2009: cinq arr\u00eats non desservis\u2009: Mucem St Jean, Capitainerie, Quai du Port, H\u00f4tel de Ville et Vieux-Port. Le terminus est d\u00e9plac\u00e9 \u00e0 Vieux-Port Ballard.<\/li>\n<\/ul>\n<p class=\" wall-content\">Suivez toute l\u2019actualit\u00e9 de vos villes et m\u00e9dias favoris en vous inscrivant \u00e0 <a href=\"https:\/\/moncompte.actu.fr\" title=\"D\u00e9couvez Mon Actu\" rel=\"nofollow noopener\" data-trk=\"{&quot;cta&quot;:{&quot;action&quot;:&quot;https:\\\/\\\/moncompte.actu.fr&quot;,&quot;category&quot;:&quot;mon compte&quot;,&quot;from&quot;:&quot;article footer&quot;,&quot;name&quot;:&quot;Mon actu&quot;,&quot;type&quot;:&quot;cta&quot;}}\" target=\"_blank\">Mon Actu<\/a>.<\/p>\n","protected":false},"excerpt":{"rendered":"Par Thibault Nadal Publi\u00e9 le 22 juil. 2025 \u00e0 12h16 Le secteur est \u00e0 \u00e9viter. En fin de&hellip;\n","protected":false},"author":2,"featured_media":265441,"comment_status":"","ping_status":"","sticky":false,"template":"","format":"standard","meta":{"footnotes":""},"categories":[2814],"tags":[1111,11,1777,674,1011,27,1310,884,12,882,25,1340,104,1179],"class_list":{"0":"post-265440","1":"post","2":"type-post","3":"status-publish","4":"format-standard","5":"has-post-thumbnail","7":"category-marseille","8":"tag-actu","9":"tag-actualites","10":"tag-eu","11":"tag-europe","12":"tag-fr","13":"tag-france","14":"tag-incendie","15":"tag-marseille","16":"tag-news","17":"tag-provence-alpes-cote-dazur","18":"tag-republique-francaise","19":"tag-restaurant","20":"tag-societe","21":"tag-vieux-port"},"share_on_mastodon":{"url":"https:\/\/pubeurope.com\/@fr\/114896622330214347","error":""},"_links":{"self":[{"href":"https:\/\/www.europesays.com\/fr\/wp-json\/wp\/v2\/posts\/265440","targetHints":{"allow":["GET"]}}],"collection":[{"href":"https:\/\/www.europesays.com\/fr\/wp-json\/wp\/v2\/posts"}],"about":[{"href":"https:\/\/www.europesays.com\/fr\/wp-json\/wp\/v2\/types\/post"}],"author":[{"embeddable":true,"href":"https:\/\/www.europesays.com\/fr\/wp-json\/wp\/v2\/users\/2"}],"replies":[{"embeddable":true,"href":"https:\/\/www.europesays.com\/fr\/wp-json\/wp\/v2\/comments?post=265440"}],"version-history":[{"count":0,"href":"https:\/\/www.europesays.com\/fr\/wp-json\/wp\/v2\/posts\/265440\/revisions"}],"wp:featuredmedia":[{"embeddable":true,"href":"https:\/\/www.europesays.com\/fr\/wp-json\/wp\/v2\/media\/265441"}],"wp:attachment":[{"href":"https:\/\/www.europesays.com\/fr\/wp-json\/wp\/v2\/media?parent=265440"}],"wp:term":[{"taxonomy":"category","embeddable":true,"href":"https:\/\/www.europesays.com\/fr\/wp-json\/wp\/v2\/categories?post=265440"},{"taxonomy":"post_tag","embeddable":true,"href":"https:\/\/www.europesays.com\/fr\/wp-json\/wp\/v2\/tags?post=265440"}],"curies":[{"name":"wp","href":"https:\/\/api.w.org\/{rel}","templated":true}]}}