{"id":265442,"date":"2025-07-22T11:21:10","date_gmt":"2025-07-22T11:21:10","guid":{"rendered":"https:\/\/www.europesays.com\/fr\/265442\/"},"modified":"2025-07-22T11:21:10","modified_gmt":"2025-07-22T11:21:10","slug":"mercato-om-contretemps-dans-larrivee-daubameyang-a-marseille","status":"publish","type":"post","link":"https:\/\/www.europesays.com\/fr\/265442\/","title":{"rendered":"Mercato OM. Contretemps dans l\u2019arriv\u00e9e d\u2019Aubameyang \u00e0 Marseille"},"content":{"rendered":"<p>Mauvaise nouvelle pour les fid\u00e8les de l\u2019OM, qui attendaient avec impatience le d\u00e9but de soir\u00e9e. Alors que plusieurs centaines d\u2019entre eux avaient pr\u00e9vu de se rendre \u00e0 l\u2019aviation g\u00e9n\u00e9rale de Marignane ce mardi, <a href=\"https:\/\/www.laprovence.com\/article\/om\/1693712311801415\/mercato-om-aubameyang-attendu-mardi-en-debut-de-soiree-a-marseille\" target=\"_blank\" rel=\"noopener\">sur les coups de 19h15, pour accueillir en grande pompe leur idole, Pierre-Emerick Aubameyang<\/a>, de retour au pied de la Bonne M\u00e8re apr\u00e8s un an d\u2019exil en Arabie saoudite, les plans sont tomb\u00e9s \u00e0 l\u2019eau.<\/p>\n<p>Des d\u00e9tails administratifs \u00e0 r\u00e9gler<\/p>\n<p>L\u2019Olympique a fait savoir, par communiqu\u00e9, que le retour de l\u2019international gabonais allait \u00eatre diff\u00e9r\u00e9. Selon le club, <a href=\"https:\/\/www.laprovence.com\/article\/om\/15422530173155\/mercato-om-aubameyang-de-retour-a-marseille-le-choix-du-coeur\" target=\"_blank\" rel=\"noopener\">la signature d'\u00a0\u00bbAuba\u00a0\u00bb n\u2019est pas remise en question<\/a>. Il s\u2019agirait de quelques d\u00e9tails administratifs \u00e0 r\u00e9gler. \u00ab\u00a0Le club travaille en \u00e9troite collaboration avec toutes les parties concern\u00e9es afin de finaliser cette arriv\u00e9e dans les meilleures conditions et dans les plus brefs d\u00e9lais\u00a0\u00bb, pr\u00e9cise l\u2019institution proven\u00e7ale, qui donne rendez-vous \u00e0 ses supporters ces prochains jours pour c\u00e9l\u00e9brer, pour de bon, le come-back de la Panth\u00e8re.<\/p>\n","protected":false},"excerpt":{"rendered":"Mauvaise nouvelle pour les fid\u00e8les de l\u2019OM, qui attendaient avec impatience le d\u00e9but de soir\u00e9e. Alors que plusieurs&hellip;\n","protected":false},"author":2,"featured_media":265443,"comment_status":"","ping_status":"","sticky":false,"template":"","format":"standard","meta":{"footnotes":""},"categories":[2814],"tags":[17,1111,11,40498,40499,1446,1777,674,1011,27,16800,884,1434,12,149,882,25],"class_list":{"0":"post-265442","1":"post","2":"type-post","3":"status-publish","4":"format-standard","5":"has-post-thumbnail","7":"category-marseille","8":"tag-17","9":"tag-actu","10":"tag-actualites","11":"tag-contretemps","12":"tag-daubameyang","13":"tag-dans","14":"tag-eu","15":"tag-europe","16":"tag-fr","17":"tag-france","18":"tag-larrivee","19":"tag-marseille","20":"tag-mercato","21":"tag-news","22":"tag-om","23":"tag-provence-alpes-cote-dazur","24":"tag-republique-francaise"},"share_on_mastodon":{"url":"https:\/\/pubeurope.com\/@fr\/114896626224473184","error":""},"_links":{"self":[{"href":"https:\/\/www.europesays.com\/fr\/wp-json\/wp\/v2\/posts\/265442","targetHints":{"allow":["GET"]}}],"collection":[{"href":"https:\/\/www.europesays.com\/fr\/wp-json\/wp\/v2\/posts"}],"about":[{"href":"https:\/\/www.europesays.com\/fr\/wp-json\/wp\/v2\/types\/post"}],"author":[{"embeddable":true,"href":"https:\/\/www.europesays.com\/fr\/wp-json\/wp\/v2\/users\/2"}],"replies":[{"embeddable":true,"href":"https:\/\/www.europesays.com\/fr\/wp-json\/wp\/v2\/comments?post=265442"}],"version-history":[{"count":0,"href":"https:\/\/www.europesays.com\/fr\/wp-json\/wp\/v2\/posts\/265442\/revisions"}],"wp:featuredmedia":[{"embeddable":true,"href":"https:\/\/www.europesays.com\/fr\/wp-json\/wp\/v2\/media\/265443"}],"wp:attachment":[{"href":"https:\/\/www.europesays.com\/fr\/wp-json\/wp\/v2\/media?parent=265442"}],"wp:term":[{"taxonomy":"category","embeddable":true,"href":"https:\/\/www.europesays.com\/fr\/wp-json\/wp\/v2\/categories?post=265442"},{"taxonomy":"post_tag","embeddable":true,"href":"https:\/\/www.europesays.com\/fr\/wp-json\/wp\/v2\/tags?post=265442"}],"curies":[{"name":"wp","href":"https:\/\/api.w.org\/{rel}","templated":true}]}}