{"id":265444,"date":"2025-07-22T11:22:09","date_gmt":"2025-07-22T11:22:09","guid":{"rendered":"https:\/\/www.europesays.com\/fr\/265444\/"},"modified":"2025-07-22T11:22:09","modified_gmt":"2025-07-22T11:22:09","slug":"des-dealers-debarquent-devant-une-tour-de-venissieux-et-ouvrent-le-feu-sur-la-facade","status":"publish","type":"post","link":"https:\/\/www.europesays.com\/fr\/265444\/","title":{"rendered":"des dealers d\u00e9barquent devant une tour de V\u00e9nissieux et ouvrent le feu sur la fa\u00e7ade"},"content":{"rendered":"<p itemprop=\"description\"><strong>Dans la nuit de lundi \u00e0 mardi, des individus se sont rendus devant une r\u00e9sidence \u00e0 V\u00e9nissieux et ont ouvert le feu.<\/strong><\/p>\n<p>Stupeur chez les habitants du 33 boulevard Ambroise Croizat, lorsque des dealers ont d\u00e9barqu\u00e9 en voiture. Selon nos informations, une dizaine de coups de feu visant la fa\u00e7ade ont \u00e9t\u00e9 tir\u00e9s.<\/p>\n<p>Au petit matin, des impacts de balles ont \u00e9t\u00e9 retrouv\u00e9s dans l&rsquo;all\u00e9e. Une enqu\u00eate a \u00e9t\u00e9 ouverte.<\/p>\n<p>C&rsquo;est d\u00e9j\u00e0 dans cette r\u00e9sidence g\u00e9r\u00e9e par ICF Habitat \u00e0 V\u00e9nissieux que Marie (pr\u00e9nom modifi\u00e9) vit et nous avait contact\u00e9 en juin dernier pour d\u00e9noncer le fait qu&rsquo;<a href=\"https:\/\/www.lyonmag.com\/article\/144426\/ici-c-est-chez-nous-a-venissieux-une-habitante-demunie-lutte-depuis-deux-ans-contre-les-dealers-de-sa-residence\" target=\"_blank\" rel=\"noopener\">un point de deal avait \u00e9t\u00e9 install\u00e9 sous ses fen\u00eatres<\/a>. A tel point que le portail avait \u00e9t\u00e9 d\u00e9grad\u00e9 pour permettre aux dealers de s&rsquo;installer tranquillement.<\/p>\n<p>La fusillade de cette nuit ressemble donc \u00e0 un avertissement lanc\u00e9 par des concurrents.\u00a0<\/p>\n","protected":false},"excerpt":{"rendered":"Dans la nuit de lundi \u00e0 mardi, des individus se sont rendus devant une r\u00e9sidence \u00e0 V\u00e9nissieux et&hellip;\n","protected":false},"author":2,"featured_media":265445,"comment_status":"","ping_status":"","sticky":false,"template":"","format":"standard","meta":{"footnotes":""},"categories":[1889],"tags":[1111,11,2813,2190,2430,1109,251,1112,2811,1777,674,118,1011,27,1922,1110,1114,2428,2810,12,241,316,25,2812,517,800],"class_list":{"0":"post-265444","1":"post","2":"type-post","3":"status-publish","4":"format-standard","5":"has-post-thumbnail","7":"category-lyon","8":"tag-actu","9":"tag-actualites","10":"tag-article","11":"tag-asvel","12":"tag-auvergne-rhone-alpes","13":"tag-breves","14":"tag-culture","15":"tag-depeches","16":"tag-economique","17":"tag-eu","18":"tag-europe","19":"tag-faits-divers","20":"tag-fr","21":"tag-france","22":"tag-info","23":"tag-informations","24":"tag-infos","25":"tag-lyon","26":"tag-lyonmag","27":"tag-news","28":"tag-ol","29":"tag-politique","30":"tag-republique-francaise","31":"tag-sociale","32":"tag-sport","33":"tag-transports"},"share_on_mastodon":{"url":"https:\/\/pubeurope.com\/@fr\/114896630201824540","error":""},"_links":{"self":[{"href":"https:\/\/www.europesays.com\/fr\/wp-json\/wp\/v2\/posts\/265444","targetHints":{"allow":["GET"]}}],"collection":[{"href":"https:\/\/www.europesays.com\/fr\/wp-json\/wp\/v2\/posts"}],"about":[{"href":"https:\/\/www.europesays.com\/fr\/wp-json\/wp\/v2\/types\/post"}],"author":[{"embeddable":true,"href":"https:\/\/www.europesays.com\/fr\/wp-json\/wp\/v2\/users\/2"}],"replies":[{"embeddable":true,"href":"https:\/\/www.europesays.com\/fr\/wp-json\/wp\/v2\/comments?post=265444"}],"version-history":[{"count":0,"href":"https:\/\/www.europesays.com\/fr\/wp-json\/wp\/v2\/posts\/265444\/revisions"}],"wp:featuredmedia":[{"embeddable":true,"href":"https:\/\/www.europesays.com\/fr\/wp-json\/wp\/v2\/media\/265445"}],"wp:attachment":[{"href":"https:\/\/www.europesays.com\/fr\/wp-json\/wp\/v2\/media?parent=265444"}],"wp:term":[{"taxonomy":"category","embeddable":true,"href":"https:\/\/www.europesays.com\/fr\/wp-json\/wp\/v2\/categories?post=265444"},{"taxonomy":"post_tag","embeddable":true,"href":"https:\/\/www.europesays.com\/fr\/wp-json\/wp\/v2\/tags?post=265444"}],"curies":[{"name":"wp","href":"https:\/\/api.w.org\/{rel}","templated":true}]}}