{"id":265453,"date":"2025-07-22T11:28:14","date_gmt":"2025-07-22T11:28:14","guid":{"rendered":"https:\/\/www.europesays.com\/fr\/265453\/"},"modified":"2025-07-22T11:28:14","modified_gmt":"2025-07-22T11:28:14","slug":"snowleader-sinstalle-dans-le-fief-parisien-du-vieux-campeur","status":"publish","type":"post","link":"https:\/\/www.europesays.com\/fr\/265453\/","title":{"rendered":"Snowleader s&rsquo;installe dans le fief parisien du Vieux Campeur"},"content":{"rendered":"<p>\n                                    <b>Publi\u00e9 le<\/b><br \/>\n                                    <\/p>\n<p>                                        22 juillet 2025<\/p>\n<p class=\"article-content col-md-8 offset-md-1\">\n                                Snowleader, enseigne multi-sp\u00e9cialiste des sports de montagne, a ouvert les portes de sa quatri\u00e8me boutique physique en France. Apr\u00e8s Annecy, Chamonix et Lyon, c\u2019est \u00e0 Paris que Snowleader d\u00e9ploie son offre, et s\u2019installe au 25 boulevard Saint-Michel, dans le Ve arrondissement.<\/p>\n<p><img decoding=\"async\" class=\"news-image\" style=\"width:100%;\" src=\"https:\/\/www.europesays.com\/fr\/wp-content\/uploads\/2025\/07\/2477.jpg\" alt=\"La nouvelle boutique Snowleader s'\u00e9tend sur deux niveaux, pour un total de 210 m\u00e8tres carr\u00e9s\" loading=\"lazy\"\/>La nouvelle boutique Snowleader s&rsquo;\u00e9tend sur deux niveaux, pour un total de 210 m\u00e8tres carr\u00e9s &#8211; Snowleader<\/p>\n<p class=\"col-md-8 offset-md-1 article-content--texte\">Cette ouverture fait suite \u00e0 une ann\u00e9e 2024 record pour l\u2019enseigne, qui a d\u00e9pass\u00e9 les <a href=\"https:\/\/fr.fashionnetwork.com\/news\/Snowleader-a-franchi-la-barre-des-100-millions-d-euros-de-ventes-en-2024,1696926.html\" target=\"_blank\" rel=\"noopener\">100 millions d\u2019euros de vente<\/a>s. La boutique, d\u2019une superficie de 210 m\u00e8tres carr\u00e9s sur deux niveaux, r\u00e9unit de nombreuses marques \u00e0 destination d\u2019un public amateur de ski et de montagne. Ce nouvel espace propose une vaste s\u00e9lection de produits des univers du ski, du trail, de l\u2019escalade, du running, et m\u00eame du lifestyle, et un espace d\u00e9di\u00e9 \u00e0 la marque <a class=\"fnwAddLinks\" href=\"https:\/\/fr.fashionnetwork.com\/tags-eider\" title=\"Eider\" target=\"_blank\" rel=\"noopener\">Eider<\/a> et aux produits de marque propre.\u00a0<\/p>\n<p>Thomas Rouault, directeur g\u00e9n\u00e9ral de Snowleader d\u00e9clare : \u201cCette ouverture \u00e0 Paris repr\u00e9sente une \u00e9tape symbolique pour Snowleader qui a franchi le cap des 100 millions d&rsquo;euros de chiffre d&rsquo;affaires cette ann\u00e9e. Sur ces premiers jours d\u2019exploitation, on enregistre d\u00e9j\u00e0 un bon trafic avec des Parisiens passionn\u00e9s de montagne et des touristes qui d\u00e9couvrent l\u2019enseigne. Ce nouveau point de vente va nous permettre d&rsquo;accro\u00eetre la notori\u00e9t\u00e9 de l\u2019enseigne sur l\u2019ensemble des march\u00e9s sur lesquels nous sommes pr\u00e9sents et ceux \u00e0 venir.\u201d<\/p>\n<p><img decoding=\"async\" class=\"news-image\" style=\"width:100%;\" src=\"https:\/\/www.europesays.com\/fr\/wp-content\/uploads\/2025\/07\/5c40.jpg\" alt=\"Snowleader s'implante dans un quartier \u00e0 forte concurrence\" loading=\"lazy\"\/>Snowleader s&rsquo;implante dans un quartier \u00e0 forte concurrence &#8211; Snowleader<\/p>\n<p class=\"col-md-8 offset-md-1 article-content--texte\">Snowleader s\u2019implante ainsi dans un quartier largement occup\u00e9 par son concurrent Vieux Campeur, qui dispose d\u2019une quinzaine de magasins. Afin de f\u00e9d\u00e9rer et fid\u00e9liser sa communaut\u00e9, l&rsquo;enseigne pr\u00e9voit d\u2019organiser des \u00e9v\u00e9nements r\u00e9guliers tels que sa course Rebloch\u2019run, des projections et des t\u00e9moignages d\u2019athl\u00e8tes sur leur exp\u00e9rience du terrain.\n                            <\/p>\n<p>\n                                Tous droits de reproduction et de repr\u00e9sentation r\u00e9serv\u00e9s.<br \/>\u00a9 2025 FashionNetwork.com\n                            <\/p>\n","protected":false},"excerpt":{"rendered":"Publi\u00e9 le 22 juillet 2025 Snowleader, enseigne multi-sp\u00e9cialiste des sports de montagne, a ouvert les portes de sa&hellip;\n","protected":false},"author":2,"featured_media":265454,"comment_status":"","ping_status":"","sticky":false,"template":"","format":"standard","meta":{"footnotes":""},"categories":[1888],"tags":[11,2424,537,2423,40500,1777,674,1011,27,2425,985,12,2298,626,2426,2427,25,2421,2422],"class_list":{"0":"post-265453","1":"post","2":"type-post","3":"status-publish","4":"format-standard","5":"has-post-thumbnail","7":"category-paris","8":"tag-actualites","9":"tag-beaute","10":"tag-contact","11":"tag-cosmetiques","12":"tag-eider","13":"tag-eu","14":"tag-europe","15":"tag-fr","16":"tag-france","17":"tag-luxe","18":"tag-mode","19":"tag-news","20":"tag-parfum","21":"tag-paris","22":"tag-professionnel","23":"tag-professionnels","24":"tag-republique-francaise","25":"tag-reseau","26":"tag-textile"},"share_on_mastodon":{"url":"https:\/\/pubeurope.com\/@fr\/114896653836484985","error":""},"_links":{"self":[{"href":"https:\/\/www.europesays.com\/fr\/wp-json\/wp\/v2\/posts\/265453","targetHints":{"allow":["GET"]}}],"collection":[{"href":"https:\/\/www.europesays.com\/fr\/wp-json\/wp\/v2\/posts"}],"about":[{"href":"https:\/\/www.europesays.com\/fr\/wp-json\/wp\/v2\/types\/post"}],"author":[{"embeddable":true,"href":"https:\/\/www.europesays.com\/fr\/wp-json\/wp\/v2\/users\/2"}],"replies":[{"embeddable":true,"href":"https:\/\/www.europesays.com\/fr\/wp-json\/wp\/v2\/comments?post=265453"}],"version-history":[{"count":0,"href":"https:\/\/www.europesays.com\/fr\/wp-json\/wp\/v2\/posts\/265453\/revisions"}],"wp:featuredmedia":[{"embeddable":true,"href":"https:\/\/www.europesays.com\/fr\/wp-json\/wp\/v2\/media\/265454"}],"wp:attachment":[{"href":"https:\/\/www.europesays.com\/fr\/wp-json\/wp\/v2\/media?parent=265453"}],"wp:term":[{"taxonomy":"category","embeddable":true,"href":"https:\/\/www.europesays.com\/fr\/wp-json\/wp\/v2\/categories?post=265453"},{"taxonomy":"post_tag","embeddable":true,"href":"https:\/\/www.europesays.com\/fr\/wp-json\/wp\/v2\/tags?post=265453"}],"curies":[{"name":"wp","href":"https:\/\/api.w.org\/{rel}","templated":true}]}}