{"id":265459,"date":"2025-07-22T11:31:10","date_gmt":"2025-07-22T11:31:10","guid":{"rendered":"https:\/\/www.europesays.com\/fr\/265459\/"},"modified":"2025-07-22T11:31:10","modified_gmt":"2025-07-22T11:31:10","slug":"narcotrafiquants-transferes-a-vendin-le-vieil-suicide-dun-homme-ecroue-apres-un-feminicide-pourparlers-entre-la-russie-et-lukraine-les-3-infos-a-retenir-a-la-mi-journee","status":"publish","type":"post","link":"https:\/\/www.europesays.com\/fr\/265459\/","title":{"rendered":"Narcotrafiquants transf\u00e9r\u00e9s \u00e0 Vendin-le-Vieil, suicide d\u2019un homme \u00e9crou\u00e9 apr\u00e8s un f\u00e9minicide, pourparlers entre la Russie et l\u2019Ukraine&#8230; Les 3 infos \u00e0 retenir \u00e0 la mi-journ\u00e9e"},"content":{"rendered":"<p><strong>LE POINT DE MIDI &#8211;<\/strong> Retrouvez l\u2019essentiel de l\u2019actualit\u00e9 parue ce mardi 22 juillet au matin sur notre site.<\/p>\n<p>G\u00e9rald Darmanin annonce le transfert de \u00ab17 premiers narcotrafiquants\u00bb vers la prison de Vendin-le-Vieil<\/p>\n<p>    G\u00e9rald Darmanin.<br \/>\n                Gonzalo FUENTES \/ REUTERS<\/p>\n<p class=\"fig-paragraph\">Le ministre de la Justice\u00a0G\u00e9rald Darmanin\u00a0a annonc\u00e9 ce mardi sur X que\u00a0\u00ab17 premiers narcotrafiquants\u00bb\u00a0venaient d\u2019\u00eatre\u00a0<a href=\"http:\/\/www.lefigaro.fr\/actualite-france\/gerald-darmanin-annonce-le-transfert-de-17-premiers-narcotrafiquants-vers-la-prison-de-vendin-le-vieil-20250722\" data-fig-type=\"NewsFlash\" data-gtm-custom-categorie=\"navigation\" data-gtm-custom-action=\"crossclick\" data-gtm-custom-label=\"Contextuel\" data-gtm-event=\"customEventSPE\" data-fig-domain=\"LEFIGARO\" target=\"_blank\" rel=\"noopener\">transf\u00e9r\u00e9s vers la prison de haute s\u00e9curit\u00e9 de\u00a0Vendin-le-Vieil<\/a>\u00a0(Pas-de-Calais). Ce centre p\u00e9nitentiaire est le premier \u00e0 avoir \u00e9t\u00e9 choisi pour accueillir les narcotrafiquants\u00a0\u00ables plus dangereux\u00bb\u00a0du pays.<\/p>\n<p>Quimper\u00a0: l\u2019homme \u00e9crou\u00e9 pour le meurtre de sa compagne s\u2019est suicid\u00e9<\/p>\n<p>    L\u2019homme \u00e9crou\u00e9 pour le meurtre de sa compagne s\u2019est suicid\u00e9 \u00e0 Quimper. (Image d\u2019illustration)<br \/>\n                ADOBE STOCK<\/p>\n<p class=\"fig-paragraph\">Un p\u00e8re de famille de 50 ans, mis en examen et \u00e9crou\u00e9 lundi pour le meurtre de sa compagne,\u00a0<a href=\"http:\/\/www.lefigaro.fr\/faits-divers\/quimper-un-homme-de-50-ans-mis-en-examen-apres-avoir-avoue-le-meurtre-sa-femme-20250721\" data-fig-type=\"NewsFlash\" data-gtm-custom-categorie=\"navigation\" data-gtm-custom-action=\"crossclick\" data-gtm-custom-label=\"Contextuel\" data-gtm-event=\"customEventSPE\" data-fig-domain=\"LEFIGARO\" target=\"_blank\" rel=\"noopener\">a \u00e9t\u00e9 d\u00e9couvert mort\u00a0quelques heures plus tard dans sa cellule de prison<\/a>, a annonc\u00e9 ce mardi le parquet de Brest. \u00ab\u00c0 ce stade, l\u2019hypoth\u00e8se d\u2019un suicide est privil\u00e9gi\u00e9e\u00bb, a indiqu\u00e9 le procureur adjoint Emmanuel Phelippeau dans un communiqu\u00e9.<\/p>\n<p><strong>N\u00e9gociations entre la Russie et l\u2019Ukraine\u00a0: le Kremlin ne s\u2019attend pas \u00e0 des \u00abavanc\u00e9es miraculeuses\u00bb<\/strong><\/p>\n<p>    Une vue de Moscou, la capitale de la Russie.<br \/>\n                Evgenia NOVOZHENINA \/ REUTERS<\/p>\n<p>                                    <a class=\"fig-a11y-skip a11y-hidden\" href=\"#fig-a11y-skip-main-inarticle\"><br \/>\n        Passer la publicit\u00e9<br \/>\n    <\/a><\/p>\n<p class=\"fig-paragraph\"><a href=\"http:\/\/www.lefigaro.fr\/international\/guerre-en-ukraine-la-russie-annonce-travailler-sur-un-nouveau-cycle-de-negociations-avec-kiev-20250721\" data-fig-type=\"NewsFlash\" data-gtm-custom-categorie=\"navigation\" data-gtm-custom-action=\"crossclick\" data-gtm-custom-label=\"Contextuel\" data-gtm-event=\"customEventSPE\" data-fig-domain=\"LEFIGARO\" target=\"_blank\" rel=\"noopener\">Le Kremlin a affirm\u00e9 ce mardi ne pas s\u2019attendre \u00e0 des \u00abavanc\u00e9es miraculeuses\u00bb lors<\/a>\u00a0des prochaines n\u00e9gociations entre Russes et Ukrainiens pr\u00e9vues mercredi en Turquie, assurant que Moscou a l\u2019intention de maintenir ses conditions.<\/p>\n<p>Le chiffre du jour\u00a0: 180.000<\/p>\n<p class=\"fig-paragraph\">En euros, le montant qu\u2019il manque \u00e0 la Banque alimentaire de Loire-Atlantique pour boucler son budget. L\u2019association lance un appel aux dons.<\/p>\n<p class=\"fig-body-cta-link\" data-module=\"fig-cta-link\" data-context=\"was @visible\">\n    <a class=\"fig-body-cta-link__link\" href=\"https:\/\/www.lefigaro.fr\/nantes\/loire-atlantique-a-la-recherche-de-180-000-pour-boucler-son-budget-2025-la-banque-alimentaire-lance-un-appel-aux-dons-20250722\" target=\"_self\" rel=\"follow noopener\" data-js-gtm=\"{&quot;event&quot;:&quot;customEventGA4&quot;,&quot;eventName&quot;:&quot;click_navigation&quot;,&quot;button_action&quot;:&quot;crossclick&quot;,&quot;feature&quot;:&quot;Contextuel_bouton&quot;,&quot;feature_details&quot;:&quot;NOTRE ARTICLE&quot;,&quot;link_url&quot;:&quot;https:\\\/\\\/www.lefigaro.fr\\\/nantes\\\/loire-atlantique-a-la-recherche-de-180-000-pour-boucler-son-budget-2025-la-banque-alimentaire-lance-un-appel-aux-dons-20250722&quot;}\"><br \/>\n                NOTRE ARTICLE<br \/>\n    <\/a>\n<\/p>\n<p>Notre portrait du jour\u00a0:<\/p>\n<blockquote class=\"fig-quote&#10;    \">\n<p class=\"fig-quote__text\">Cingl\u00e9 100% communiste<\/p>\n<p>            Donald Trump\n    <\/p><\/blockquote>\n<p class=\"fig-paragraph\">Zohran Mamdani est le socialiste qui affole d\u00e9mocrates et r\u00e9publicains \u00e0 New York. Tr\u00e8s critiqu\u00e9 par Donald Trump, celui qui a gagn\u00e9 la primaire d\u00e9mocrate pour les futures municipales reste aussi contest\u00e9 par les poids lourds de son propre parti, dont l\u2019ancien maire.<\/p>\n<p class=\"fig-body-cta-link\" data-module=\"fig-cta-link\" data-context=\"was @visible\">\n    <a class=\"fig-body-cta-link__link\" href=\"https:\/\/www.lefigaro.fr\/international\/cingle-100-communiste-trop-extremiste-zohran-mamdani-le-socialiste-qui-affole-democrates-et-republicains-a-new-york-20250722\" target=\"_self\" rel=\"follow noopener\" data-js-gtm=\"{&quot;event&quot;:&quot;customEventGA4&quot;,&quot;eventName&quot;:&quot;click_navigation&quot;,&quot;button_action&quot;:&quot;crossclick&quot;,&quot;feature&quot;:&quot;Contextuel_bouton&quot;,&quot;feature_details&quot;:&quot;NOTRE ARTICLE&quot;,&quot;link_url&quot;:&quot;https:\\\/\\\/www.lefigaro.fr\\\/international\\\/cingle-100-communiste-trop-extremiste-zohran-mamdani-le-socialiste-qui-affole-democrates-et-republicains-a-new-york-20250722&quot;}\"><br \/>\n                NOTRE ARTICLE<br \/>\n    <\/a>\n<\/p>\n<p>La photo \u00e0 retenir<\/p>\n<p>    L\u2019avion high-tech a rejoint les l\u00e9gendaires Red Arrows lors d\u2019un \u00e9v\u00e8nement a\u00e9rien spectaculaire \u00e0 Fairford au Royaume-Uni. Ce E-7 Wedgetail AEW Mk1 est le successeur de l\u2019E-3D Sentry de la RAF et fournira une capacit\u00e9 d\u2019alerte et de contr\u00f4le a\u00e9roport\u00e9 de 5e g\u00e9n\u00e9ration, avec un r\u00e9seau \u00e0 balayage \u00e9lectronique multir\u00f4le.<br \/>\n                SWNS \/ ABACA<\/p>\n<p>La vid\u00e9o du jour<\/p>\n","protected":false},"excerpt":{"rendered":"LE POINT DE MIDI &#8211; Retrouvez l\u2019essentiel de l\u2019actualit\u00e9 parue ce mardi 22 juillet au matin sur notre&hellip;\n","protected":false},"author":2,"featured_media":265460,"comment_status":"","ping_status":"","sticky":false,"template":"","format":"standard","meta":{"footnotes":""},"categories":[1590],"tags":[11,1777,674,3555,432,131,8721,12,20354,806,220],"class_list":{"0":"post-265459","1":"post","2":"type-post","3":"status-publish","4":"format-standard","5":"has-post-thumbnail","7":"category-ukraine","8":"tag-actualites","9":"tag-eu","10":"tag-europe","11":"tag-feminicide","12":"tag-gerald-darmanin","13":"tag-guerre-en-ukraine","14":"tag-narcotrafic","15":"tag-news","16":"tag-pourparlers","17":"tag-prison","18":"tag-ukraine"},"share_on_mastodon":{"url":"https:\/\/pubeurope.com\/@fr\/114896665529127612","error":""},"_links":{"self":[{"href":"https:\/\/www.europesays.com\/fr\/wp-json\/wp\/v2\/posts\/265459","targetHints":{"allow":["GET"]}}],"collection":[{"href":"https:\/\/www.europesays.com\/fr\/wp-json\/wp\/v2\/posts"}],"about":[{"href":"https:\/\/www.europesays.com\/fr\/wp-json\/wp\/v2\/types\/post"}],"author":[{"embeddable":true,"href":"https:\/\/www.europesays.com\/fr\/wp-json\/wp\/v2\/users\/2"}],"replies":[{"embeddable":true,"href":"https:\/\/www.europesays.com\/fr\/wp-json\/wp\/v2\/comments?post=265459"}],"version-history":[{"count":0,"href":"https:\/\/www.europesays.com\/fr\/wp-json\/wp\/v2\/posts\/265459\/revisions"}],"wp:featuredmedia":[{"embeddable":true,"href":"https:\/\/www.europesays.com\/fr\/wp-json\/wp\/v2\/media\/265460"}],"wp:attachment":[{"href":"https:\/\/www.europesays.com\/fr\/wp-json\/wp\/v2\/media?parent=265459"}],"wp:term":[{"taxonomy":"category","embeddable":true,"href":"https:\/\/www.europesays.com\/fr\/wp-json\/wp\/v2\/categories?post=265459"},{"taxonomy":"post_tag","embeddable":true,"href":"https:\/\/www.europesays.com\/fr\/wp-json\/wp\/v2\/tags?post=265459"}],"curies":[{"name":"wp","href":"https:\/\/api.w.org\/{rel}","templated":true}]}}