{"id":265465,"date":"2025-07-22T11:34:10","date_gmt":"2025-07-22T11:34:10","guid":{"rendered":"https:\/\/www.europesays.com\/fr\/265465\/"},"modified":"2025-07-22T11:34:10","modified_gmt":"2025-07-22T11:34:10","slug":"une-startup-technologique-allemande-sur-quatre-envisage-de-quitter-le-pays-faute-de-capitaux-selon-un-sondage","status":"publish","type":"post","link":"https:\/\/www.europesays.com\/fr\/265465\/","title":{"rendered":"Une startup technologique allemande sur quatre envisage de quitter le pays faute de capitaux, selon un sondage"},"content":{"rendered":"<p>Une startup technologique sur quatre en Allemagne envisage de quitter le pays, pr\u00e9occup\u00e9e par le ralentissement \u00e9conomique de la premi\u00e8re \u00e9conomie europ\u00e9enne, qui p\u00e8serait sur ses perspectives d&rsquo;acc\u00e8s au capital-risque, selon une \u00e9tude publi\u00e9e mardi.<\/p>\n<p>Environ 26\u00a0% des participants \u00e0 une enqu\u00eate men\u00e9e par l&rsquo;association professionnelle du num\u00e9rique Bitkom ont d\u00e9clar\u00e9 envisager de s&rsquo;installer ailleurs, et seuls 23\u00a0% estiment que l&rsquo;Allemagne dispose d&rsquo;un capital-risque suffisant.<\/p>\n<p>La grande majorit\u00e9 des 152 startups technologiques interrog\u00e9es, soit 81\u00a0%, ont indiqu\u00e9 que les investisseurs faisaient preuve de plus de retenue en raison de la conjoncture \u00e9conomique.<\/p>\n<p>N\u00e9anmoins, Bitkom souligne que 79\u00a0% des entreprises se disent confiantes, voire tr\u00e8s confiantes, quant \u00e0 l&rsquo;atteinte de leurs objectifs de financement, les startups ayant besoin en moyenne de 2,5\u00a0millions d&rsquo;euros (2,92\u00a0millions de dollars) de capital-risque frais chaque ann\u00e9e.<br \/>($1 = 0,8548 euro)<br \/>\n<br \/>(R\u00e9daction\u00a0: Rachel More<br \/>\u00c9dition\u00a0: Madeline Chambers)<\/p>\n","protected":false},"excerpt":{"rendered":"Une startup technologique sur quatre en Allemagne envisage de quitter le pays, pr\u00e9occup\u00e9e par le ralentissement \u00e9conomique de&hellip;\n","protected":false},"author":2,"featured_media":265466,"comment_status":"","ping_status":"","sticky":false,"template":"","format":"standard","meta":{"footnotes":""},"categories":[1587],"tags":[11,672,340,1804,1805,1803,1777,674,1801,12,1802],"class_list":{"0":"post-265465","1":"post","2":"type-post","3":"status-publish","4":"format-standard","5":"has-post-thumbnail","7":"category-allemagne","8":"tag-actualites","9":"tag-allemagne","10":"tag-bourse","11":"tag-bundesrepublik-deutschland","12":"tag-de","13":"tag-deutschland","14":"tag-eu","15":"tag-europe","16":"tag-germany","17":"tag-news","18":"tag-republique-federale-dallemagne"},"share_on_mastodon":{"url":"https:\/\/pubeurope.com\/@fr\/114896677358524988","error":""},"_links":{"self":[{"href":"https:\/\/www.europesays.com\/fr\/wp-json\/wp\/v2\/posts\/265465","targetHints":{"allow":["GET"]}}],"collection":[{"href":"https:\/\/www.europesays.com\/fr\/wp-json\/wp\/v2\/posts"}],"about":[{"href":"https:\/\/www.europesays.com\/fr\/wp-json\/wp\/v2\/types\/post"}],"author":[{"embeddable":true,"href":"https:\/\/www.europesays.com\/fr\/wp-json\/wp\/v2\/users\/2"}],"replies":[{"embeddable":true,"href":"https:\/\/www.europesays.com\/fr\/wp-json\/wp\/v2\/comments?post=265465"}],"version-history":[{"count":0,"href":"https:\/\/www.europesays.com\/fr\/wp-json\/wp\/v2\/posts\/265465\/revisions"}],"wp:featuredmedia":[{"embeddable":true,"href":"https:\/\/www.europesays.com\/fr\/wp-json\/wp\/v2\/media\/265466"}],"wp:attachment":[{"href":"https:\/\/www.europesays.com\/fr\/wp-json\/wp\/v2\/media?parent=265465"}],"wp:term":[{"taxonomy":"category","embeddable":true,"href":"https:\/\/www.europesays.com\/fr\/wp-json\/wp\/v2\/categories?post=265465"},{"taxonomy":"post_tag","embeddable":true,"href":"https:\/\/www.europesays.com\/fr\/wp-json\/wp\/v2\/tags?post=265465"}],"curies":[{"name":"wp","href":"https:\/\/api.w.org\/{rel}","templated":true}]}}