{"id":265467,"date":"2025-07-22T11:35:14","date_gmt":"2025-07-22T11:35:14","guid":{"rendered":"https:\/\/www.europesays.com\/fr\/265467\/"},"modified":"2025-07-22T11:35:14","modified_gmt":"2025-07-22T11:35:14","slug":"le-marche-de-loccasion-en-ligne-en-europe-represente-216-milliards","status":"publish","type":"post","link":"https:\/\/www.europesays.com\/fr\/265467\/","title":{"rendered":"Le march\u00e9 de l&rsquo;occasion en ligne en Europe repr\u00e9sente 21,6 milliards"},"content":{"rendered":"<p>            <img width=\"1024\" height=\"576\" src=\"https:\/\/www.europesays.com\/fr\/wp-content\/uploads\/2025\/07\/amazon-renewed-1024x576.webp.webp\" class=\"attachment-large size-large wp-post-image\" alt=\"\" decoding=\"async\" fetchpriority=\"high\"  \/>        <\/p>\n<p>Amazon<\/p>\n<p>Les consommateurs europ\u00e9ens d\u00e9pensent de plus en plus d\u2019argent pour des biens d\u2019occasion. L\u2019habillement en particulier gagne en popularit\u00e9 : dans presque tous les grands march\u00e9s, la mode est en t\u00eate de liste, bien avant les appareils \u00e9lectroniques et les produits m\u00e9nagers.<\/p>\n<p>Des d\u00e9penses en hausse<\/p>\n<p>Le march\u00e9 en ligne des produits usag\u00e9s et retourn\u00e9s en Europe a repr\u00e9sent\u00e9 21,6 milliards d\u2019euros l\u2019ann\u00e9e derni\u00e8re. Les Allemands ont d\u00e9pens\u00e9 plus de 6,5 milliards d\u2019euros en biens d\u2019occasion. Sur ce montant, 52 % ont \u00e9t\u00e9 consacr\u00e9s \u00e0 l\u2019habillement, tandis que le petit \u00e9lectrom\u00e9nager (39 %) et les smartphones\/tablettes (35 %) suivent de loin. La mode d\u2019occasion reste \u00e9galement tr\u00e8s pris\u00e9e dans d\u2019autres pays : pr\u00e8s de 5,8 milliards d\u2019euros ont \u00e9t\u00e9 achet\u00e9s en France, 5 milliards d\u2019euros au Royaume-Uni, 2,4 milliards d\u2019euros en Italie et 1,8 milliard d\u2019euros en Espagne.<\/p>\n","protected":false},"excerpt":{"rendered":"Amazon Les consommateurs europ\u00e9ens d\u00e9pensent de plus en plus d\u2019argent pour des biens d\u2019occasion. L\u2019habillement en particulier gagne&hellip;\n","protected":false},"author":2,"featured_media":265468,"comment_status":"","ping_status":"","sticky":false,"template":"","format":"standard","meta":{"footnotes":""},"categories":[1586],"tags":[11,1777,674,1011,27,12,25,7167],"class_list":{"0":"post-265467","1":"post","2":"type-post","3":"status-publish","4":"format-standard","5":"has-post-thumbnail","7":"category-europe","8":"tag-actualites","9":"tag-eu","10":"tag-europe","11":"tag-fr","12":"tag-france","13":"tag-news","14":"tag-republique-francaise","15":"tag-seconde-main"},"share_on_mastodon":{"url":"https:\/\/pubeurope.com\/@fr\/114896681403514667","error":""},"_links":{"self":[{"href":"https:\/\/www.europesays.com\/fr\/wp-json\/wp\/v2\/posts\/265467","targetHints":{"allow":["GET"]}}],"collection":[{"href":"https:\/\/www.europesays.com\/fr\/wp-json\/wp\/v2\/posts"}],"about":[{"href":"https:\/\/www.europesays.com\/fr\/wp-json\/wp\/v2\/types\/post"}],"author":[{"embeddable":true,"href":"https:\/\/www.europesays.com\/fr\/wp-json\/wp\/v2\/users\/2"}],"replies":[{"embeddable":true,"href":"https:\/\/www.europesays.com\/fr\/wp-json\/wp\/v2\/comments?post=265467"}],"version-history":[{"count":0,"href":"https:\/\/www.europesays.com\/fr\/wp-json\/wp\/v2\/posts\/265467\/revisions"}],"wp:featuredmedia":[{"embeddable":true,"href":"https:\/\/www.europesays.com\/fr\/wp-json\/wp\/v2\/media\/265468"}],"wp:attachment":[{"href":"https:\/\/www.europesays.com\/fr\/wp-json\/wp\/v2\/media?parent=265467"}],"wp:term":[{"taxonomy":"category","embeddable":true,"href":"https:\/\/www.europesays.com\/fr\/wp-json\/wp\/v2\/categories?post=265467"},{"taxonomy":"post_tag","embeddable":true,"href":"https:\/\/www.europesays.com\/fr\/wp-json\/wp\/v2\/tags?post=265467"}],"curies":[{"name":"wp","href":"https:\/\/api.w.org\/{rel}","templated":true}]}}