{"id":265476,"date":"2025-07-22T11:40:11","date_gmt":"2025-07-22T11:40:11","guid":{"rendered":"https:\/\/www.europesays.com\/fr\/265476\/"},"modified":"2025-07-22T11:40:11","modified_gmt":"2025-07-22T11:40:11","slug":"british-open-scheffler-fait-une-saison-a-la-tiger-woods-dit-thomas-detry","status":"publish","type":"post","link":"https:\/\/www.europesays.com\/fr\/265476\/","title":{"rendered":"British Open\u00a0: \u00ab\u00a0Scheffler fait une saison \u00e0 la Tiger Woods\u00a0\u00bb, dit Thomas Detry"},"content":{"rendered":"<p><a href=\"https:\/\/www.lalibre.be\/sports\/golf\/2025\/07\/22\/british-open-la-comparaison-avec-tiger-woods-est-un-peu-ridicule-explique-scottie-scheffler-E3I4GIVNUZFY5NCST7GVIFXWSA\/\" target=\"_blank\" rel=\"noopener noreferrer\" class=\"ap-StoryInterstitialLink ap-StoryElement ap-StoryElement--mb js-paywall-target\">British Open : \u00ab\u00a0La comparaison avec Tiger Woods est un peu ridicule\u00a0\u00bb, explique Scottie Scheffler<\/a><\/p>\n<p class=\"ap-StoryElement ap-StoryElement--mb ap-StoryText\"><b>Thomas Detry, que vous inspire cette 45e place finale sur le British Open ? Comment sortez-vous de cette semaine ?<\/b><\/p>\n<p class=\"ap-StoryElement ap-StoryElement--mb ap-StoryText\">\u00ab\u00a0Cette semaine me confirme d&rsquo;abord que le British Open reste un de mes Majors favoris. L&rsquo;ambiance est particuli\u00e8re ici. On ressent cette passion du golf. Le public est connaisseur. Aux \u00c9tats-Unis, on voit plus que le golf joue un r\u00f4le social. Le British est iconique et forg\u00e9 par la nature. Ce parcours en Irlande du Nord est l&rsquo;un des meilleurs links qu&rsquo;on ait jou\u00e9s. Il est bien con\u00e7u. Deux trous ont \u00e9t\u00e9 refaits il y a sept ou huit ans alors que le parcours est vieux de 100 ans. Ces deux nouveaux trous se m\u00e9langent tr\u00e8s bien avec les autres. Le set up est bien. Il n&rsquo;y a rien \u00e0 redire. J&rsquo;ai ador\u00e9 cette semaine.\u00a0\u00bb<\/p>\n<p class=\"ap-StoryElement ap-StoryElement--mb ap-StoryText\"><b>Et le r\u00e9sultat ? Plus globalement, \u00eates-vous satisfait de vos prestations lors des quatre Majors ?<\/b><\/p>\n<p class=\"ap-StoryElement ap-StoryElement--mb ap-StoryText\">\u00ab\u00a0Lors des deux premiers (Masters et USPGA),<a href=\"https:\/\/www.lalibre.be\/sports\/golf\/2025\/05\/15\/pga-championship-voici-pourquoi-thomas-detry-doit-sinspirer-de-lamine-yamal-BISOJMD6GRE6NPJFWTDLMSOJHU\/\" target=\"_blank\" rel=\"noopener\"> je n&rsquo;ai pas franchi le cut ce qui n&rsquo;est pas terrible<\/a>. Par la suite, c&rsquo;\u00e9tait mieux. Mon US Open (23e) a \u00e9t\u00e9 bon. Sur le British Open, j&rsquo;ai eu le sentiment de bien profiter de la semaine, mais je suis d\u00e9\u00e7u par le r\u00e9sultat. On veut toujours faire mieux et viser plus haut pour grimper dans le classement mondial et celui de la Fedex.\u00a0\u00bb<\/p>\n<p><a href=\"https:\/\/www.lalibre.be\/sports\/golf\/2025\/06\/17\/thomas-detry-jaurais-pu-finir-dans-le-top-10-a-lus-open-W2Z2XAGPSFD7HAFOOM6QHVEUVQ\/\" target=\"_blank\" rel=\"noopener noreferrer\" class=\"ap-StoryInterstitialLink ap-StoryElement ap-StoryElement--mb\">Detry \u00e0 l&rsquo;US Open: \u00ab\u00a0J&rsquo;aurais pu finir dans le top 10\u00a0\u00bb<\/a><\/p>\n<blockquote class=\"ap-StoryQuote ap-StoryQuote--pullquote\"><p>guillement<\/p>\n<p class=\"ap-StoryQuote-text\">Quand je regarde mes stats, je vois que j&rsquo;\u00e9prouve plus de difficult\u00e9s avec mon putting. J&rsquo;ai du mal \u00e0 cr\u00e9er un momentum sur les greens.\u00a0\u00bb<\/p>\n<\/blockquote>\n<p class=\"ap-StoryElement ap-StoryElement--mb ap-StoryText\"><b>Vous parlez d&rsquo;un r\u00e9sultat d\u00e9cevant. \u00c0 quoi l&rsquo;attribuez-vous ?<\/b><\/p>\n<p class=\"ap-StoryElement ap-StoryElement--mb ap-StoryText\">\u00ab\u00a0Je connais la partie de mon jeu qui ne fonctionne pas trop bien. Quand je regarde mes stats, je vois que j&rsquo;\u00e9prouve plus de difficult\u00e9s avec mon putting. J&rsquo;ai du mal \u00e0 cr\u00e9er un momentum sur les greens. Cela me freine un peu malheureusement. C&rsquo;est pour cette raison que je vais passer ma journ\u00e9e (NDLR : lundi) \u00e0 Liverpool avec mon coach de putting. Le but, c&rsquo;est de repartir avec un \u00e9tat d&rsquo;esprit bien frais et les id\u00e9es claires pour aborder de fa\u00e7on sereine la fin de saison. Mon putting m&#8217;emp\u00eache de faire ce que je veux.\u00a0\u00bb<\/p>\n<p class=\"ap-StoryElement ap-StoryElement--mb ap-StoryText\"><b>Qu&rsquo;avez-vous pens\u00e9 de la prestation quatre \u00e9toiles de Scottie Scheffler, confortable leader de ce British Open ?<\/b><\/p>\n<p class=\"ap-StoryElement ap-StoryElement--mb ap-StoryText\">\u00ab\u00a0Samedi apr\u00e8s-midi, en interview, j&rsquo;avais d\u00e9j\u00e0 dit que je mettrais une petite pi\u00e8ce sur Scottie. On voit tous sa gestion de la saison. D\u00e8s qu&rsquo;il commet une erreur, il revient tout de suite. Il sort des coups incroyables. Il joue sans penser aux cons\u00e9quences. Nous sommes tous un peu sous le choc de voir comment il g\u00e8re les moments compliqu\u00e9s. Il m\u00e9rite ce qui lui arrive. Il fait une saison \u00e0 la Tiger Woods.\u00a0\u00bb<\/p>\n<p class=\"ap-StoryElement ap-StoryElement--mb ap-StoryText\"><b>Quel est votre programme pour le prochain mois ?<\/b><\/p>\n<p class=\"ap-StoryElement ap-StoryElement--mb ap-StoryText\">\u00ab\u00a0L\u00e0, je jouis d&rsquo;une semaine de break \u00e0 la maison. Dimanche, je repars pour les \u00c9tats-Unis. Je dispute le Wyndham Championship en Caroline du Nord. Cette semaine marquera la fin de la saison. Ensuite, nous retrouvons les trois play-offs. Le premier r\u00e9unit le top 70. Le second accueille le top 50 et le dernier est r\u00e9serv\u00e9 pour le top 30. Je suis garanti pour le top 50 aujourd&rsquo;hui. Comme je suis 32e \u00e0 la Fedex, mon gros objectif sera de jouer les trois play-offs ce qui est tout \u00e0 fait \u00e0 ma port\u00e9e. Ce top 30 me donne ma carte verte pour tous les Majeurs de la saison prochaine. J&rsquo;ai beaucoup de points \u00e0 gagner lors de ce Tour Championship \u00e0 Atlanta \u00e0 la fin du mois d&rsquo;ao\u00fbt. Si je dispute ces trois play-offs, je serai le premier Belge \u00e0 le faire. Ensuite, je reviendrai sur l&rsquo;Europe, mais le programme n&rsquo;est pas encore clair dans ma t\u00eate.\u00a0\u00bb<\/p>\n<p class=\"ap-StoryElement ap-StoryElement--mb ap-StoryText\"><b>Il restera alors la Ryder Cup\u2026<\/b><\/p>\n<p class=\"ap-StoryElement ap-StoryElement--mb ap-StoryText\">\u00ab\u00a0Je garde \u00e9videmment la Ryder Cup dans un coin de ma t\u00eate. J&rsquo;ai encore pas mal de boulot \u00e0 r\u00e9aliser comme je l&rsquo;expliquais. Seulement douze joueurs sont s\u00e9lectionn\u00e9s. Dix voire onze places sont d\u00e9j\u00e0 acquises. Je sais que mon nom circule parmi d&rsquo;autres. Matthew Fitzpatrick et Justin Rose tournent bien ces derni\u00e8res semaines. Je ne regarde pas le classement non-stop. Cela se jouera entre quelques joueurs et moi. Celui qui sera en meilleure forme y sera. Si j&rsquo;atteins mon niveau, j&rsquo;ai le potentiel, mais rien en fait. Il me reste beaucoup de boulot, mais je vais bosser pour devenir le troisi\u00e8me Belge en Ryder Cup.\u00a0\u00bb<\/p>\n<p><a href=\"https:\/\/www.lalibre.be\/sports\/golf\/2025\/02\/09\/pga-phoenix-thomas-detry-signe-le-plus-grand-exploit-de-lhistoire-du-golf-belge-EQ6SS5RZPFDILP7RD5HQJBLUPE\/\" target=\"_blank\" rel=\"noopener noreferrer\" class=\"ap-StoryInterstitialLink ap-StoryElement ap-StoryElement--mb\">Thomas Detry signe le plus grand exploit de l&rsquo;histoire du golf belge<\/a><\/p>\n","protected":false},"excerpt":{"rendered":"British Open : \u00ab\u00a0La comparaison avec Tiger Woods est un peu ridicule\u00a0\u00bb, explique Scottie Scheffler Thomas Detry, que&hellip;\n","protected":false},"author":2,"featured_media":265477,"comment_status":"","ping_status":"","sticky":false,"template":"","format":"standard","meta":{"footnotes":""},"categories":[1418],"tags":[1011,27,1472,1227,60],"class_list":{"0":"post-265476","1":"post","2":"type-post","3":"status-publish","4":"format-standard","5":"has-post-thumbnail","7":"category-golf","8":"tag-fr","9":"tag-france","10":"tag-golf","11":"tag-horizontal","12":"tag-sports"},"share_on_mastodon":{"url":"https:\/\/pubeurope.com\/@fr\/114896700843430842","error":""},"_links":{"self":[{"href":"https:\/\/www.europesays.com\/fr\/wp-json\/wp\/v2\/posts\/265476","targetHints":{"allow":["GET"]}}],"collection":[{"href":"https:\/\/www.europesays.com\/fr\/wp-json\/wp\/v2\/posts"}],"about":[{"href":"https:\/\/www.europesays.com\/fr\/wp-json\/wp\/v2\/types\/post"}],"author":[{"embeddable":true,"href":"https:\/\/www.europesays.com\/fr\/wp-json\/wp\/v2\/users\/2"}],"replies":[{"embeddable":true,"href":"https:\/\/www.europesays.com\/fr\/wp-json\/wp\/v2\/comments?post=265476"}],"version-history":[{"count":0,"href":"https:\/\/www.europesays.com\/fr\/wp-json\/wp\/v2\/posts\/265476\/revisions"}],"wp:featuredmedia":[{"embeddable":true,"href":"https:\/\/www.europesays.com\/fr\/wp-json\/wp\/v2\/media\/265477"}],"wp:attachment":[{"href":"https:\/\/www.europesays.com\/fr\/wp-json\/wp\/v2\/media?parent=265476"}],"wp:term":[{"taxonomy":"category","embeddable":true,"href":"https:\/\/www.europesays.com\/fr\/wp-json\/wp\/v2\/categories?post=265476"},{"taxonomy":"post_tag","embeddable":true,"href":"https:\/\/www.europesays.com\/fr\/wp-json\/wp\/v2\/tags?post=265476"}],"curies":[{"name":"wp","href":"https:\/\/api.w.org\/{rel}","templated":true}]}}