{"id":265480,"date":"2025-07-22T11:43:14","date_gmt":"2025-07-22T11:43:14","guid":{"rendered":"https:\/\/www.europesays.com\/fr\/265480\/"},"modified":"2025-07-22T11:43:14","modified_gmt":"2025-07-22T11:43:14","slug":"atp-toronto-taylor-fritz-au-sujet-de-la-pluie-de-forfaits-au-canada-je-ne-comprends-pas-pourquoi-il-y-a-autant-de-tennis","status":"publish","type":"post","link":"https:\/\/www.europesays.com\/fr\/265480\/","title":{"rendered":"ATP &#8211; Toronto > Taylor Fritz au sujet de la pluie de forfaits au Canada : \u00ab\u00a0Je ne comprends pas pourquoi il y a autant de tennis\u00a0\u00bb"},"content":{"rendered":"<p>Pr\u00e9sent \u00e0 Toronto apr\u00e8s un Wimbledon r\u00e9ussi, Taylor a \u00e9t\u00e9 ques\u00adtionn\u00e9 sur le calen\u00addrier, calen\u00addrier qui est beau\u00adcoup trop long et dense selon l\u2019Am\u00e9ricain.<\/p>\n<p>\u00ab\u202f<strong>J\u2019ai vu que la Hopman Cup\u00a0avait lieu cet \u00e9t\u00e9 apr\u00e8s Wimbledon. Je ne savais m\u00eame pas que ce tournoi avait lieu. Ce serait int\u00e9\u00adres\u00adsant de voir comment on peut raccourcir certains \u00e9l\u00e9ments, comme le temps de repos entre les tour\u00adnois, mais on ne trouve pas la place pour raccourcir le calen\u00addrier lui\u2010m\u00eame, les semaines o\u00f9 il ne se passe rien. J\u2019aimerais que les d\u00e9lais soient r\u00e9duits et que la saison soit raccourcie de quelques semaines, mais je ne comprends pas pour\u00adquoi il y a autant de tennis\u202f\u00bb<\/strong><\/p>\n<p class=\"post-published-date\" style=\"color: silver; font-size: 75%; text-align: left;\">Publi\u00e9 le mardi 22 juillet 2025 \u00e0 12:12<\/p>\n","protected":false},"excerpt":{"rendered":"Pr\u00e9sent \u00e0 Toronto apr\u00e8s un Wimbledon r\u00e9ussi, Taylor a \u00e9t\u00e9 ques\u00adtionn\u00e9 sur le calen\u00addrier, calen\u00addrier qui est beau\u00adcoup&hellip;\n","protected":false},"author":2,"featured_media":265481,"comment_status":"","ping_status":"","sticky":false,"template":"","format":"standard","meta":{"footnotes":""},"categories":[1415],"tags":[1011,27,60,1467],"class_list":{"0":"post-265480","1":"post","2":"type-post","3":"status-publish","4":"format-standard","5":"has-post-thumbnail","7":"category-tennis","8":"tag-fr","9":"tag-france","10":"tag-sports","11":"tag-tennis"},"share_on_mastodon":{"url":"https:\/\/pubeurope.com\/@fr\/114896712682554505","error":""},"_links":{"self":[{"href":"https:\/\/www.europesays.com\/fr\/wp-json\/wp\/v2\/posts\/265480","targetHints":{"allow":["GET"]}}],"collection":[{"href":"https:\/\/www.europesays.com\/fr\/wp-json\/wp\/v2\/posts"}],"about":[{"href":"https:\/\/www.europesays.com\/fr\/wp-json\/wp\/v2\/types\/post"}],"author":[{"embeddable":true,"href":"https:\/\/www.europesays.com\/fr\/wp-json\/wp\/v2\/users\/2"}],"replies":[{"embeddable":true,"href":"https:\/\/www.europesays.com\/fr\/wp-json\/wp\/v2\/comments?post=265480"}],"version-history":[{"count":0,"href":"https:\/\/www.europesays.com\/fr\/wp-json\/wp\/v2\/posts\/265480\/revisions"}],"wp:featuredmedia":[{"embeddable":true,"href":"https:\/\/www.europesays.com\/fr\/wp-json\/wp\/v2\/media\/265481"}],"wp:attachment":[{"href":"https:\/\/www.europesays.com\/fr\/wp-json\/wp\/v2\/media?parent=265480"}],"wp:term":[{"taxonomy":"category","embeddable":true,"href":"https:\/\/www.europesays.com\/fr\/wp-json\/wp\/v2\/categories?post=265480"},{"taxonomy":"post_tag","embeddable":true,"href":"https:\/\/www.europesays.com\/fr\/wp-json\/wp\/v2\/tags?post=265480"}],"curies":[{"name":"wp","href":"https:\/\/api.w.org\/{rel}","templated":true}]}}