{"id":265492,"date":"2025-07-22T11:50:18","date_gmt":"2025-07-22T11:50:18","guid":{"rendered":"https:\/\/www.europesays.com\/fr\/265492\/"},"modified":"2025-07-22T11:50:18","modified_gmt":"2025-07-22T11:50:18","slug":"laveyronnaise-chantal-gres-ingenieur-et-artiste-installee-dans-laude-la-peinture-me-permet-de-mevader","status":"publish","type":"post","link":"https:\/\/www.europesays.com\/fr\/265492\/","title":{"rendered":"L&rsquo;Aveyronnaise Chantal Gr\u00e8s, ing\u00e9nieur et artiste install\u00e9e dans l\u2019Aude\u00a0: \u00ab\u00a0La peinture me permet de m\u2019\u00e9vader\u00a0\u00bb"},"content":{"rendered":"<p>\n                                                                Apr\u00e8s un d\u00e9but de carri\u00e8re \u00e0 Rouen suivi d\u2019une trentaine d\u2019ann\u00e9es \u00e0 Rodez, Chantal Gr\u00e8s s\u2019est install\u00e9e, avec son mari, \u00e0 Saint-Pierre-la-Mer, dans l\u2019Aude, o\u00f9 elle est ing\u00e9nieur. Et quand elle ne travaille pas, elle s\u2019adonne \u00e0 sa passion de toujours, la peinture.\n                            <\/p>\n<p>\u00ab\u00a0J\u2019ai trouv\u00e9 mon \u00e9quilibre, souligne Chantal Gr\u00e8s. Entre le c\u00f4t\u00e9 professionnel, assez carr\u00e9, et le c\u00f4t\u00e9 artiste qui me permet de m\u2019\u00e9vader, de m\u2019exprimer.\u00a0\u00bb Car si elle travaille depuis longtemps \u00e0 la Direction des territoires et de la mer, l\u2019\u00e9quivalent de l\u2019ex-Direction d\u00e9partementale de l\u2019\u00e9quipement (DDE) pour les d\u00e9partements du littoral, o\u00f9 elle est ing\u00e9nieur, responsable d\u2019une unit\u00e9 de six personnes, l\u2019Aveyronnaise, n\u00e9e H\u00e9brard, en 1969, \u00e0 Decazeville, et qui passe les six premi\u00e8res ann\u00e9es de sa vie \u00e0 Cransac, nourrit, depuis son enfance, une passion pour la peinture. Et le dessin, elle qui a d\u00e9croch\u00e9 un bac E en 1988, au lyc\u00e9e Monteil. \u00ab\u00a0On faisait beaucoup de dessin industriel, se souvient-elle. J\u2019\u00e9tais assez dou\u00e9e. C\u2019\u00e9tait aussi tr\u00e8s technique.\u00a0\u00bb<\/p>\n<p>        <img decoding=\"async\" class=\"std-img__img responsive-img\" src=\"https:\/\/www.europesays.com\/fr\/wp-content\/uploads\/2025\/07\/1753185013_685_image.png\" alt=\"Au couteau ou au pinceau, l\u2019artiste peint des personnages en mouvement, se dirigeant vers la lumi\u00e8re.\"\/><\/p>\n<p>                Au couteau ou au pinceau, l\u2019artiste peint des personnages en mouvement, se dirigeant vers la lumi\u00e8re.<br \/>\n                                    Reproduction L&rsquo;Aveyronnais<\/p>\n<p>\u00ab\u00a0Un challenge et une revanche\u00a0\u00bb pour l\u2019adolescente qui avait redoubl\u00e9 sa troisi\u00e8me, au coll\u00e8ge des Quatre-Saisons d\u2019Onet-le-Ch\u00e2teau (o\u00f9 la famille \u00e9tait install\u00e9e), et \u00e0 qui le principal avait alors conseill\u00e9 de s\u2019inscrire en CAP coiffure. Une autre \u00e9poque o\u00f9 les femmes \u00e9taient cantonn\u00e9es \u00e0 certains m\u00e9tiers.<\/p>\n<p>Bac en poche, elle choisit de pr\u00e9parer un DUT g\u00e9nie civil \u00e0 Toulouse, o\u00f9 on lui ressert \u00ab\u00a0le m\u00eame discours\u00a0\u00bb. On lui fait ainsi comprendre que la place d\u2019une femme n\u2019est pas dans le secteur des travaux publics.<\/p>\n<p>Retour en Aveyron et rencontre avec son futur mari<\/p>\n<p>\u00c9chaud\u00e9e, Chantal Gr\u00e8s d\u00e9cide alors de quitter l\u2019IUT et de pr\u00e9parer des concours d\u2019entr\u00e9e dans l\u2019administration. En parall\u00e8le, elle d\u00e9croche un petit contrat \u00e0 la DDE \u2013 d\u00e9j\u00e0 \u2013 de l\u2019Aveyron. Concours qu\u2019elle d\u00e9croche, en 1989, \u00e0 Rodez, avant de suivre une ann\u00e9e de cours \u00e0 l\u2019\u00e9cole des techniciens de Montpellier et de d\u00e9crocher son premier poste dans un centre de formation \u00e0\u2026 Rouen. \u00ab\u00a0J\u2019ai choisi le poste qui m\u2019int\u00e9ressait plut\u00f4t que la localisation\u00a0\u00bb, pr\u00e9cise-t-elle. Deux ann\u00e9es avant un retour en Aveyron pour se rapprocher de Fran\u00e7ois, alors directeur de l\u2019Ogea 12 (1) qu\u2019elle avait rencontr\u00e9 \u00e0 Rodez en 1988.<\/p>\n<p>        <img decoding=\"async\" class=\"std-img__img responsive-img\" src=\"https:\/\/www.europesays.com\/fr\/wp-content\/uploads\/2025\/07\/1753185015_723_image.png\" alt=\"Gruissan au temps de mars (2021, 40\u00a0cm x 120\u00a0cm), une toile repr\u00e9sentant la c\u00e9l\u00e8bre plage des chalets.\"\/><\/p>\n<p>                Gruissan au temps de mars (2021, 40\u00a0cm x 120\u00a0cm), une toile repr\u00e9sentant la c\u00e9l\u00e8bre plage des chalets.<br \/>\n                                    Reproduction L&rsquo;Aveyronnais<\/p>\n<p>La jeune fonctionnaire est alors charg\u00e9e d\u2019\u00e9tudes d\u2019urbanisme. Le couple emm\u00e9nage dans la maison qu\u2019il a fait construire \u00e0 Onet-Village, en 1995, o\u00f9 grandissent leurs deux gar\u00e7ons, David et J\u00e9r\u00e9my, n\u00e9s en 1991 et en 1994.<\/p>\n<p>Une maison que Fran\u00e7ois et Chantal Gr\u00e8s revendent, en 2015, alors qu\u2019ils d\u00e9cident de s\u2019installer sur les hauteurs de Saint-Pierre-la-Mer, station baln\u00e9aire sur la commune de Fleury, entre Valras et Narbonne-Plage. \u00ab\u00a0Avant, on avait pour horizon un champ de vaches, sourit l\u2019Aveyronnaise. Aujourd\u2019hui, on a vue sur la M\u00e9diterran\u00e9e.\u00a0\u00bb<\/p>\n<p>        <img decoding=\"async\" class=\"std-img__img responsive-img\" src=\"https:\/\/www.europesays.com\/fr\/wp-content\/uploads\/2025\/07\/1753185016_805_image.png\" alt=\"-\"\/><\/p>\n<p>                &#8211;<br \/>\n                                    Reproduction L&rsquo;Aveyronnais<\/p>\n<p>Habitant d\u00e9sormais \u00e0 l\u2019ann\u00e9e \u00e0 Saint-Pierre, le couple entreprend de r\u00e9nover sa villa. Une b\u00e2tisse \u00e0 ossature bois \u00ab\u00a0construite par la soci\u00e9t\u00e9 Fabre, de Rieupeyroux\u00a0\u00bb, souligne Chantal Gr\u00e8s qui, avec son mari, coule des jours paisibles dans ce petit paradis, \u00e0 l\u2019ombre du m\u00fbrier platane plant\u00e9 sur leur terrasse. Et si lui est retrait\u00e9, elle, promue ing\u00e9nieur en 2019, se partage entre son travail et sa peinture.<\/p>\n<p>\u00ab\u00a0Une envie d\u2019avancer, sans jamais se retourner\u00a0\u00bb<\/p>\n<p>\u00ab\u00a0Mon activit\u00e9 d\u2019artiste m\u2019a aid\u00e9e \u00e0 surmonter des \u00e9v\u00e9nements douloureux. Mes tableaux traduisent cette envie d\u2019avancer, de ne pas se retourner, explique-t-elle. Mes personnages sont en mouvement. Ils se dirigent vers la lumi\u00e8re. C\u2019est ma philosophie de vie.\u00a0\u00bb<\/p>\n<p>    Du relief sur la toile<\/p>\n<p>Pour r\u00e9aliser ses tableaux \u00e0 l\u2019acrylique, Chantal Gr\u00e8s troque volontiers le pinceau pour le couteau qui lui permet de mettre du relief sur ses \u0153uvres. Du relief qu\u2019elle cr\u00e9e aussi en int\u00e9grant de la mati\u00e8re. \u00ab\u00a0J\u2019utilise du sable de la M\u00e9diterran\u00e9e que je filtre. Je travaille aussi avec du papier journal coll\u00e9\u00a0\u00bb, explique l\u2019artiste qui ne prend \u00ab\u00a0jamais de mod\u00e8les. Je cr\u00e9e des univers\u00a0\u00bb.<\/p>\n<p>Des \u0153uvres qui parlent aux nombreux amateurs qui les d\u00e9couvrent lors des nombreuses expositions auxquelles participe l\u2019Aveyronnaise. \u00ab\u00a0Depuis 2019, je suis \u00e0 fond, se r\u00e9jouit-elle. J\u2019expose un peu partout, dans les Pyr\u00e9n\u00e9es-Orientales, dans l\u2019Aude\u2026\u00a0\u00bb Notamment dans \u00ab\u00a0un lieu exceptionnel\u00a0\u00bb, les caves du ch\u00e2teau Rouquette, \u00e0 Narbonne-Plage.<\/p>\n<p>        <img decoding=\"async\" class=\"std-img__img responsive-img\" src=\"https:\/\/www.europesays.com\/fr\/wp-content\/uploads\/2025\/07\/1753185017_54_image.png\" alt=\"-\"\/><\/p>\n<p>                &#8211;<br \/>\n                                    Reproduction L&rsquo;Aveyronnais<\/p>\n<p>Un domaine viticole propri\u00e9t\u00e9 de Jacques Boscary, un nom qui parle aux Aveyronnais puisque son oncle, Roland Boscary-Monsservin, figure politique de l\u2019Aveyron, fut notamment ministre de l\u2019Agriculture et maire successivement de Vailhourles, d\u2019Onet-le-Ch\u00e2teau et de Rodez.<\/p>\n<p>        <img decoding=\"async\" class=\"std-img__img responsive-img\" src=\"https:\/\/www.europesays.com\/fr\/wp-content\/uploads\/2025\/07\/1753185018_853_image.png\" alt=\"Au couteau ou au pinceau, l\u2019artiste peint des personnages en mouvement, se dirigeant vers la lumi\u00e8re.\"\/><\/p>\n<p>                Au couteau ou au pinceau, l\u2019artiste peint des personnages en mouvement, se dirigeant vers la lumi\u00e8re.<br \/>\n                                    Reproduction L&rsquo;Aveyronnais<\/p>\n<p>\u00ab\u00a0Au fil des ann\u00e9es, nous sommes devenus amis\u00a0\u00bb, confie l\u2019artiste qui retrouvera le ch\u00e2teau en septembre prochain pour une nouvelle expo. L\u2019occasion de d\u00e9couvrir son univers et pourquoi pas d\u2019acqu\u00e9rir une de ses \u0153uvres. \u00ab\u00a0Je vends l\u2019int\u00e9gralit\u00e9 des 100 \u00e0 150 tableaux que je peins chaque ann\u00e9e\u00a0\u00bb, se r\u00e9jouit Chantal Gr\u00e8s qui a aussi pr\u00e9sent\u00e9 ses toiles en Aveyron, son d\u00e9partement, notamment \u00e0 Estaing ou \u00e0 Belcastel.<\/p>\n<p>L\u2019Aveyron o\u00f9 elle et son mari reviennent r\u00e9guli\u00e8rement. \u00ab\u00a0On aime aller faire le march\u00e9 \u00e0 Rodez o\u00f9 on ach\u00e8te du bon fromage. Et on passe aussi prendre de la charcuterie et de la viande qu\u2019on ram\u00e8ne dans l\u2019Aude.\u00a0\u00bb<\/p>\n<p>(1) Association de gestion et de comptabilit\u00e9 qui accompagne les chefs d\u2019entreprise.<br \/>Pour retrouver l\u2019univers de Chantal Gr\u00e8s\u00a0: <a href=\"http:\/\/c-gres.jimdofree.com\" rel=\"nofollow noopener\" target=\"_blank\">c-gres.jimdofree.com<\/a><\/p>\n","protected":false},"excerpt":{"rendered":"Apr\u00e8s un d\u00e9but de carri\u00e8re \u00e0 Rouen suivi d\u2019une trentaine d\u2019ann\u00e9es \u00e0 Rodez, Chantal Gr\u00e8s s\u2019est install\u00e9e, avec&hellip;\n","protected":false},"author":2,"featured_media":265493,"comment_status":"","ping_status":"","sticky":false,"template":"","format":"standard","meta":{"footnotes":""},"categories":[1358],"tags":[1348,1384,1385,1386,58,59,1011,27],"class_list":{"0":"post-265492","1":"post","2":"type-post","3":"status-publish","4":"format-standard","5":"has-post-thumbnail","7":"category-arts-et-design","8":"tag-arts","9":"tag-arts-and-design","10":"tag-arts-et-design","11":"tag-design","12":"tag-divertissement","13":"tag-entertainment","14":"tag-fr","15":"tag-france"},"share_on_mastodon":{"url":"https:\/\/pubeurope.com\/@fr\/114896740326033766","error":""},"_links":{"self":[{"href":"https:\/\/www.europesays.com\/fr\/wp-json\/wp\/v2\/posts\/265492","targetHints":{"allow":["GET"]}}],"collection":[{"href":"https:\/\/www.europesays.com\/fr\/wp-json\/wp\/v2\/posts"}],"about":[{"href":"https:\/\/www.europesays.com\/fr\/wp-json\/wp\/v2\/types\/post"}],"author":[{"embeddable":true,"href":"https:\/\/www.europesays.com\/fr\/wp-json\/wp\/v2\/users\/2"}],"replies":[{"embeddable":true,"href":"https:\/\/www.europesays.com\/fr\/wp-json\/wp\/v2\/comments?post=265492"}],"version-history":[{"count":0,"href":"https:\/\/www.europesays.com\/fr\/wp-json\/wp\/v2\/posts\/265492\/revisions"}],"wp:featuredmedia":[{"embeddable":true,"href":"https:\/\/www.europesays.com\/fr\/wp-json\/wp\/v2\/media\/265493"}],"wp:attachment":[{"href":"https:\/\/www.europesays.com\/fr\/wp-json\/wp\/v2\/media?parent=265492"}],"wp:term":[{"taxonomy":"category","embeddable":true,"href":"https:\/\/www.europesays.com\/fr\/wp-json\/wp\/v2\/categories?post=265492"},{"taxonomy":"post_tag","embeddable":true,"href":"https:\/\/www.europesays.com\/fr\/wp-json\/wp\/v2\/tags?post=265492"}],"curies":[{"name":"wp","href":"https:\/\/api.w.org\/{rel}","templated":true}]}}