{"id":265494,"date":"2025-07-22T11:51:09","date_gmt":"2025-07-22T11:51:09","guid":{"rendered":"https:\/\/www.europesays.com\/fr\/265494\/"},"modified":"2025-07-22T11:51:09","modified_gmt":"2025-07-22T11:51:09","slug":"dedicace-du-livre-lexcellence-nest-pas-un-mythe-dr-fansa-kone-engage-la-jeunesse-africaine-sur-le-chemin-de-la-reussite","status":"publish","type":"post","link":"https:\/\/www.europesays.com\/fr\/265494\/","title":{"rendered":"D\u00e9dicace du livre\u00a0L\u2019excellence n\u2019est pas un mythe\u00a0: Dr Fansa Kon\u00e9 engage la jeunesse africaine sur le chemin de la r\u00e9ussite \u00a0"},"content":{"rendered":"<p>La d\u00e9dicace du livre de Dr Fansa Kon\u00e9,\u00a0L\u2019excellence n\u2019est pas un mythe, publi\u00e9 au deuxi\u00e8me trimestre 2025 aux \u00e9ditions D\u00e9dicaces, s\u2019est tenue le samedi 19 juillet \u00e0 l\u2019h\u00f4tel Capitol, \u00e0 la Riviera Golf, en pr\u00e9sence du conseiller sp\u00e9cial Salif Ou\u00e9draogo, repr\u00e9sentant le ministre Moussa Sanogo.<\/p>\n<p>Enseignant \u00e0 l\u2019Universit\u00e9 de Montr\u00e9al, l\u2019auteur est pass\u00e9 par les classes pr\u00e9paratoires de l\u2019INP-HB, avant d\u2019int\u00e9grer le cycle ing\u00e9nieur de l\u2019\u00c9cole nationale sup\u00e9rieure de statistique et d\u2019\u00e9conomie appliqu\u00e9e (ENSEA). \u00c0 travers 234 pages r\u00e9parties en dix chapitres, il s\u2019appuie sur son propre parcours et sur ceux de divers profils d\u2019\u00e9l\u00e8ves et d\u2019\u00e9tudiants pour d\u00e9montrer que le talent n\u2019est pas inn\u00e9, mais se d\u00e9veloppe.<\/p>\n<p>\u00ab Certains pensent que l\u2019excellence est r\u00e9serv\u00e9e \u00e0 une \u00e9lite, qu\u2019elle est un mythe. Moi-m\u00eame je l\u2019ai cru, avant de comprendre qu\u2019elle peut \u00eatre cultiv\u00e9e, structur\u00e9e et accessible. Ce livre vise \u00e0 inverser cette perception, en proposant des outils concrets, des m\u00e9thodes et des t\u00e9moignages \u00bb, explique Dr Kon\u00e9. Il est convaincu que l\u2019excellence est un chemin accessible, \u00e0 condition de s\u2019y engager pleinement.<\/p>\n<p>L\u2019auteur souligne l\u2019importance de se fixer des objectifs et de mettre tout en \u0153uvre pour les atteindre. L\u2019ouvrage d\u00e9construit plusieurs croyances limitantes et se pr\u00e9sente comme un guide pratique destin\u00e9 \u00e0 accompagner les jeunes dans leur r\u00e9ussite acad\u00e9mique, tout en proposant des principes applicables \u00e0 la vie professionnelle.<\/p>\n<p>La c\u00e9r\u00e9monie fut un v\u00e9ritable moment d\u2019inspiration, de motivation et de c\u00e9l\u00e9bration de l\u2019excellence, \u00e0 travers la promotion de la rigueur et du travail. Au nom du ministre Sanogo, parrain de l\u2019\u00e9v\u00e9nement, le conseiller sp\u00e9cial Salif Ou\u00e9draogo a salu\u00e9 le parcours de l\u2019auteur et la qualit\u00e9 de son \u0153uvre qui arrive \u00e0 point nomm\u00e9 dans la dynamique de transformation qui vise \u00e0 faire de la C\u00f4te d\u2019Ivoire un pays \u00e9mergent. \u00ab L\u2019excellence doit guider nos actions depuis le bas \u00e2ge jusqu\u2019\u00e0 la vie professionnelle \u00bb, a-t-il affirm\u00e9.<\/p>\n<p>Pour sa part, Tanon Wilfried, sous-directeur charg\u00e9 de l\u2019animation des institutions \u00e9ducatives repr\u00e9sentant du ministre de la Promotion de la Jeunesse, a qualifi\u00e9 le livre de \u00ab guide pour la r\u00e9silience, la discipline et le travail \u00bb dans un monde en qu\u00eate de rep\u00e8res. Il a plaid\u00e9 pour son int\u00e9gration dans les supports \u00e9ducatifs.<\/p>\n<p>Enfin, le directeur de l\u2019ENSEA, Dr Hugues Kouadio, s\u2019est dit peu surpris de voir Dr Kon\u00e9 \u2013 qui fut l\u2019un des meilleurs \u00e9l\u00e8ves de sa promotion \u2013 promouvoir la culture de l\u2019excellence par un partage d\u2019exp\u00e9rience inspirant.<\/p>\n<p>An<\/p>\n","protected":false},"excerpt":{"rendered":"La d\u00e9dicace du livre de Dr Fansa Kon\u00e9,\u00a0L\u2019excellence n\u2019est pas un mythe, publi\u00e9 au deuxi\u00e8me trimestre 2025 aux&hellip;\n","protected":false},"author":2,"featured_media":265495,"comment_status":"","ping_status":"","sticky":false,"template":"","format":"standard","meta":{"footnotes":""},"categories":[1357],"tags":[34159,34161,34162,1379,58,59,1011,27,1380,34160],"class_list":{"0":"post-265494","1":"post","2":"type-post","3":"status-publish","4":"format-standard","5":"has-post-thumbnail","7":"category-livres","8":"tag-article-actualite","9":"tag-article-actualite-abidjan","10":"tag-article-actualite-cote-d","11":"tag-books","12":"tag-divertissement","13":"tag-entertainment","14":"tag-fr","15":"tag-france","16":"tag-livres","17":"tag-reportage-article"},"share_on_mastodon":{"url":"https:\/\/pubeurope.com\/@fr\/114896744184665107","error":""},"_links":{"self":[{"href":"https:\/\/www.europesays.com\/fr\/wp-json\/wp\/v2\/posts\/265494","targetHints":{"allow":["GET"]}}],"collection":[{"href":"https:\/\/www.europesays.com\/fr\/wp-json\/wp\/v2\/posts"}],"about":[{"href":"https:\/\/www.europesays.com\/fr\/wp-json\/wp\/v2\/types\/post"}],"author":[{"embeddable":true,"href":"https:\/\/www.europesays.com\/fr\/wp-json\/wp\/v2\/users\/2"}],"replies":[{"embeddable":true,"href":"https:\/\/www.europesays.com\/fr\/wp-json\/wp\/v2\/comments?post=265494"}],"version-history":[{"count":0,"href":"https:\/\/www.europesays.com\/fr\/wp-json\/wp\/v2\/posts\/265494\/revisions"}],"wp:featuredmedia":[{"embeddable":true,"href":"https:\/\/www.europesays.com\/fr\/wp-json\/wp\/v2\/media\/265495"}],"wp:attachment":[{"href":"https:\/\/www.europesays.com\/fr\/wp-json\/wp\/v2\/media?parent=265494"}],"wp:term":[{"taxonomy":"category","embeddable":true,"href":"https:\/\/www.europesays.com\/fr\/wp-json\/wp\/v2\/categories?post=265494"},{"taxonomy":"post_tag","embeddable":true,"href":"https:\/\/www.europesays.com\/fr\/wp-json\/wp\/v2\/tags?post=265494"}],"curies":[{"name":"wp","href":"https:\/\/api.w.org\/{rel}","templated":true}]}}