{"id":265496,"date":"2025-07-22T11:52:14","date_gmt":"2025-07-22T11:52:14","guid":{"rendered":"https:\/\/www.europesays.com\/fr\/265496\/"},"modified":"2025-07-22T11:52:14","modified_gmt":"2025-07-22T11:52:14","slug":"tf1-attaque-canal-sur-son-offre-streaming-tv","status":"publish","type":"post","link":"https:\/\/www.europesays.com\/fr\/265496\/","title":{"rendered":"TF1 attaque Canal+ sur son offre streaming TV+"},"content":{"rendered":"<p>                     <img loading=\"lazy\" decoding=\"async\" class=\"picture--cover\" src=\"https:\/\/www.europesays.com\/fr\/wp-content\/uploads\/2025\/07\/9043c3c_upload-1-o0sfsk8364fj-montages-1-1.png\"  width=\"640\" height=\"430\" alt=\"Photo\" title=\"\"\/>       <\/p>\n<p class=\"paywall--paraph\">Une grande claque dans le Paf. Le groupe TF1 a d\u00e9cid\u00e9 d\u2019attaquer en justice Canal+ et sa nouvelle offre TV+ lanc\u00e9e en mai\u00a02024. Ce service permet aux utilisateurs, pour deux euros par mois, et sans engagement, d\u2019acc\u00e9der \u00e0 plus de 80 cha\u00eenes de t\u00e9l\u00e9vision gratuites (dont toutes celles de la TNT) en direct ou en rattrapage et \u00e0 une s\u00e9lection de programmes maison (les s\u00e9ries Versailles, Gomorra, Tokyo Vice\u2026). Le tout via l\u2019application Canal, sans box donc, et accessible lors des d\u00e9placements des abonn\u00e9s n\u2019importe o\u00f9 en Europe. \u00ab\u00a0Ce positionnement, \u00e0 la fois d\u2019\u00e9diteur g\u00e9n\u00e9raliste et d\u2019agr\u00e9gateur, est incomparable. (&#8230;) Notre objectif est de proposer l\u2019offre la plus attractive et la plus compl\u00e8te du march\u00e9\u00a0\u00bb, a expliqu\u00e9 au <a href=\"https:\/\/www.lefigaro.fr\/medias\/tv-la-nouvelle-offre-a-2-euros-par-mois-de-canal-20240522\" target=\"_blank\" rel=\"noopener\" title=\"Nouvelle fen\u00eatre\">Figaro<\/a>, Christophe Pinard-Legry, directeur g\u00e9n\u00e9ral charg\u00e9 du business. Pourtant, peu de temps apr\u00e8s son lancement, TF1 a d\u00e9cid\u00e9 de saisir le tribunal judiciaire de Paris contre son concurrent et vient m\u00eame de remporter une premi\u00e8re manche ce mois-ci, a appris l\u2019Inform\u00e9.<\/p>\n","protected":false},"excerpt":{"rendered":"Une grande claque dans le Paf. Le groupe TF1 a d\u00e9cid\u00e9 d\u2019attaquer en justice Canal+ et sa nouvelle&hellip;\n","protected":false},"author":2,"featured_media":265497,"comment_status":"","ping_status":"","sticky":false,"template":"","format":"standard","meta":{"footnotes":""},"categories":[1356],"tags":[10474,58,59,1011,27,128,252,199,1364],"class_list":{"0":"post-265496","1":"post","2":"type-post","3":"status-publish","4":"format-standard","5":"has-post-thumbnail","7":"category-television","8":"tag-canal","9":"tag-divertissement","10":"tag-entertainment","11":"tag-fr","12":"tag-france","13":"tag-streaming","14":"tag-television","15":"tag-tf1","16":"tag-tv"},"share_on_mastodon":{"url":"https:\/\/pubeurope.com\/@fr\/114896748196025741","error":""},"_links":{"self":[{"href":"https:\/\/www.europesays.com\/fr\/wp-json\/wp\/v2\/posts\/265496","targetHints":{"allow":["GET"]}}],"collection":[{"href":"https:\/\/www.europesays.com\/fr\/wp-json\/wp\/v2\/posts"}],"about":[{"href":"https:\/\/www.europesays.com\/fr\/wp-json\/wp\/v2\/types\/post"}],"author":[{"embeddable":true,"href":"https:\/\/www.europesays.com\/fr\/wp-json\/wp\/v2\/users\/2"}],"replies":[{"embeddable":true,"href":"https:\/\/www.europesays.com\/fr\/wp-json\/wp\/v2\/comments?post=265496"}],"version-history":[{"count":0,"href":"https:\/\/www.europesays.com\/fr\/wp-json\/wp\/v2\/posts\/265496\/revisions"}],"wp:featuredmedia":[{"embeddable":true,"href":"https:\/\/www.europesays.com\/fr\/wp-json\/wp\/v2\/media\/265497"}],"wp:attachment":[{"href":"https:\/\/www.europesays.com\/fr\/wp-json\/wp\/v2\/media?parent=265496"}],"wp:term":[{"taxonomy":"category","embeddable":true,"href":"https:\/\/www.europesays.com\/fr\/wp-json\/wp\/v2\/categories?post=265496"},{"taxonomy":"post_tag","embeddable":true,"href":"https:\/\/www.europesays.com\/fr\/wp-json\/wp\/v2\/tags?post=265496"}],"curies":[{"name":"wp","href":"https:\/\/api.w.org\/{rel}","templated":true}]}}