{"id":265498,"date":"2025-07-22T11:53:10","date_gmt":"2025-07-22T11:53:10","guid":{"rendered":"https:\/\/www.europesays.com\/fr\/265498\/"},"modified":"2025-07-22T11:53:10","modified_gmt":"2025-07-22T11:53:10","slug":"apres-sept-ans-dabsence-mariah-carey-revient-avec-un-nouvel-album-studio","status":"publish","type":"post","link":"https:\/\/www.europesays.com\/fr\/265498\/","title":{"rendered":"Apr\u00e8s sept ans d\u2019absence, Mariah Carey revient avec un nouvel album studio"},"content":{"rendered":"<p>Intitul\u00e9 Here For It All, le seizi\u00e8me disque de la chanteuse sortira le 26 septembre. Le premier extrait, Type Dangerous, laisse pr\u00e9sager un album aux sonorit\u00e9s R\u2019n\u2019B.<\/p>\n<p class=\"fig-paragraph\">La \u00ab\u00a0reine de No\u00ebl\u00a0\u00bb\u00a0<a href=\"http:\/\/www.lefigaro.fr\/musique\/mariah-carey-accusee-de-plagiat-pour-son-tube-all-i-want-for-christmas-is-you-remporte-le-proces-20250321\" data-fig-type=\"NewsFlash\" data-gtm-custom-categorie=\"navigation\" data-gtm-custom-action=\"crossclick\" data-gtm-custom-label=\"Contextuel\" data-gtm-event=\"customEventSPE\" data-fig-domain=\"LEFIGARO\" target=\"_blank\" rel=\"noopener\">Mariah Carey<\/a>\u00a0est bient\u00f4t de retour. Non pas avec un \u00e9ni\u00e8me clip de son tube inusable\u00a0<a href=\"https:\/\/www.lefigaro.fr\/musique\/les-anglais-ne-supportent-plus-all-i-want-for-christmas-is-you-de-mariah-carrey-20191206\" data-fig-type=\"Article\" data-gtm-custom-categorie=\"navigation\" data-gtm-custom-action=\"crossclick\" data-gtm-custom-label=\"Contextuel\" data-gtm-event=\"customEventSPE\" data-fig-domain=\"LEFIGARO\" target=\"_blank\" rel=\"noopener\">All I Want for Christmas Is You<\/a> , mais avec son 16e album, intitul\u00e9 Here For It All et dont la sortie est pr\u00e9vue le 26\u00a0septembre. La star a annonc\u00e9 la nouvelle sur ses r\u00e9seaux sociaux lundi. \u00ab\u00a0Je suis tellement heureuse de d\u00e9voiler enfin mon nouvel album au monde entier. Je l\u2019ai gard\u00e9 secret pendant une \u00e9ternit\u00e9\u00a0! On y est presque, et j\u2019ai h\u00e2te que vous l\u2019\u00e9coutiez\u00a0\u00bb, a-t-elle comment\u00e9 dans une story publi\u00e9e sur Instagram.<\/p>\n<p class=\"fig-paragraph\">En attendant sa sortie, Mariah Carey a d\u00e9voil\u00e9 le 11\u00a0juillet son premier extrait aux accents R\u2019n\u2019B, Type Dangerous. Co-compos\u00e9 par la chanteuse, le morceau fait l\u2019\u00e9loge de la passion amoureuse et toxique\u00a0: \u00ab I\u2019ve never been afraid of love \/ That\u2019s why I like \u2019em dangerous\u00a0\u00bb, que l\u2019on peut traduire par\u00a0: \u00ab\u00a0Je n\u2019ai jamais eu peur de l\u2019amour \/ C\u2019est pour \u00e7a que je les aime dangereux\u00a0\u00bb. Le titre a b\u00e9n\u00e9fici\u00e9 de plusieurs remixes, dont un sign\u00e9 par\u00a0<a href=\"http:\/\/www.lefigaro.fr\/musique\/dj-snake-premier-artiste-francais-a-investir-la-sphere-de-las-vegas-20250717\" data-fig-type=\"Article\" data-gtm-custom-categorie=\"navigation\" data-gtm-custom-action=\"crossclick\" data-gtm-custom-label=\"Contextuel\" data-gtm-event=\"customEventSPE\" data-fig-domain=\"LEFIGARO\" target=\"_blank\" rel=\"noopener\">le fran\u00e7ais DJ\u00a0Snake<\/a>.<\/p>\n<p>                                    <a class=\"fig-a11y-skip a11y-hidden\" href=\"#fig-a11y-skip-main-inarticle\"><br \/>\n        Passer la publicit\u00e9<br \/>\n    <\/a><\/p>\n<p>Un concert dans la r\u00e9sidence de Charles III<\/p>\n<p class=\"fig-paragraph\">Sept ann\u00e9es se sont \u00e9coul\u00e9es depuis la sortie du dernier album de Mariah Carey, Caution. Port\u00e9 par les singles GFTO, With You et A No No, le disque s\u2019\u00e9tait hiss\u00e9 \u00e0 la cinqui\u00e8me place du classement am\u00e9ricain. Depuis, la chanteuse a capitalis\u00e9 sur ses anciens succ\u00e8s en r\u00e9\u00e9ditant, \u00e0 plusieurs reprises, son disque de No\u00ebl, Merry Christmas. C\u00f4t\u00e9 sc\u00e8ne, la diva n\u2019a plus jou\u00e9 de tourn\u00e9e mondiale depuis le Caution World Tour, en 2019. Si elle laisse planer le myst\u00e8re sur l\u2019annonce de sa prochaine s\u00e9rie de concerts, Mariah Carey sera l\u2019une des t\u00eates d\u2019affiche du festival Heritage Live. Selon\u00a0<a href=\"https:\/\/www.bbc.com\/news\/articles\/cewkx4z4yr0o\" target=\"_blank\" rel=\"sponsored noopener\" data-gtm-custom-categorie=\"navigation\" data-gtm-custom-action=\"crossclick\" data-gtm-custom-label=\"Contextuel\" data-gtm-event=\"customEventSPE\">la BBC<\/a>, elle jouera le 15 ao\u00fbt dans la r\u00e9sidence du\u00a0<a href=\"http:\/\/www.lefigaro.fr\/international\/face-aux-tentatives-d-annexion-de-donald-trump-le-roi-charles-iii-au-secours-de-ses-sujets-canadiens-20250526\" data-fig-type=\"Article\" data-gtm-custom-categorie=\"navigation\" data-gtm-custom-action=\"crossclick\" data-gtm-custom-label=\"Contextuel\" data-gtm-event=\"customEventSPE\" data-fig-domain=\"LEFIGARO\" target=\"_blank\" rel=\"noopener\">roi Charles III\u00a0<\/a>\u00e0 Sandrigham.<\/p>\n","protected":false},"excerpt":{"rendered":"Intitul\u00e9 Here For It All, le seizi\u00e8me disque de la chanteuse sortira le 26 septembre. Le premier extrait,&hellip;\n","protected":false},"author":2,"featured_media":265499,"comment_status":"","ping_status":"","sticky":false,"template":"","format":"standard","meta":{"footnotes":""},"categories":[1355],"tags":[58,59,1011,27,34115,1361,873,7206],"class_list":{"0":"post-265498","1":"post","2":"type-post","3":"status-publish","4":"format-standard","5":"has-post-thumbnail","7":"category-musique","8":"tag-divertissement","9":"tag-entertainment","10":"tag-fr","11":"tag-france","12":"tag-mariah-carey","13":"tag-music","14":"tag-musique","15":"tag-nouvel-album"},"share_on_mastodon":{"url":"https:\/\/pubeurope.com\/@fr\/114896752120912470","error":""},"_links":{"self":[{"href":"https:\/\/www.europesays.com\/fr\/wp-json\/wp\/v2\/posts\/265498","targetHints":{"allow":["GET"]}}],"collection":[{"href":"https:\/\/www.europesays.com\/fr\/wp-json\/wp\/v2\/posts"}],"about":[{"href":"https:\/\/www.europesays.com\/fr\/wp-json\/wp\/v2\/types\/post"}],"author":[{"embeddable":true,"href":"https:\/\/www.europesays.com\/fr\/wp-json\/wp\/v2\/users\/2"}],"replies":[{"embeddable":true,"href":"https:\/\/www.europesays.com\/fr\/wp-json\/wp\/v2\/comments?post=265498"}],"version-history":[{"count":0,"href":"https:\/\/www.europesays.com\/fr\/wp-json\/wp\/v2\/posts\/265498\/revisions"}],"wp:featuredmedia":[{"embeddable":true,"href":"https:\/\/www.europesays.com\/fr\/wp-json\/wp\/v2\/media\/265499"}],"wp:attachment":[{"href":"https:\/\/www.europesays.com\/fr\/wp-json\/wp\/v2\/media?parent=265498"}],"wp:term":[{"taxonomy":"category","embeddable":true,"href":"https:\/\/www.europesays.com\/fr\/wp-json\/wp\/v2\/categories?post=265498"},{"taxonomy":"post_tag","embeddable":true,"href":"https:\/\/www.europesays.com\/fr\/wp-json\/wp\/v2\/tags?post=265498"}],"curies":[{"name":"wp","href":"https:\/\/api.w.org\/{rel}","templated":true}]}}