{"id":26550,"date":"2025-04-15T12:50:10","date_gmt":"2025-04-15T12:50:10","guid":{"rendered":"https:\/\/www.europesays.com\/fr\/26550\/"},"modified":"2025-04-15T12:50:10","modified_gmt":"2025-04-15T12:50:10","slug":"j-d-vance-appelle-leurope-a-ne-pas-etre-un-vassal-permanent-des-etats-unis","status":"publish","type":"post","link":"https:\/\/www.europesays.com\/fr\/26550\/","title":{"rendered":"J.D.\u00a0Vance appelle l\u2019Europe \u00e0 ne pas \u00eatre un \u00ab\u00a0vassal permanent\u00a0\u00bb des Etats-Unis"},"content":{"rendered":"<p>Le vice-pr\u00e9sident am\u00e9ricain <a href=\"https:\/\/www.20minutes.fr\/monde\/vance\/\" class=\"color-ultramarine c-link\" rel=\"nofollow noopener\" target=\"_blank\">J.D. Vance<\/a> affirme que l\u2019<a href=\"https:\/\/www.20minutes.fr\/dossier\/ue\" class=\"color-ultramarine c-link\" rel=\"nofollow noopener\" target=\"_blank\">Europe<\/a> ne devrait plus \u00eatre un \u00ab\u00a0vassal permanent\u00a0\u00bb des <a href=\"https:\/\/www.20minutes.fr\/monde\/etats-unis\/\" class=\"color-ultramarine c-link\" rel=\"nofollow noopener\" target=\"_blank\">Etats-Unis<\/a> pour sa s\u00e9curit\u00e9 et son commerce. C\u2019est ce qu\u2019il a d\u00e9clar\u00e9 mardi, dans un entretien au site d\u2019information britannique UnHerd.<\/p>\n<p>\u00ab\u00a0Nous consid\u00e9rons l\u2019Europe comme notre alli\u00e9e. Nous souhaitons simplement une alliance o\u00f9 les Europ\u00e9ens seront un peu plus ind\u00e9pendants, et nos relations en mati\u00e8re de s\u00e9curit\u00e9 et de commerce vont le refl\u00e9ter\u00a0\u00bb, a d\u00e9clar\u00e9 J.D. Vance, qui s\u2019en est d\u00e9j\u00e0 pris \u00e0 plusieurs reprises aux dirigeants europ\u00e9ens. \u00ab\u00a0Ce n\u2019est pas bon pour l\u2019Europe, et ce n\u2019est pas dans l\u2019int\u00e9r\u00eat de l\u2019Am\u00e9rique, que l\u2019Europe soit un vassal permanent des Etats-Unis en termes de s\u00e9curit\u00e9\u00a0\u00bb, a-t-il insist\u00e9.<\/p>\n<\/p>\n<p>\u00ab\u00a0La plupart des Etats europ\u00e9ens\u00a0\u00bb n\u2019auraient pas d\u2019arm\u00e9e suffisante<\/p>\n<p>\u00ab\u00a0La r\u00e9alit\u00e9 est que &#8211; c\u2019est brutal \u00e0 dire, mais c\u2019est vrai &#8211; toute l\u2019infrastructure de s\u00e9curit\u00e9 europ\u00e9enne a \u00e9t\u00e9, depuis ma naissance, subventionn\u00e9e par les Etats-Unis d\u2019Am\u00e9rique\u00a0\u00bb, a d\u00e9nonc\u00e9 J.D. Vance. A l\u2019exception de la France, du Royaume-Uni et de la Pologne, selon lui, \u00ab\u00a0la plupart des Etats europ\u00e9ens ne disposent pas d\u2019une arm\u00e9e capable d\u2019assurer une d\u00e9fense raisonnable\u00a0\u00bb.<\/p>\n<p>D\u00e9but mars,<a href=\"https:\/\/www.20minutes.fr\/monde\/ukraine\/4141923-20250305-guerre-ukraine-pourquoi-petite-phrase-vance-niveau-armees-francaise-anglaise-passe-mal\" class=\"color-ultramarine c-link\" rel=\"nofollow noopener\" target=\"_blank\"> il avait choqu\u00e9 les Europ\u00e9ens<\/a> en affirmant que pour l\u2019Ukraine, conclure un accord \u00e9conomique avec les Etats-Unis serait \u00ab\u00a0une meilleure garantie de s\u00e9curit\u00e9 que 20.000 soldats d\u2019un pays quelconque qui n\u2019a pas men\u00e9 de guerre depuis 30 ou 40 ans\u00a0\u00bb. Evoquant les n\u00e9gociations entre Londres et Washington pour conclure un accord \u00e9conomique bilat\u00e9ral, le vice-pr\u00e9sident a estim\u00e9 qu\u2019elles avaient \u00ab\u00a0de bonnes chances\u00a0\u00bb d\u2019aboutir \u00e0 un \u00ab\u00a0excellent accord qui soit dans le meilleur int\u00e9r\u00eat des deux pays\u00a0\u00bb. Depuis son retour \u00e0 la Maison-Blanche, Donald Trump somme les Europ\u00e9ens de d\u00e9penser plus pour assurer leur propre d\u00e9fense et a vivement critiqu\u00e9 l\u2019Union europ\u00e9enne, qu\u2019il accuse notamment de mener une politique commerciale in\u00e9quitable envers les Etats-Unis.<\/p>\n","protected":false},"excerpt":{"rendered":"Le vice-pr\u00e9sident am\u00e9ricain J.D. Vance affirme que l\u2019Europe ne devrait plus \u00eatre un \u00ab\u00a0vassal permanent\u00a0\u00bb des Etats-Unis pour&hellip;\n","protected":false},"author":2,"featured_media":26551,"comment_status":"","ping_status":"","sticky":false,"template":"","format":"standard","meta":{"footnotes":""},"categories":[5],"tags":[47,11,1813,73,674,1011,27,14,79,74,12,28],"class_list":{"0":"post-26550","1":"post","2":"type-post","3":"status-publish","4":"format-standard","5":"has-post-thumbnail","7":"category-international","8":"tag-actualite","9":"tag-actualites","10":"tag-armee","11":"tag-etats-unis","12":"tag-europe","13":"tag-fr","14":"tag-france","15":"tag-international","16":"tag-j-d-vance","17":"tag-monde","18":"tag-news","19":"tag-world"},"share_on_mastodon":{"url":"https:\/\/pubeurope.com\/@fr\/114342069787791152","error":""},"_links":{"self":[{"href":"https:\/\/www.europesays.com\/fr\/wp-json\/wp\/v2\/posts\/26550","targetHints":{"allow":["GET"]}}],"collection":[{"href":"https:\/\/www.europesays.com\/fr\/wp-json\/wp\/v2\/posts"}],"about":[{"href":"https:\/\/www.europesays.com\/fr\/wp-json\/wp\/v2\/types\/post"}],"author":[{"embeddable":true,"href":"https:\/\/www.europesays.com\/fr\/wp-json\/wp\/v2\/users\/2"}],"replies":[{"embeddable":true,"href":"https:\/\/www.europesays.com\/fr\/wp-json\/wp\/v2\/comments?post=26550"}],"version-history":[{"count":0,"href":"https:\/\/www.europesays.com\/fr\/wp-json\/wp\/v2\/posts\/26550\/revisions"}],"wp:featuredmedia":[{"embeddable":true,"href":"https:\/\/www.europesays.com\/fr\/wp-json\/wp\/v2\/media\/26551"}],"wp:attachment":[{"href":"https:\/\/www.europesays.com\/fr\/wp-json\/wp\/v2\/media?parent=26550"}],"wp:term":[{"taxonomy":"category","embeddable":true,"href":"https:\/\/www.europesays.com\/fr\/wp-json\/wp\/v2\/categories?post=26550"},{"taxonomy":"post_tag","embeddable":true,"href":"https:\/\/www.europesays.com\/fr\/wp-json\/wp\/v2\/tags?post=26550"}],"curies":[{"name":"wp","href":"https:\/\/api.w.org\/{rel}","templated":true}]}}