{"id":265502,"date":"2025-07-22T11:55:11","date_gmt":"2025-07-22T11:55:11","guid":{"rendered":"https:\/\/www.europesays.com\/fr\/265502\/"},"modified":"2025-07-22T11:55:11","modified_gmt":"2025-07-22T11:55:11","slug":"un-second-cas-autochtone-detecte-en-isere","status":"publish","type":"post","link":"https:\/\/www.europesays.com\/fr\/265502\/","title":{"rendered":"un second cas autochtone d\u00e9tect\u00e9 en Is\u00e8re"},"content":{"rendered":"<p>Apr\u00e8s un premier cas autochtone de chikungunya signal\u00e9 le 4\u00a0juillet \u00e0 <a href=\"https:\/\/www.ledauphine.com\/sante\/2025\/07\/08\/isere-une-suspicion-de-cas-de-chikungunya-a-claix-une-demoustication-programmee-dans-la-nuit-du-8-au-9-juillet\" target=\"_blank\" rel=\"noopener\">Claix<\/a> , l\u2019Agence r\u00e9gionale de sant\u00e9 Auvergne-Rh\u00f4ne-Alpes annonce avoir re\u00e7u, le 18\u00a0juillet, le signalement d\u2019un second cas autochtone, dans le m\u00eame secteur.<\/p>\n<p>\u201cCe cas vit dans le p\u00e9rim\u00e8tre trait\u00e9 initialement pour le premier cas autochtone, ce qui laisse \u00e0 penser qu\u2019il a \u00e9t\u00e9 piqu\u00e9 par un moustique tigre infect\u00e9 juste avant les op\u00e9rations de d\u00e9moustication\u201d, pr\u00e9cise l\u2019ARS dans un communiqu\u00e9.<\/p>\n<p>\u201cOn parle de cas autochtone quand une personne a contract\u00e9 la maladie sans avoir voyag\u00e9 en zone contamin\u00e9e dans les 15 jours pr\u00e9c\u00e9dant l\u2019apparition des sympt\u00f4mes. Le chikungunya se transmet de personne \u00e0 personne par l\u2019interm\u00e9diaire de la piq\u00fbre d\u2019un moustique tigre, lui-m\u00eame infect\u00e9 par le virus\u201d, d\u00e9taille l\u2019Agence r\u00e9gionale de sant\u00e9 qui annonce qu\u2019 \u201cune op\u00e9ration de <a href=\"https:\/\/www.ledauphine.com\/videos\/un-traitement-anti-moustique-realise-dans-un-village-dromois-suite-a-un-cas-de-chikungunya-30sr0qz\" target=\"_blank\" rel=\"noopener\">d\u00e9moustication<\/a>, men\u00e9e par l\u2019Entente interd\u00e9partementale Rh\u00f4ne-Alpes pour la d\u00e9moustication (EIRAD), est programm\u00e9e dans la nuit du mardi\u00a022 au mercredi 23\u00a0juillet, si les conditions m\u00e9t\u00e9orologiques le permettent\u201d.<\/p>\n<p>  Fi\u00e8vre \u00e9lev\u00e9e associ\u00e9e, douleurs musculaires, articulaires ou lombaires, \u00e9ruptions cutan\u00e9es et maux de t\u00eate<\/p>\n<p>\u201cL\u2019objectif de ce traitement est de limiter les risques de transmission \u00e0 d\u2019autres personnes en \u00e9liminant les g\u00eetes larvaires et les moustiques adultes, vecteurs du virus. Les habitants du secteur concern\u00e9 ont \u00e9t\u00e9 inform\u00e9s par un flyer d\u00e9pos\u00e9 dans leur bo\u00eete aux lettres. Si les habitants n\u2019ont pas re\u00e7u d\u2019informations dans leur bo\u00eete aux lettres, c\u2019est que leur logement n\u2019est pas concern\u00e9 par ces traitements\u201d, ajoute l\u2019ARS.<\/p>\n<p>Les sympt\u00f4mes \u00e9vocateurs du chikungunya sont une fi\u00e8vre \u00e9lev\u00e9e associ\u00e9e \u00e0 des douleurs musculaires, articulaires ou lombaires et\/ou des \u00e9ruptions cutan\u00e9es e\/ou des maux de t\u00eate.<\/p>\n<p>\u201cLes personnes revenant de voyage en zone tropicale doivent \u00eatre particuli\u00e8rement vigilantes, \u00e9viter de se faire piquer par des moustiques tigres \u00e0 leur retour et consulter imm\u00e9diatement un m\u00e9decin en cas d\u2019apparition de sympt\u00f4mes. Les personnes vivant dans un secteur o\u00f9 les moustiques tigres sont pr\u00e9sents doivent \u00e9galement rester attentives et consulter un m\u00e9decin en cas de doute\u201d, pr\u00e9vient l\u2019Agence r\u00e9gionale de sant\u00e9.<\/p>\n","protected":false},"excerpt":{"rendered":"Apr\u00e8s un premier cas autochtone de chikungunya signal\u00e9 le 4\u00a0juillet \u00e0 Claix , l\u2019Agence r\u00e9gionale de sant\u00e9 Auvergne-Rh\u00f4ne-Alpes&hellip;\n","protected":false},"author":2,"featured_media":265503,"comment_status":"","ping_status":"","sticky":false,"template":"","format":"standard","meta":{"footnotes":""},"categories":[10],"tags":[9600,271,272,113,274,107,1011,27,329,72,108,71],"class_list":{"0":"post-265502","1":"post","2":"type-post","3":"status-publish","4":"format-standard","5":"has-post-thumbnail","7":"category-sante","8":"tag-claix","9":"tag-crime","10":"tag-delit-et-contravention","11":"tag-edition-gresivaudan-oisans","12":"tag-faits-divers-justice","13":"tag-fil-info","14":"tag-fr","15":"tag-france","16":"tag-france-monde","17":"tag-health","18":"tag-isere","19":"tag-sante"},"share_on_mastodon":{"url":"https:\/\/pubeurope.com\/@fr\/114896759888703448","error":""},"_links":{"self":[{"href":"https:\/\/www.europesays.com\/fr\/wp-json\/wp\/v2\/posts\/265502","targetHints":{"allow":["GET"]}}],"collection":[{"href":"https:\/\/www.europesays.com\/fr\/wp-json\/wp\/v2\/posts"}],"about":[{"href":"https:\/\/www.europesays.com\/fr\/wp-json\/wp\/v2\/types\/post"}],"author":[{"embeddable":true,"href":"https:\/\/www.europesays.com\/fr\/wp-json\/wp\/v2\/users\/2"}],"replies":[{"embeddable":true,"href":"https:\/\/www.europesays.com\/fr\/wp-json\/wp\/v2\/comments?post=265502"}],"version-history":[{"count":0,"href":"https:\/\/www.europesays.com\/fr\/wp-json\/wp\/v2\/posts\/265502\/revisions"}],"wp:featuredmedia":[{"embeddable":true,"href":"https:\/\/www.europesays.com\/fr\/wp-json\/wp\/v2\/media\/265503"}],"wp:attachment":[{"href":"https:\/\/www.europesays.com\/fr\/wp-json\/wp\/v2\/media?parent=265502"}],"wp:term":[{"taxonomy":"category","embeddable":true,"href":"https:\/\/www.europesays.com\/fr\/wp-json\/wp\/v2\/categories?post=265502"},{"taxonomy":"post_tag","embeddable":true,"href":"https:\/\/www.europesays.com\/fr\/wp-json\/wp\/v2\/tags?post=265502"}],"curies":[{"name":"wp","href":"https:\/\/api.w.org\/{rel}","templated":true}]}}