{"id":265504,"date":"2025-07-22T11:56:12","date_gmt":"2025-07-22T11:56:12","guid":{"rendered":"https:\/\/www.europesays.com\/fr\/265504\/"},"modified":"2025-07-22T11:56:12","modified_gmt":"2025-07-22T11:56:12","slug":"en-direct-tour-de-france-les-echappes-perdent-du-temps-pogacar-arrive-en-favori-au-mont-ventoux","status":"publish","type":"post","link":"https:\/\/www.europesays.com\/fr\/265504\/","title":{"rendered":"EN DIRECT &#8211; Tour de France : les \u00e9chapp\u00e9s perdent du temps, Pogacar arrive en favori au Mont Ventoux"},"content":{"rendered":"<p>\n        13:54\n            <\/p>\n<p class=\"fig-live-post__title\" role=\"heading\" aria-level=\"3\">Le peloton rattrape les hommes de t\u00eate<\/p>\n<p class=\"fig-paragraph\">Plus que 40 secondes d\u2019avance sur le peloton pour les \u00e9chapp\u00e9s. Il reste 107 km.<\/p>\n<p>\n        13:48\n            <\/p>\n<p class=\"fig-live-post__title\" role=\"heading\" aria-level=\"3\">Tour de France : dix choses que vous ne connaissez (peut-\u00eatre pas) sur Tadej Pogacar<\/p>\n<p class=\"fig-paragraph\"><strong>Sa vie calme et discr\u00e8te \u00e0 Monaco, sa passion pour les voitures de sport, son idole de jeunesse ou encore son go\u00fbt pour le jeu. D\u00e9couvrez quelques facettes cach\u00e9es du triple vainqueur du Tour de France.<\/strong><\/p>\n<p class=\"fig-paragraph\">Triple vainqueur du\u00a0<a href=\"http:\/\/www.lefigaro.fr\/sports\/cyclisme\/tour-de-france\/contre-la-montre-a-peyragudes-le-nouveau-tour-de-force-de-tadej-pogacar-20250718\" target=\"_blank\" data-fig-type=\"Article\" rel=\"noopener\" data-gtm-custom-categorie=\"navigation\" data-gtm-custom-action=\"crossclick\" data-gtm-custom-label=\"Contextuel\" data-gtm-event=\"customEventSPE\" data-fig-domain=\"LEFIGARO\">Tour de France<\/a>\u00a0est le coureur le mieux r\u00e9mun\u00e9r\u00e9 du peloton avec un salaire de huit millions d\u2019euros par saison. Cette somme ne comprend pas les diff\u00e9rents contrats publicitaires. Le Slov\u00e8ne est sous contrat&#8230;<\/p>\n<p class=\"fig-paragraph\"><a href=\"http:\/\/www.lefigaro.fr\/sports\/cyclisme\/tour-de-france\/tour-de-france-dix-choses-que-vous-ne-connaissez-peut-etre-pas-sur-tadej-pogacar-20250719\" data-fig-type=\"NewsFlash\" data-gtm-custom-categorie=\"navigation\" data-gtm-custom-action=\"crossclick\" data-gtm-custom-label=\"Contextuel\" data-gtm-event=\"customEventSPE\" data-fig-domain=\"LEFIGARO\" target=\"_blank\" rel=\"noopener\">L\u2019article complet est disponible en cliquant ici.<\/a><\/p>\n<p>\n        13:30\n            <\/p>\n<p class=\"fig-live-post__title\" role=\"heading\" aria-level=\"3\">Delettre \u00e0 l\u2019attaque<\/p>\n<p class=\"fig-paragraph\">Le Fran\u00e7ais, un temps accompagn\u00e9 par Nils Politt, s\u2019\u00e9lance seul et tente de rattraper les 40 secondes qui le s\u00e9parent des hommes de t\u00eate. Il reste 126,5 km. Le peloton est \u00e0 une minute des \u00e9chapp\u00e9s.<\/p>\n<p>\n        13:27\n            <\/p>\n<p class=\"fig-live-post__title\" role=\"heading\" aria-level=\"3\">Des \u00e9carts qui font l\u2019accord\u00e9on<\/p>\n<p class=\"fig-paragraph\">Apr\u00e8s avoir vu le peloton revenir \u00e0 moins de dix secondes \u00e0 plusieurs reprises, les trois \u00e9chapp\u00e9s s\u2019\u00e9chappent et comptent 45 secondes d\u2019avance. Ce sont toujours Xandro Meurisse, Marco Haller et Marc Hirschi.<\/p>\n<p>    Les trois \u00e9chapp\u00e9s du jour, juste devant le peloton.<br \/>\n                Sarah Meyssonnier \/ REUTERS<\/p>\n<p>\n        13:22\n            <\/p>\n<p class=\"fig-live-post__title\" role=\"heading\" aria-level=\"3\">Gachignard en difficult\u00e9<\/p>\n<p class=\"fig-paragraph\">Le Fran\u00e7ais a pass\u00e9 un long moment \u00e0 c\u00f4t\u00e9 de la voiture de son \u00e9quipe TotalEnergies, il semble malade et tente de rejoindre le peloton.<\/p>\n<p>\n        13:16\n            <\/p>\n<p class=\"fig-live-post__title\" role=\"heading\" aria-level=\"3\">Van Aert attaque dans le peloton<\/p>\n<p class=\"fig-paragraph\">Le Belge acc\u00e9l\u00e8re et tente de rejoindre le deuxi\u00e8me groupe, quelques secondes devant lui. Il est notamment compos\u00e9 de Mauro Schmid, Hugo Page, Jonathan Milan et Benjamin Thomas, qui en a termin\u00e9 avec sa course en solitaire.<\/p>\n<p>\n        13:13\n            <\/p>\n<p class=\"fig-live-post__title\" role=\"heading\" aria-level=\"3\">Trois groupes distincts<\/p>\n<p class=\"fig-paragraph\">Les \u00e9chapp\u00e9s ont repris un peu d\u2019avance. Ils ont 25 secondes de marge sur un solitaire Benjamin Thomas qui tente de les rejoindre. Le peloton est 15 secondes derri\u00e8re le Fran\u00e7ais.<\/p>\n<p>\n        13:08\n            <\/p>\n<p class=\"fig-live-post__title\" role=\"heading\" aria-level=\"3\">Les \u00e9chapp\u00e9s restent devant<\/p>\n<p class=\"fig-paragraph\">Les trois coureurs de t\u00eate avaient pris une avance de 30 secondes avant d\u2019\u00eatre rattrap\u00e9s par le peloton. Haller, Hirschi et Meurisse ne comptent plus que 12 secondes de marge.<\/p>\n<p>\n        13:04\n            <\/p>\n<p class=\"fig-live-post__title\" role=\"heading\" aria-level=\"3\">Retour sur la grosse info du jour : l\u2019abandon de Mathieu van der Poel<\/p>\n<p class=\"fig-paragraph\"><strong>Le N\u00e9erlandais de l\u2019\u00e9quipe Alpecin ne prendra pas le d\u00e9part de la 16e \u00e9tape en direction du Mont Ventoux ce mardi.<\/strong><\/p>\n<p class=\"fig-paragraph\">Le N\u00e9erlandais Mathieu van der Poel souffre d\u2019une pneumonie et quitte le Tour de France, a annonc\u00e9 mardi son \u00e9quipe Alpecin avant le d\u00e9part de la 16e \u00e9tape entre Montpellier et le Mont Ventoux.\u00a0\u00abMathieu pr\u00e9sentait des sympt\u00f4mes&#8230;<\/p>\n<p class=\"fig-body-link\">\n            \u00c0 lire aussi<br \/>\n        <a class=\"fig-body-link__link\" href=\"http:\/\/www.lefigaro.fr\/sports\/cyclisme\/tour-de-france\/tour-de-france-victime-d-une-pneumonie-mathieu-van-der-poel-contraint-a-l-abandon-20250722\" data-fig-type=\"NewsFlash\" rel=\"nofollow noopener\" data-gtm-custom-categorie=\"navigation\" data-gtm-custom-action=\"crossclick\" data-gtm-custom-label=\"Contextuel\" data-gtm-event=\"customEventSPE\" data-fig-domain=\"LEFIGARO\" target=\"_blank\">Victime d\u2019une pneumonie, Mathieu van der Poel contraint \u00e0 l\u2019abandon<br \/>\n    <\/a>\n<\/p>\n<p>\n        13:00\n            <\/p>\n<p class=\"fig-live-post__title\" role=\"heading\" aria-level=\"3\">Peu de vent pour le moment<\/p>\n<p class=\"fig-paragraph\">Les coureurs ont commenc\u00e9 fort et sont \u00e0 une allure moyenne de 54km\/h depuis le d\u00e9but de l\u2019\u00e9tape. Il n\u2019y a pas de vent pour les aider en ce moment.<\/p>\n<p>\n        12:56\n            <\/p>\n<p class=\"fig-live-post__title\" role=\"heading\" aria-level=\"3\">Arkea soud\u00e9e autour de Vauquelin<\/p>\n<p class=\"fig-paragraph\">L\u2019\u00e9quipe fran\u00e7aise esp\u00e8re tirer son \u00e9pingle du jeu au milieu du peloton pour mettre son leader et cinqui\u00e8me du g\u00e9n\u00e9ral K\u00e9vin Vauquelin dans les meilleures dispositions possibles.<\/p>\n<p>\n        12:53\n            <\/p>\n<p class=\"fig-live-post__title\" role=\"heading\" aria-level=\"3\">3 coureurs dans l\u2019\u00e9chapp\u00e9e<\/p>\n<p class=\"fig-paragraph\">Xandro Meurisse, Marco Haller et Michael Storer ont r\u00e9ussi \u00e0 creuse un petit \u00e9cart sur le peloton. Ils ont 11 secondes d\u2019avance.<\/p>\n<p>\n        12:47\n            <\/p>\n<p class=\"fig-live-post__title\" role=\"heading\" aria-level=\"3\">Un peloton group\u00e9<\/p>\n<p class=\"fig-paragraph\">Les coureurs qui tentent de s\u2019\u00e9chapper sont rapidement repris pour le moment, le peloton est \u00e9tendu mais forme toujours un seul bloc de 165 coureurs.<\/p>\n<p>\n        12:41\n            <\/p>\n<p class=\"fig-live-post__title\" role=\"heading\" aria-level=\"3\">Martinez \u00e0 l\u2019avant<\/p>\n<p class=\"fig-paragraph\">Alors que les attaquants ont \u00e9t\u00e9 directement repris par le peloton. Le maillot \u00e0 pois Lenny Martinez se place aux avant-postes.<\/p>\n<p>\n        12:39\n            <\/p>\n<p class=\"fig-live-post__title\" role=\"heading\" aria-level=\"3\">Le d\u00e9part r\u00e9el a \u00e9t\u00e9 lanc\u00e9 !<\/p>\n<p class=\"fig-paragraph\">C\u2019est parti pour la seizi\u00e8me \u00e9tape de la Grande Boucle. Wout van Aert a attaqu\u00e9 d\u2019entr\u00e9e, quelques coureurs le suivent dont Jonathan Milan.<\/p>\n<p>\n        12:37\n            <\/p>\n<p class=\"fig-live-post__title\" role=\"heading\" aria-level=\"3\">Pogacar seul contre tous ?<\/p>\n<p class=\"fig-paragraph\">Le Fran\u00e7ais Guillaume Martin-Guyonnet a rappel\u00e9 que le Slov\u00e8ne \u00e9tait loin d\u2019\u00eatre le seul \u00e0 vouloir s\u2019imposer au Mont Ventoux.<\/p>\n<p>\n        12:32\n            <\/p>\n<p class=\"fig-live-post__title\" role=\"heading\" aria-level=\"3\">Un changement en vue chez UAE ?<\/p>\n<p class=\"fig-paragraph\">L\u2019\u00e9quipe de Tadej Pogacar pourrait perdre un de ses membres. Le coureur espagnol de 22 ans Juan Ayuso, sous contrat jusqu\u2019en 2028, aurait \u00e9mis le souhait de quitter UAE-Emirates. Il a m\u00eame engag\u00e9 un agent pour r\u00e9gler sa situation.<\/p>\n<p>\n        12:28\n            <\/p>\n<p class=\"fig-live-post__title\" role=\"heading\" aria-level=\"3\">\u00abGagner le Tour de France d\u2019ici 2030\u00bb : CMA CGM rejoint Decathlon comme co-sponsor et affiche de grandes ambitions<\/p>\n<p class=\"fig-paragraph\"><strong>CMA CGM a annonc\u00e9 ce lundi qu\u2019il allait devenir le co-sponsor d\u00e8s la saison prochaine de l\u2019\u00e9quipe cycliste d\u00e9tenue par Decathlon. Avec des ambitions assum\u00e9es.<\/strong><\/p>\n<p class=\"fig-paragraph\">Une sacr\u00e9e annonce. C\u2019est officiel, alors qu<a href=\"http:\/\/www.lefigaro.fr\/sports\/cyclisme\/tour-de-france\/tour-de-france-ag2r-se-retire-apres-28-ans-decathlon-affiche-son-ambition-20250707\" target=\"_blank\" data-fig-type=\"NewsFlash\" rel=\"noopener\" data-gtm-custom-categorie=\"navigation\" data-gtm-custom-action=\"crossclick\" data-gtm-custom-label=\"Contextuel\" data-gtm-event=\"customEventSPE\" data-fig-domain=\"LEFIGARO\">\u2019AG2R a annonc\u00e9 la fin de son aventure sur le Tour de France\u00a0<\/a>et dans le peloton professionnel apr\u00e8s cette \u00e9dition 2025, le transporteur CMA CGM est le nouveau co-sponsor de Decathlon&#8230;<\/p>\n<p class=\"fig-paragraph\">Vous pouvez retrouver l\u2019article complet\u00a0<a href=\"http:\/\/www.lefigaro.fr\/sports\/cyclisme\/tour-de-france\/tour-de-france-cma-cgm-rejoint-decathlon-comme-co-sponsor-de-son-equipe-cycliste-paul-seixas-au-centre-du-projet-20250721\" data-fig-type=\"NewsFlash\" data-gtm-custom-categorie=\"navigation\" data-gtm-custom-action=\"crossclick\" data-gtm-custom-label=\"Contextuel\" data-gtm-event=\"customEventSPE\" data-fig-domain=\"LEFIGARO\" target=\"_blank\" rel=\"noopener\">en cliquant ici.<\/a><\/p>\n<p>\n        12:23\n            <\/p>\n<p class=\"fig-live-post__title\" role=\"heading\" aria-level=\"3\">\u00abPr\u00eat \u00e0 sacrifier ma 2e place pour essayer de gagner\u00bb: Vingegaard esp\u00e8re d\u00e9tr\u00f4ner Pogacar d\u2019ici la fin du Tour<\/p>\n<p class=\"fig-paragraph\"><strong>Malgr\u00e9 ses 4\u201913\u2019\u2019 de retard au classement g\u00e9n\u00e9ral sur Tadej Pogacar, le leader de la formation Visma-Lease a bike entend monter en puissance avant l\u2019arriv\u00e9e sur les Champs-\u00c9lys\u00e9es dimanche.<\/strong><\/p>\n<p class=\"fig-paragraph\">\u00c0\u00a0<a href=\"http:\/\/www.lefigaro.fr\/sports\/cyclisme\/tour-de-france\/course-au-podium-vauquelin-montmartre-les-mysteres-de-la-troisieme-semaine-du-tour-de-france-20250720\" target=\"_blank\" data-fig-type=\"Article\" rel=\"noopener\" data-gtm-custom-categorie=\"navigation\" data-gtm-custom-action=\"crossclick\" data-gtm-custom-label=\"Contextuel\" data-gtm-event=\"customEventSPE\" data-fig-domain=\"LEFIGARO\">une semaine de la fin du Tour de France 2025<\/a>, Jonas Vingegaard va devoir forcer sa nature s\u2019il veut conserver une chance de battre Tadej Pogacar dimanche sur la ligne d\u2019arriv\u00e9e des Champs-\u00c9lys\u00e9es&#8230;<\/p>\n<p class=\"fig-body-link\">\n            \u00c0 lire aussi<br \/>\n        <a class=\"fig-body-link__link\" href=\"http:\/\/www.lefigaro.fr\/sports\/cyclisme\/tour-de-france\/tour-de-france-je-suis-pret-a-sacrifier-ma-deuxieme-place-pour-essayer-de-gagner-lance-vingegaard-avant-le-debut-de-la-troisieme-semaine-20250721\" data-fig-type=\"NewsFlash\" rel=\"nofollow noopener\" data-gtm-custom-categorie=\"navigation\" data-gtm-custom-action=\"crossclick\" data-gtm-custom-label=\"Contextuel\" data-gtm-event=\"customEventSPE\" data-fig-domain=\"LEFIGARO\" target=\"_blank\">\u00abPr\u00eat \u00e0 sacrifier ma 2e place pour essayer de gagner\u00bb: Vingegaard esp\u00e8re d\u00e9tr\u00f4ner Pogacar d\u2019ici la fin du Tour<br \/>\n    <\/a>\n<\/p>\n<p>\n        12:19\n            <\/p>\n<p class=\"fig-live-post__title\" role=\"heading\" aria-level=\"3\">\u00abC\u2019est la France, la belle France\u00bb : pourquoi le Tour de France est plus populaire que jamais<\/p>\n<p class=\"fig-paragraph\"><strong>D\u00c9CRYPTAGE &#8211;\u00a0Sur le bord des routes comme \u00e0 la t\u00e9l\u00e9vision, la Grande Boucle est un succ\u00e8s. Explication d\u2019un ph\u00e9nom\u00e8ne qui traverse les ann\u00e9es.<\/strong><\/p>\n<p class=\"fig-paragraph\">\u00ab\u00a0Juliiaaaan\u00a0\u00bb\u2026 Le cri s\u2019\u00e9tire, s\u2019accroche dans les aigus, se r\u00e9pand comme une tra\u00een\u00e9e de poudre, avenue Pierre\u00a0II d\u2019Aragon \u00e0 Muret, et l\u2019\u00e9cho fait son chemin derri\u00e8re les barri\u00e8res. Sourire canaille, regard br\u00fblant&#8230;<\/p>\n<p class=\"fig-paragraph\">L\u2019article de nos envoy\u00e9s sp\u00e9ciaux Gilles Festor et Julian Alaphilippe est<a href=\"http:\/\/www.lefigaro.fr\/sports\/cyclisme\/tour-de-france\/c-est-la-france-la-belle-france-pourquoi-le-tour-de-france-est-plus-populaire-que-jamais-20250721\" data-fig-type=\"Article\" data-gtm-custom-categorie=\"navigation\" data-gtm-custom-action=\"crossclick\" data-gtm-custom-label=\"Contextuel\" data-gtm-event=\"customEventSPE\" data-fig-domain=\"LEFIGARO\" target=\"_blank\" rel=\"noopener\">\u00a0\u00e0 retrouver ici.<\/a><\/p>\n<p>\n        12:15\n            <\/p>\n<p class=\"fig-live-post__title\" role=\"heading\" aria-level=\"3\">Vingegaard ne l\u00e2che rien<\/p>\n<p class=\"fig-paragraph\">Le Danois est combatif et ne veut pas rendre les armes aussi t\u00f4t. Il reste six \u00e9tapes qui peuvent encore faire basculer le Tour et pourquoi faire vaciller Tadej Pogacar sur son tr\u00f4ne.<\/p>\n<p>\n        12:12\n            <\/p>\n<p class=\"fig-live-post__title\" role=\"heading\" aria-level=\"3\">Le d\u00e9part fictif a \u00e9t\u00e9 donn\u00e9<\/p>\n<p class=\"fig-paragraph\">C\u2019est parti pour 14 km \u00e0 saluer le public et peaufiner les strat\u00e9gies pour les coureurs autour de Montpellier. Le d\u00e9part r\u00e9el est pr\u00e9vu \u00e0 12h40.<\/p>\n<p>\n        12:10\n            <\/p>\n<p class=\"fig-live-post__title\" role=\"heading\" aria-level=\"3\">\u00abIl a attaqu\u00e9 et connu la d\u00e9faillance de sa vie\u00bb : le mont Ventoux, un voyage pas comme les autres sur le Tour de France<\/p>\n<p class=\"fig-paragraph\"><strong>R\u00c9CIT\u00a0&#8211; Le \u00abG\u00e9ant de Provence\u00bb, th\u00e9\u00e2tre d\u2019exploits et des drames, se dresse sur la route du Tour, ce mardi. Chaque passage est une aventure.<\/strong><\/p>\n<p class=\"fig-paragraph\">Le<a href=\"http:\/\/www.lefigaro.fr\/sports\/cyclisme\/tour-de-france\/tour-de-france-2025-100-hexagonal-retour-du-mont-ventoux-deux-contre-la-montre-ce-qu-il-faut-retenir-du-parcours-20241029\" target=\"_blank\" data-fig-type=\"NewsFlash\" rel=\"noopener\" data-gtm-custom-categorie=\"navigation\" data-gtm-custom-action=\"crossclick\" data-gtm-custom-label=\"Contextuel\" data-gtm-event=\"customEventSPE\" data-fig-domain=\"LEFIGARO\">\u00a0mont Ventoux<\/a>\u00a0coiffera ce mardi la 16e\u00a0\u00e9tape s\u2019envolant de Montpellier. Au terme d\u2019une journ\u00e9e sans difficult\u00e9, ses 15,7\u00a0km \u00e0 8,8\u00a0% seront une \u00e9preuve, un d\u00e9fi. Le mythe de la peur blanche&#8230;<\/p>\n<p class=\"fig-paragraph\">L\u2019article de notre envoy\u00e9 sp\u00e9cial Jean-Julien Ezvan est\u00a0<a href=\"http:\/\/www.lefigaro.fr\/sports\/cyclisme\/tour-de-france\/tour-de-france-le-mont-ventoux-un-voyage-pas-comme-les-autres-20250721\" data-fig-type=\"Article\" data-gtm-custom-categorie=\"navigation\" data-gtm-custom-action=\"crossclick\" data-gtm-custom-label=\"Contextuel\" data-gtm-event=\"customEventSPE\" data-fig-domain=\"LEFIGARO\" target=\"_blank\" rel=\"noopener\">\u00e0 retrouver en int\u00e9gralit\u00e9 ici.<\/a><\/p>\n<p>\n        12:07\n            <\/p>\n<p class=\"fig-live-post__title\" role=\"heading\" aria-level=\"3\">Le gros fait du jour : l\u2019abandon de Mathieu van der Poel !<\/p>\n<p class=\"fig-paragraph\">Le N\u00e9erlandais Mathieu van der Poel souffre d\u2019une pneumonie et quitte le Tour de France, a annonc\u00e9 mardi son \u00e9quipe Alpecin avant le d\u00e9part de la 16e \u00e9tape entre Montpellier et le Mont Ventoux.\u00a0\u00abMathieu pr\u00e9sentait des sympt\u00f4mes d\u2019un rhume depuis quelques jours mais&#8230;<\/p>\n<p class=\"fig-paragraph\">Vous pouvez lire la suite de l\u2019article\u00a0<a href=\"http:\/\/www.lefigaro.fr\/sports\/cyclisme\/tour-de-france\/tour-de-france-victime-d-une-pneumonie-mathieu-van-der-poel-contraint-a-l-abandon-20250722\" data-fig-type=\"NewsFlash\" data-gtm-custom-categorie=\"navigation\" data-gtm-custom-action=\"crossclick\" data-gtm-custom-label=\"Contextuel\" data-gtm-event=\"customEventSPE\" data-fig-domain=\"LEFIGARO\" target=\"_blank\" rel=\"noopener\">en cliquant ici.<\/a><\/p>\n<p>\n        12:05\n            <\/p>\n<p class=\"fig-live-post__title\" role=\"heading\" aria-level=\"3\">Tour de France : parcours, horaires, favoris et curiosit\u00e9s de la seizi\u00e8me \u00e9tape<\/p>\n<p class=\"fig-paragraph\"><strong>Tout ce qu\u2019il faut savoir sur la course et ses \u00e0-c\u00f4t\u00e9s avec la seizi\u00e8me \u00e9tape entre Montpellier et le Mont Ventoux.<\/strong><\/p>\n<p class=\"fig-paragraph\">Le G\u00e9ant de Provence pour entamer la derni\u00e8re semaine. Les coureurs du Tour de France s\u2019attaquent \u00e0 un gros morceau, ce mardi, lors de la seizi\u00e8me \u00e9tape\u00a0: le Mont Ventoux. Il faudra parcourir 171,5 kilom\u00e8tres \u00e0 partir de Montpellier pour franchir la ligne d\u2019arriv\u00e9e.<\/p>\n<p class=\"fig-body-link\">\n            \u00c0 lire aussi<br \/>\n        <a class=\"fig-body-link__link\" href=\"http:\/\/www.lefigaro.fr\/sports\/cyclisme\/tour-de-france\/tour-de-france-2025-parcours-horaires-favoris-et-curiosites-de-la-seizieme-etape-20250722\" data-fig-type=\"NewsFlash\" rel=\"nofollow noopener\" data-gtm-custom-categorie=\"navigation\" data-gtm-custom-action=\"crossclick\" data-gtm-custom-label=\"Contextuel\" data-gtm-event=\"customEventSPE\" data-fig-domain=\"LEFIGARO\" target=\"_blank\">Tour de France\u00a0: parcours, horaires, favoris et curiosit\u00e9s de la seizi\u00e8me \u00e9tape<br \/>\n    <\/a>\n<\/p>\n<p>\n        12:04\n            <\/p>\n<p class=\"fig-live-post__title\" role=\"heading\" aria-level=\"3\">Bonjour \u00e0 tous<\/p>\n<p class=\"fig-paragraph\">Bienvenue sur ce direct comment\u00e9 de la seizi\u00e8me \u00e9tape de la Grande Boucle. Au lendemain du deuxi\u00e8me et dernier jour de repos du Tour, les coureurs s\u2019\u00e9lancent de Montpellier et graviront le Mont Ventoux en toute fin d\u2019\u00e9tape. Une \u00e9preuve promise \u00e0 Pogacar mais plusieurs de ses concurrents pourraient bien cr\u00e9er la surprise.<\/p>\n<p>                Les publications appara\u00eetront ici<\/p>\n<p>        Fermer<\/p>\n","protected":false},"excerpt":{"rendered":"13:54 Le peloton rattrape les hommes de t\u00eate Plus que 40 secondes d\u2019avance sur le peloton pour les&hellip;\n","protected":false},"author":2,"featured_media":265505,"comment_status":"","ping_status":"","sticky":false,"template":"","format":"standard","meta":{"footnotes":""},"categories":[9],"tags":[1011,27,27884,60,1138,210],"class_list":{"0":"post-265504","1":"post","2":"type-post","3":"status-publish","4":"format-standard","5":"has-post-thumbnail","7":"category-sports","8":"tag-fr","9":"tag-france","10":"tag-jonas-vingegaard","11":"tag-sports","12":"tag-tadej-pogacar","13":"tag-tour-de-france"},"share_on_mastodon":{"url":"https:\/\/pubeurope.com\/@fr\/114896763875188401","error":""},"_links":{"self":[{"href":"https:\/\/www.europesays.com\/fr\/wp-json\/wp\/v2\/posts\/265504","targetHints":{"allow":["GET"]}}],"collection":[{"href":"https:\/\/www.europesays.com\/fr\/wp-json\/wp\/v2\/posts"}],"about":[{"href":"https:\/\/www.europesays.com\/fr\/wp-json\/wp\/v2\/types\/post"}],"author":[{"embeddable":true,"href":"https:\/\/www.europesays.com\/fr\/wp-json\/wp\/v2\/users\/2"}],"replies":[{"embeddable":true,"href":"https:\/\/www.europesays.com\/fr\/wp-json\/wp\/v2\/comments?post=265504"}],"version-history":[{"count":0,"href":"https:\/\/www.europesays.com\/fr\/wp-json\/wp\/v2\/posts\/265504\/revisions"}],"wp:featuredmedia":[{"embeddable":true,"href":"https:\/\/www.europesays.com\/fr\/wp-json\/wp\/v2\/media\/265505"}],"wp:attachment":[{"href":"https:\/\/www.europesays.com\/fr\/wp-json\/wp\/v2\/media?parent=265504"}],"wp:term":[{"taxonomy":"category","embeddable":true,"href":"https:\/\/www.europesays.com\/fr\/wp-json\/wp\/v2\/categories?post=265504"},{"taxonomy":"post_tag","embeddable":true,"href":"https:\/\/www.europesays.com\/fr\/wp-json\/wp\/v2\/tags?post=265504"}],"curies":[{"name":"wp","href":"https:\/\/api.w.org\/{rel}","templated":true}]}}