{"id":265519,"date":"2025-07-22T12:04:23","date_gmt":"2025-07-22T12:04:23","guid":{"rendered":"https:\/\/www.europesays.com\/fr\/265519\/"},"modified":"2025-07-22T12:04:23","modified_gmt":"2025-07-22T12:04:23","slug":"asse-le-stage-des-verts-tourne-court-retour-durgence-a-saint-etienne","status":"publish","type":"post","link":"https:\/\/www.europesays.com\/fr\/265519\/","title":{"rendered":"ASSE\u00a0: le stage des Verts tourne court, retour d\u2019urgence \u00e0 Saint-Etienne !\u00a0"},"content":{"rendered":"<p><strong>Le stage pr\u00e9vu jusqu\u2019\u00e0 la fin de semaine \u00e0 Aix-les-Bains prendra fin d\u00e8s ce mardi. En cause : une pelouse naturelle dans un \u00e9tat jug\u00e9 insuffisant par le staff st\u00e9phanois. L\u2019ASSE rentre \u00e0 L\u2019\u00c9trat d\u00e8s cette semaine.<\/strong><\/p>\n<p>C\u2019est une d\u00e9cision prise \u00e0 contre-c\u0153ur mais jug\u00e9e n\u00e9cessaire. Selon<a href=\"https:\/\/peuple-vert.fr\/asse-actualite\/asse-stage-ecourte-aix-les-bains\/?fsp_sid=19336\" rel=\"nofollow noopener\" target=\"_blank\"> Peuple Vert<\/a>, l\u2019<a href=\"https:\/\/www.butfootballclub.fr\/asse-mercato-rapprochement-avec-trabzonspor-pour-bouchouari-deal-boucle-cette-semaine\/\" rel=\"nofollow noopener\" target=\"_blank\">AS Saint-\u00c9tienne<\/a> met fin d\u00e8s ce mardi \u00e0 son stage de pr\u00e9paration \u00e0 Aix-les-Bains, initialement programm\u00e9 jusqu\u2019\u00e0 la fin de semaine. En cause, la qualit\u00e9 de la pelouse naturelle utilis\u00e9e pour les entra\u00eenements et les matches amicaux, jug\u00e9e insuffisante par le staff.<\/p>\n<p>Entam\u00e9 mercredi dernier, ce stage devait permettre au groupe st\u00e9phanois de peaufiner sa pr\u00e9paration dans un cadre serein, loin du Forez. Mais au fil des s\u00e9ances, l\u2019\u00e9tat du terrain s\u2019est progressivement d\u00e9grad\u00e9. Malgr\u00e9 les efforts notables de la municipalit\u00e9, que le club n\u2019a pas manqu\u00e9 de saluer publiquement, la d\u00e9cision a \u00e9t\u00e9 prise de rapatrier l\u2019ensemble de l\u2019effectif \u00e0 L\u2019\u00c9trat.<\/p>\n<p>La suite de la pr\u00e9paration pas impact\u00e9e ?<\/p>\n<p>Un retour qui s\u2019effectuera sur les terrains hybrides du centre sportif du club, pour garantir \u00e0 la fois la s\u00e9curit\u00e9 des joueurs et la qualit\u00e9 du travail. Hors de question pour le staff de perdre en efficacit\u00e9 ou de prendre le moindre risque sur une pelouse fragile.<\/p>\n<p>Ce changement de programme n\u2019impactera pas le reste du calendrier estival de l\u2019<a href=\"https:\/\/www.butfootballclub.fr\/asse-mercato-pourquoi-duffus-na-toujours-pas-signe\/\" rel=\"nofollow noopener\" target=\"_blank\">ASSE<\/a>. Le quatri\u00e8me match amical, pr\u00e9vu ce vendredi 26 juillet \u00e0 Thonon-les-Bains face au Paris FC, est bien maintenu. Ce rendez-vous marquera une nouvelle \u00e9tape dans la mont\u00e9e en puissance du groupe, \u00e0 deux semaines de la reprise du championnat, le 9 ao\u00fbt face \u00e0 Laval.<\/p>\n","protected":false},"excerpt":{"rendered":"Le stage pr\u00e9vu jusqu\u2019\u00e0 la fin de semaine \u00e0 Aix-les-Bains prendra fin d\u00e8s ce mardi. En cause :&hellip;\n","protected":false},"author":2,"featured_media":265520,"comment_status":"","ping_status":"","sticky":false,"template":"","format":"standard","meta":{"footnotes":""},"categories":[9653],"tags":[1111,11,2430,448,1777,674,63,1011,27,66,3388,12,25,4001,10662],"class_list":{"0":"post-265519","1":"post","2":"type-post","3":"status-publish","4":"format-standard","5":"has-post-thumbnail","7":"category-saint-etienne","8":"tag-actu","9":"tag-actualites","10":"tag-auvergne-rhone-alpes","11":"tag-champions-league","12":"tag-eu","13":"tag-europe","14":"tag-football","15":"tag-fr","16":"tag-france","17":"tag-ligue-1","18":"tag-matchs","19":"tag-news","20":"tag-republique-francaise","21":"tag-saint-etienne","22":"tag-transferts"},"share_on_mastodon":{"url":"https:\/\/pubeurope.com\/@fr\/114896795258413635","error":""},"_links":{"self":[{"href":"https:\/\/www.europesays.com\/fr\/wp-json\/wp\/v2\/posts\/265519","targetHints":{"allow":["GET"]}}],"collection":[{"href":"https:\/\/www.europesays.com\/fr\/wp-json\/wp\/v2\/posts"}],"about":[{"href":"https:\/\/www.europesays.com\/fr\/wp-json\/wp\/v2\/types\/post"}],"author":[{"embeddable":true,"href":"https:\/\/www.europesays.com\/fr\/wp-json\/wp\/v2\/users\/2"}],"replies":[{"embeddable":true,"href":"https:\/\/www.europesays.com\/fr\/wp-json\/wp\/v2\/comments?post=265519"}],"version-history":[{"count":0,"href":"https:\/\/www.europesays.com\/fr\/wp-json\/wp\/v2\/posts\/265519\/revisions"}],"wp:featuredmedia":[{"embeddable":true,"href":"https:\/\/www.europesays.com\/fr\/wp-json\/wp\/v2\/media\/265520"}],"wp:attachment":[{"href":"https:\/\/www.europesays.com\/fr\/wp-json\/wp\/v2\/media?parent=265519"}],"wp:term":[{"taxonomy":"category","embeddable":true,"href":"https:\/\/www.europesays.com\/fr\/wp-json\/wp\/v2\/categories?post=265519"},{"taxonomy":"post_tag","embeddable":true,"href":"https:\/\/www.europesays.com\/fr\/wp-json\/wp\/v2\/tags?post=265519"}],"curies":[{"name":"wp","href":"https:\/\/api.w.org\/{rel}","templated":true}]}}