{"id":265526,"date":"2025-07-22T12:09:09","date_gmt":"2025-07-22T12:09:09","guid":{"rendered":"https:\/\/www.europesays.com\/fr\/265526\/"},"modified":"2025-07-22T12:09:09","modified_gmt":"2025-07-22T12:09:09","slug":"lagresseur-au-couteau-dune-adolescente-arrete-grace-au-flair-dun-chien-de-la-police","status":"publish","type":"post","link":"https:\/\/www.europesays.com\/fr\/265526\/","title":{"rendered":"l&rsquo;agresseur au couteau d&rsquo;une adolescente arr\u00eat\u00e9 gr\u00e2ce au flair d&rsquo;un chien de la police"},"content":{"rendered":"<p>            Par<br \/>\n        <strong><br \/>\n            <a href=\"https:\/\/actu.fr\/auteur\/jm-aubert\" title=\"Consulter tous les articles de Jean-Marc Aubert\" target=\"_blank\" rel=\"noopener\">Jean-Marc Aubert<\/a><br \/>\n        <\/strong><\/p>\n<p>        Publi\u00e9 le<\/p>\n<p>            22 juil. 2025 \u00e0 14h02        <\/p>\n<p>Une violente<strong> agression<\/strong> a \u00e9t\u00e9 d\u00e9jou\u00e9e, ce samedi 19 juillet 2025, en soir\u00e9e, \u00e0 <strong>Montpellier<\/strong>, gr\u00e2ce \u00e0 l\u2019intervention rapide des <strong>policiers municipaux<\/strong>, notamment assist\u00e9s d\u2019<strong>un chien de la brigade cynophile<\/strong>.\u00a0<\/p>\n<p class=\" wall-content\">Ce sont les agents de la Ville de Montpellier en poste au Centre de supervision urbaine -CSU \u2013 qui ont rep\u00e9r\u00e9 le comportement suspect d\u2019un individu, d\u2019abord dans le quartier de Saint-Denis, plus exactement au niveau de la place Rondelet, puis un peu plus loin, dans le secteur de Tournezy. Il suivait de pr\u00e8s des jeunes femmes \u00e0 pied, en les importunant ensuite, jusqu\u2019\u00e0 une sc\u00e8ne inqui\u00e9tante o\u00f9, sous la menace d\u2019un couteau, il a saisi une adolescente par les cheveux pour l\u2019entra\u00eener \u00e0 l\u2019\u00e9cart, dans un coin isol\u00e9.<\/p>\n<p class=\" wall-content\">L\u2019alerte \u00e9tait aussit\u00f4t donn\u00e9e aux patrouilles de la brigade de nuit qui intervenaient sur zone. L\u2019agresseur au couteau \u00e9tait localis\u00e9 et les agents d\u00e9cidaient de le prendre discr\u00e8tement en filature. Mais au moment de passer \u00e0 l\u2019action, profitant de l\u2019obscurit\u00e9 des lieux, il s\u2019\u00e9chappait en courant.<\/p>\n<p class=\" wall-content\">Les policiers municipaux faisaient alors appel \u00e0 la brigade cynophile et gr\u00e2ce au flair d\u2019un chien pisteur, le suspect \u00e9tait rapidement rep\u00e9r\u00e9 et interpell\u00e9 sans incident derri\u00e8re un buisson, o\u00f9 il se cachait. Il a \u00e9t\u00e9 remis \u00e0 la police nationale et plac\u00e9 en garde \u00e0 vue au commissariat central. Quelles \u00e9taient ses intentions lorsqu\u2019il a entra\u00een\u00e9 la jeune victime la lame du couteau sous sa gorge dans un endroit isol\u00e9 ? Il aurait ni\u00e9 avoir voulu commettre une agression sexuelle.<\/p>\n<p class=\" wall-content\">Suivez toute l\u2019actualit\u00e9 de vos villes et m\u00e9dias favoris en vous inscrivant \u00e0 <a href=\"https:\/\/moncompte.actu.fr\" title=\"D\u00e9couvez Mon Actu\" rel=\"nofollow noopener\" data-trk=\"{&quot;cta&quot;:{&quot;action&quot;:&quot;https:\\\/\\\/moncompte.actu.fr&quot;,&quot;category&quot;:&quot;mon compte&quot;,&quot;from&quot;:&quot;article footer&quot;,&quot;name&quot;:&quot;Mon actu&quot;,&quot;type&quot;:&quot;cta&quot;}}\" target=\"_blank\">Mon Actu<\/a>.<\/p>\n","protected":false},"excerpt":{"rendered":"Par Jean-Marc Aubert Publi\u00e9 le 22 juil. 2025 \u00e0 14h02 Une violente agression a \u00e9t\u00e9 d\u00e9jou\u00e9e, ce samedi&hellip;\n","protected":false},"author":2,"featured_media":265527,"comment_status":"","ping_status":"","sticky":false,"template":"","format":"standard","meta":{"footnotes":""},"categories":[9599],"tags":[1111,11,4850,1777,674,118,1011,27,2208,12,2680,1072,25],"class_list":{"0":"post-265526","1":"post","2":"type-post","3":"status-publish","4":"format-standard","5":"has-post-thumbnail","7":"category-montpellier","8":"tag-actu","9":"tag-actualites","10":"tag-chien","11":"tag-eu","12":"tag-europe","13":"tag-faits-divers","14":"tag-fr","15":"tag-france","16":"tag-montpellier","17":"tag-news","18":"tag-occitanie","19":"tag-police","20":"tag-republique-francaise"},"share_on_mastodon":{"url":"https:\/\/pubeurope.com\/@fr\/114896815207862410","error":""},"_links":{"self":[{"href":"https:\/\/www.europesays.com\/fr\/wp-json\/wp\/v2\/posts\/265526","targetHints":{"allow":["GET"]}}],"collection":[{"href":"https:\/\/www.europesays.com\/fr\/wp-json\/wp\/v2\/posts"}],"about":[{"href":"https:\/\/www.europesays.com\/fr\/wp-json\/wp\/v2\/types\/post"}],"author":[{"embeddable":true,"href":"https:\/\/www.europesays.com\/fr\/wp-json\/wp\/v2\/users\/2"}],"replies":[{"embeddable":true,"href":"https:\/\/www.europesays.com\/fr\/wp-json\/wp\/v2\/comments?post=265526"}],"version-history":[{"count":0,"href":"https:\/\/www.europesays.com\/fr\/wp-json\/wp\/v2\/posts\/265526\/revisions"}],"wp:featuredmedia":[{"embeddable":true,"href":"https:\/\/www.europesays.com\/fr\/wp-json\/wp\/v2\/media\/265527"}],"wp:attachment":[{"href":"https:\/\/www.europesays.com\/fr\/wp-json\/wp\/v2\/media?parent=265526"}],"wp:term":[{"taxonomy":"category","embeddable":true,"href":"https:\/\/www.europesays.com\/fr\/wp-json\/wp\/v2\/categories?post=265526"},{"taxonomy":"post_tag","embeddable":true,"href":"https:\/\/www.europesays.com\/fr\/wp-json\/wp\/v2\/tags?post=265526"}],"curies":[{"name":"wp","href":"https:\/\/api.w.org\/{rel}","templated":true}]}}