{"id":265536,"date":"2025-07-22T12:17:10","date_gmt":"2025-07-22T12:17:10","guid":{"rendered":"https:\/\/www.europesays.com\/fr\/265536\/"},"modified":"2025-07-22T12:17:10","modified_gmt":"2025-07-22T12:17:10","slug":"latelier-de-la-rennes-expose-a-la-prevote","status":"publish","type":"post","link":"https:\/\/www.europesays.com\/fr\/265536\/","title":{"rendered":"l\u2019Atelier de la Rennes expose \u00e0 la Pr\u00e9v\u00f4t\u00e9"},"content":{"rendered":"<p>A l\u2019initiative de la Ville de Saint-Aignan, six artistes appartenant \u00e0 l\u2019association Culture et Loisirs pour tous de Saint-Romain pr\u00e9sid\u00e9e par Nathalie Tourlet et \u00e0 l\u2019association P\u2019Art\u2019Ages en couleurs de Ch\u00e2teauvieux pr\u00e9sid\u00e9e par Alain Sartor se partagent durant une semaine, l\u2019ensemble des espaces de la Pr\u00e9v\u00f4t\u00e9 pour y exposer leurs \u0153uvres au sein de l\u2019Atelier de la Rennes&#8230;. <\/p>\n<p>    Cet article a \u00e9t\u00e9 tronqu\u00e9. Abonnez-vous pour lire l&rsquo;article complet sur notre site.<\/p>\n<p style=\"margin: 0 !important; padding: 0 !important; font-size: 12px !important;\">Cet article a \u00e9t\u00e9 tronqu\u00e9. Abonnez-vous pour lire l&rsquo;article complet.<\/p>\n<p>    <a href=\"https:\/\/www.lanouvellerepublique.fr\/abonnements\" style=\"display: inline-block; margin-top: 5px !important; padding: 6px 12px !important; background: #cb1c27; color: white; text-decoration: none; border-radius: 4px; font-size: 12px !important;\" target=\"_blank\" rel=\"noopener\"><br \/>\n      S&rsquo;abonner<br \/>\n    <\/a><\/p>\n","protected":false},"excerpt":{"rendered":"A l\u2019initiative de la Ville de Saint-Aignan, six artistes appartenant \u00e0 l\u2019association Culture et Loisirs pour tous de&hellip;\n","protected":false},"author":2,"featured_media":265537,"comment_status":"","ping_status":"","sticky":false,"template":"","format":"standard","meta":{"footnotes":""},"categories":[2821],"tags":[1111,11,829,1674,1777,674,1011,27,12,584,25,34447],"class_list":{"0":"post-265536","1":"post","2":"type-post","3":"status-publish","4":"format-standard","5":"has-post-thumbnail","7":"category-rennes","8":"tag-actu","9":"tag-actualites","10":"tag-bretagne","11":"tag-communes","12":"tag-eu","13":"tag-europe","14":"tag-fr","15":"tag-france","16":"tag-news","17":"tag-rennes","18":"tag-republique-francaise","19":"tag-saint-aignan"},"share_on_mastodon":{"url":"https:\/\/pubeurope.com\/@fr\/114896846444932189","error":""},"_links":{"self":[{"href":"https:\/\/www.europesays.com\/fr\/wp-json\/wp\/v2\/posts\/265536","targetHints":{"allow":["GET"]}}],"collection":[{"href":"https:\/\/www.europesays.com\/fr\/wp-json\/wp\/v2\/posts"}],"about":[{"href":"https:\/\/www.europesays.com\/fr\/wp-json\/wp\/v2\/types\/post"}],"author":[{"embeddable":true,"href":"https:\/\/www.europesays.com\/fr\/wp-json\/wp\/v2\/users\/2"}],"replies":[{"embeddable":true,"href":"https:\/\/www.europesays.com\/fr\/wp-json\/wp\/v2\/comments?post=265536"}],"version-history":[{"count":0,"href":"https:\/\/www.europesays.com\/fr\/wp-json\/wp\/v2\/posts\/265536\/revisions"}],"wp:featuredmedia":[{"embeddable":true,"href":"https:\/\/www.europesays.com\/fr\/wp-json\/wp\/v2\/media\/265537"}],"wp:attachment":[{"href":"https:\/\/www.europesays.com\/fr\/wp-json\/wp\/v2\/media?parent=265536"}],"wp:term":[{"taxonomy":"category","embeddable":true,"href":"https:\/\/www.europesays.com\/fr\/wp-json\/wp\/v2\/categories?post=265536"},{"taxonomy":"post_tag","embeddable":true,"href":"https:\/\/www.europesays.com\/fr\/wp-json\/wp\/v2\/tags?post=265536"}],"curies":[{"name":"wp","href":"https:\/\/api.w.org\/{rel}","templated":true}]}}