{"id":265548,"date":"2025-07-22T12:23:11","date_gmt":"2025-07-22T12:23:11","guid":{"rendered":"https:\/\/www.europesays.com\/fr\/265548\/"},"modified":"2025-07-22T12:23:11","modified_gmt":"2025-07-22T12:23:11","slug":"ce-que-le-transfert-de-valentin-rongier-raconte-de-la-rivalite-nantes-rennes-france-rennes","status":"publish","type":"post","link":"https:\/\/www.europesays.com\/fr\/265548\/","title":{"rendered":"Ce que le transfert de Valentin Rongier raconte de la rivalit\u00e9 Nantes-Rennes &#8211; France &#8211; Rennes"},"content":{"rendered":"<p>Si l\u2019on devait lister un Top 10 des choses les plus mignonnes dans le foot, les mauvaises langues y mettraient p\u00eale-m\u00eale les supporters qui jettent des peluches sur le terrain pour les enfants malades, les fans du PSG qui pensent avoir gagn\u00e9 la Ligue des champions au m\u00e9rite, les gosses de stars qui marquent un penalty fantoche devant le kop apr\u00e8s le coup de sifflet final ou encore\u2026 la rivalit\u00e9 Nantes-Rennes. <a target=\"_blank\" href=\"https:\/\/www.sofoot.com\/breves\/mercato-valentin-rongier-est-un-joueur-du-stade-rennais#:~:text=L&#039;officialisation%20du%20transfert%20est,au%20moins%20jusqu&#039;en%202028.\" rel=\"nofollow noopener\">Depuis l\u2019annonce du transfert des anciens Canaris Quentin Merlin et Valentin Rongier au Stade rennais<\/a> (pour 20 millions d\u2019euros, ce qui, selon le c\u00f4t\u00e9 duquel on se place, constitue une bonne affaire ou non), les piliers de caf\u00e9s du commerce n\u2019en finissent plus de se d\u00e9chirer, notamment <a target=\"_blank\" href=\"https:\/\/www.sofoot.com\/articles\/rennes-nantes-ou-la-notion-relative-dune-rivalite\" rel=\"nofollow noopener\">\u00e0 propos de la l\u00e9gitimit\u00e9 de la rivalit\u00e9 lig\u00e9ro-br\u00e9tilienne<\/a>, laquelle serait tout \u00e0 fait secondaire \u00e0 l\u2019\u00e9chelle du football fran\u00e7ais, en comparaison avec des Paris-Marseille, Lyon-Saint-Etienne et autres Lens-Lille. Dit autrement, cette double arriv\u00e9e provoquerait beaucoup de bruit pour pas grand chose.<\/p>\n<p><strong>Pas n\u00e9 de la derni\u00e8re pluie<\/strong><\/p>\n<p>Pourtant, le simple fait qu\u2019un transfert fasse autant parler que celui de Lorik Cana \u00e0 l\u2019OM ou de Baf\u00e9timbi Gomis \u00e0 Lyon est d\u00e9j\u00e0 r\u00e9v\u00e9lateur d\u2019un indiscutable antagonisme dans le Wild Wild West fran\u00e7ais. Le temps o\u00f9 les deux \u00e9quipes c\u00e9l\u00e9braient conjointement leur titre de champion de France et la Coupe nationale dans les locaux de Ouest France (en 1965 tout de m\u00eame) appartient au pass\u00e9. Entre temps, il y a eu le d\u00e9clic avec cette victoire rennaise \u00e0 la Beaujoire en 2006 (pour la premi\u00e8re fois depuis 41 ans), les passages du FC Nantes en deuxi\u00e8me division (2007-2008, puis 2009-2013), un nouveau titre tant attendu pour le Stade rennais (la Coupe de France 2019) et, <a target=\"_blank\" href=\"https:\/\/dai.ly\/x70h0j1\" rel=\"nofollow noopener\">contrairement \u00e0 ce qu\u2019affirmait Valentin Rongier \u00e0 l\u2019\u00e9poque,<\/a> une \u00ab\u00a0passation de pouvoir\u00a0\u00bb qui laisse penser que, si, les Rennais sont bel et bien devenus sportivement \u00ab\u00a0sup\u00e9rieurs\u00a0\u00bb aux Nantais dans le combat pour la supr\u00e9matie bretonne.<\/p>\n<blockquote>\n<p>Ce recrutement serait pour nous un affront s\u2019il aboutit et nous ne pourrons l\u2019accepter.<\/p>\n<\/blockquote>\n<p>Les ultras du Roazhon Celtic Kop<\/p>\n<p>N\u2019en d\u00e9plaisent aux parisiano-centr\u00e9s, la rivalit\u00e9 entre les deux villes, distantes de seulement 100 kilom\u00e8tres (une goutte d\u2019eau dans un pays <a target=\"_blank\" href=\"https:\/\/www.sofoot.com\/articles\/clash-de-la-redac-faut-il-obligatoirement-supporter-le-club-de-sa-ville\" rel=\"nofollow noopener\">qui poss\u00e8de sa propre notion de \u00ab\u00a0derby\u00a0\u00bb<\/a>) est bien r\u00e9elle. On se souvient par exemple qu\u20192013, <a target=\"_blank\" href=\"https:\/\/www.sofoot.com\/articles\/rennes-nantes-des-retrouvailles-au-gout-amer\" rel=\"nofollow noopener\">en marge du premier derby Route de Lorient apr\u00e8s \u00ab\u00a0cinq ans d\u2019abstinence\u00a0\u00bb<\/a> (en r\u00e9f\u00e9rence \u00e0 une campagne de pub du Stade rennais de l\u2019\u00e9poque), les ultras nantais avaient sabot\u00e9 un tifo de leurs rivaux, ces derniers n\u2019h\u00e9sitant pas \u00e0 descendre sur la pelouse pour tenter de donner le coup de poing avec le parcage. On se souvient aussi du doigt pos\u00e9 sur les l\u00e8vres de Paul-Georges N\u2019tep lors du match retour (victoire 0-3) face \u00e0 la Brigade Loire, tout comme le fait que les Canaris n\u2019ont de nouveau gagn\u00e9 \u00e0 domicile qu\u2019en 2019 face \u00e0 leurs rivaux Rouge et Noir, soit 13 ans apr\u00e8s leur dernier succ\u00e8s dans un derby breton, devenu LE rendez-vous \u00e0 cocher pour tout supporter de chaque camp, bien loin devant des duels progressivement tomb\u00e9s en d\u00e9su\u00e9tude (Bordeaux pour les Nantais, Guingamp pour les Rennais).<\/p>\n<p><strong>Un mea culpa attendu et \u00e9vident<\/strong><\/p>\n<p>Tout cela, Valentin Rongier, pur produit du centre de formation des Canaris, le savait parfaitement lorsqu\u2019il postait \u2013 en 2017 \u2013 sa story pol\u00e9mique comparant les joueurs rennais \u00e0 un troupeau de ch\u00e8vres, <a target=\"_blank\" href=\"https:\/\/www.ouest-france.fr\/bretagne\/morbihan\/rongier-je-ne-pourrais-jamais-signer-au-stade-rennais-5714078\" rel=\"nofollow noopener\">de m\u00eame qu\u2019il affirmait, un an plus tard<\/a>, ne pas imaginer signer un jour au Stade rennais, \u00ab\u00a0un club qui ne [l\u2019]attire pas du tout\u00a0\u00bb. Il l\u2019a d\u2019ailleurs tout \u00e0 fait assum\u00e9 <a target=\"_blank\" href=\"https:\/\/www.sofoot.com\/breves\/valentin-rongier-revient-sur-ses-chambrages-sur-rennes-quand-il-etait-a-nantes\" rel=\"nofollow noopener\">dans son interview post-signature\u00a0<\/a>: \u00ab\u00a0C\u2019\u00e9tait il y a longtemps, le contexte \u00e9tait diff\u00e9rent. J\u2019\u00e9tais joueur de Nantes et quand on est pass\u00e9 par le centre de formation [\u2026] on essaie de cultiver un petit peu cette rivalit\u00e9.\u00a0\u00bb S\u2019il affirme, avec le recul, n\u2019avoir \u00ab\u00a0jamais voulu manquer de respect \u00e0 l\u2019institution Rennes ou \u00e0 ses supporters\u00a0\u00bb et s\u2019estime \u00ab\u00a0navr\u00e9, s\u2019il y en a qui se sont sentis bless\u00e9s ou offens\u00e9s par [s]es propos\u00a0\u00bb, Rongier estime cependant qu\u2019\u00a0\u00ab\u00a0alimenter ces matchs \u00e0 tension avec quelques petites piques, quelques chambrages\u00a0\u00bb est, qui plus est dans un football de plus en plus aseptis\u00e9, \u00ab\u00a0ce qui fait aussi la beaut\u00e9 de notre sport.\u00a0\u00bb<\/p>\n<p>Le probl\u00e8me, c\u2019est que <a target=\"_blank\" href=\"https:\/\/www.sofoot.com\/breves\/les-ultras-rennais-refusent-larrivee-de-lex-nantais-valentin-rongier-om\" rel=\"nofollow noopener\">le Roazhon Celtic Kop (RCK), principal groupe ultra de la Tribune Mordelles, ne l\u2019entend pas de cette oreille<\/a>\u00a0: \u00ab\u00a0Comment ne pas souligner l\u2019hypocrisie flagrante de ceux qui, il y a quelques semaines encore, organisaient un week-end autour de l\u2019identit\u00e9 Rouge et Noir\u2026 pour aujourd\u2019hui envisager l\u2019arriv\u00e9e d\u2019un joueur qui incarne tout le contraire ?\u00a0\u00bb, \u00e9crit le collectif dans un communiqu\u00e9, conclu par un cinglant\u00a0: \u00ab\u00a0Ce recrutement serait pour nous un affront s\u2019il aboutit et nous ne pourrons l\u2019accepter\u00a0\u00bb. Bon, il a finalement abouti, comme celui de l\u2019autre ancien Nantais Ludovic Blas qui, deux ans plus t\u00f4t, d\u00e9clarait qu\u2019 \u00ab\u00a0il faut essayer de penser foot. <a target=\"_blank\" href=\"https:\/\/www.letelegramme.fr\/sports\/football\/stade-rennais\/ludovic-blas-jai-pense-a-ma-progression-en-signant-au-stade-rennais-6388499.php\" rel=\"nofollow noopener\">J\u2019ai pens\u00e9 \u00e0 ma progression<\/a>. Je ne suis pas le premier et ne serai pas le dernier \u00e0 faire ce trajet-l\u00e0.\u00a0\u00bb De fait, il n\u2019\u00e9tait pas le premier, on consid\u00e8re que c\u2019est en effet le transfert d\u2019Olivier Monterrubio (dans le m\u00eame sens) qui a allum\u00e9 la m\u00e8che de la discorde entre les deux camps en 2001. Pour avoir finalement \u00e9t\u00e9 exemplaire lors de ses six saisons pass\u00e9es en Ille-et-Vilaine. Reste \u00e0 voir si la trajectoire de Valentin Rongier \u2013 comme celle de Quentin Merlin, lui est pass\u00e9 entre les gouttes \u2013 ira dans le m\u00eame sens ou si elle se r\u00e9v\u00e8lera un gros coup d\u2019\u00e9p\u00e9e dans l\u2019eau. Auquel cas, personne n\u2019en sortira gagnant, d\u2019un c\u00f4t\u00e9 comme de l\u2019autre.<\/p>\n<p>\t\t\t\t\t\t\t\t\t\t<a class=\"lien-connexe\" href=\"https:\/\/www.sofoot.com\/breves\/valentin-rongier-revient-sur-ses-chambrages-sur-rennes-quand-il-etait-a-nantes\" rel=\"nofollow noopener\" target=\"_blank\">Valentin Rongier revient sur ses chambrages sur Rennes quand il \u00e9tait \u00e0 Nantes<\/a>\t\t\t\t\t<\/p>\n","protected":false},"excerpt":{"rendered":"Si l\u2019on devait lister un Top 10 des choses les plus mignonnes dans le foot, les mauvaises langues&hellip;\n","protected":false},"author":2,"featured_media":265549,"comment_status":"","ping_status":"","sticky":false,"template":"","format":"standard","meta":{"footnotes":""},"categories":[2818],"tags":[1111,47,11,61,69,65,64,1777,674,63,1011,27,68,66,766,12,62,2636,70,25,67],"class_list":{"0":"post-265548","1":"post","2":"type-post","3":"status-publish","4":"format-standard","5":"has-post-thumbnail","7":"category-nantes","8":"tag-actu","9":"tag-actualite","10":"tag-actualites","11":"tag-actus-football","12":"tag-bundesliga","13":"tag-championnats-europeens","14":"tag-equipe-de-france","15":"tag-eu","16":"tag-europe","17":"tag-football","18":"tag-fr","19":"tag-france","20":"tag-ligua","21":"tag-ligue-1","22":"tag-nantes","23":"tag-news","24":"tag-news-foot","25":"tag-pays-de-la-loire","26":"tag-premier-league","27":"tag-republique-francaise","28":"tag-serie-a"},"share_on_mastodon":{"url":"https:\/\/pubeurope.com\/@fr\/114896870333560766","error":""},"_links":{"self":[{"href":"https:\/\/www.europesays.com\/fr\/wp-json\/wp\/v2\/posts\/265548","targetHints":{"allow":["GET"]}}],"collection":[{"href":"https:\/\/www.europesays.com\/fr\/wp-json\/wp\/v2\/posts"}],"about":[{"href":"https:\/\/www.europesays.com\/fr\/wp-json\/wp\/v2\/types\/post"}],"author":[{"embeddable":true,"href":"https:\/\/www.europesays.com\/fr\/wp-json\/wp\/v2\/users\/2"}],"replies":[{"embeddable":true,"href":"https:\/\/www.europesays.com\/fr\/wp-json\/wp\/v2\/comments?post=265548"}],"version-history":[{"count":0,"href":"https:\/\/www.europesays.com\/fr\/wp-json\/wp\/v2\/posts\/265548\/revisions"}],"wp:featuredmedia":[{"embeddable":true,"href":"https:\/\/www.europesays.com\/fr\/wp-json\/wp\/v2\/media\/265549"}],"wp:attachment":[{"href":"https:\/\/www.europesays.com\/fr\/wp-json\/wp\/v2\/media?parent=265548"}],"wp:term":[{"taxonomy":"category","embeddable":true,"href":"https:\/\/www.europesays.com\/fr\/wp-json\/wp\/v2\/categories?post=265548"},{"taxonomy":"post_tag","embeddable":true,"href":"https:\/\/www.europesays.com\/fr\/wp-json\/wp\/v2\/tags?post=265548"}],"curies":[{"name":"wp","href":"https:\/\/api.w.org\/{rel}","templated":true}]}}