{"id":265552,"date":"2025-07-22T12:25:15","date_gmt":"2025-07-22T12:25:15","guid":{"rendered":"https:\/\/www.europesays.com\/fr\/265552\/"},"modified":"2025-07-22T12:25:15","modified_gmt":"2025-07-22T12:25:15","slug":"podcast-infos-des-girondins-de-bordeaux-mercato-nassim-ranem-3e-semaine-de-preparation","status":"publish","type":"post","link":"https:\/\/www.europesays.com\/fr\/265552\/","title":{"rendered":"[Podcast] Infos des Girondins de Bordeaux, mercato, Nassim Ranem, 3e semaine de pr\u00e9paration"},"content":{"rendered":"<p><img decoding=\"async\" src=\"https:\/\/www.europesays.com\/fr\/wp-content\/uploads\/2025\/07\/671_d250535d94b81846909039556610973c.jpg\" alt=\"[Podcast] Infos des Girondins de Bordeaux, mercato, Nassim Ranem, 3e semaine de pr\u00e9paration\" class=\"img-responsive mt-3\"\/><\/p>\n<p class=\"text-center mb-3\" style=\"font-size: 14px\">\u00a9 Iconsport<\/p>\n<p style=\"text-align: justify;\">Nous vous proposons le Midi Dix de ce lundi 21 juillet en replay : le <a href=\"https:\/\/podcasts.webgirondins.com\/\" target=\"_blank\" rel=\"noopener\">podcast<\/a> ou directement sur <a href=\"https:\/\/www.youtube.com\/channel\/UCkyRgJ6uhixmPRaSKiEI9aw?view_as=subscriber\" target=\"_blank\" rel=\"noopener\">notre cha\u00eene YouTube<\/a>.<\/p>\n<p>Le Podcast :<\/p>\n<p>\u00a0<\/p>\n<p>Sur YouTube :<\/p>\n<p>\u00a0<\/p>\n<p>Ce navigateur ne supporte pas les iframes<\/p>\n<p>\u00c0 lire &gt;&gt; <strong><a href=\"https:\/\/www.webgirondins.com\/actualite-girondins-national-2-les-adversaires-des-girondins-de-bordeaux-dans-le-groupe-a-129762\" target=\"_blank\" rel=\"noopener\">National 2 : les adversaires des Girondins de Bordeaux dans le groupe A<\/a><br \/><\/strong><\/p>\n<p>\u00a0<\/p>\n<p style=\"text-align: justify;\">Restez Connect\u00e9 aux infos des Girondins de Bordeaux gr\u00e2ce \u00e0 WhatsApp. Ne ratez plus aucune information importante. Rejoignez la<strong> <a href=\"https:\/\/whatsapp.com\/channel\/0029VaDygopCRs1h8xNMgI1y\" target=\"_blank\" rel=\"noopener\">cha\u00eene d&rsquo;information WhatsApp de WebGirondins<\/a><\/strong>. C&rsquo;est gratuit, avec 2 \u00e0 3 infos maximum par jour, r\u00e9sultat, interview, analyses etc.<\/p>\n","protected":false},"excerpt":{"rendered":"\u00a9 Iconsport Nous vous proposons le Midi Dix de ce lundi 21 juillet en replay : le podcast&hellip;\n","protected":false},"author":2,"featured_media":265553,"comment_status":"","ping_status":"","sticky":false,"template":"","format":"standard","meta":{"footnotes":""},"categories":[2817],"tags":[1111,11,9108,6005,1997,6100,1777,674,1011,27,1987,1114,2868,1434,11961,40511,12,2219,3725,29390,40512,362,25,3679,5572,3585,133],"class_list":{"0":"post-265552","1":"post","2":"type-post","3":"status-publish","4":"format-standard","5":"has-post-thumbnail","7":"category-bordeaux","8":"tag-actu","9":"tag-actualites","10":"tag-audio","11":"tag-beau","12":"tag-bordeaux","13":"tag-chaud","14":"tag-eu","15":"tag-europe","16":"tag-fr","17":"tag-france","18":"tag-girondins","19":"tag-infos","20":"tag-juillet","21":"tag-mercato","22":"tag-midi","23":"tag-nassim","24":"tag-news","25":"tag-nouvelle-aquitaine","26":"tag-podcast","27":"tag-preparation","28":"tag-ranem","29":"tag-replay","30":"tag-republique-francaise","31":"tag-revivez","32":"tag-semaine","33":"tag-tout","34":"tag-video"},"share_on_mastodon":{"url":"https:\/\/pubeurope.com\/@fr\/114896877980894128","error":""},"_links":{"self":[{"href":"https:\/\/www.europesays.com\/fr\/wp-json\/wp\/v2\/posts\/265552","targetHints":{"allow":["GET"]}}],"collection":[{"href":"https:\/\/www.europesays.com\/fr\/wp-json\/wp\/v2\/posts"}],"about":[{"href":"https:\/\/www.europesays.com\/fr\/wp-json\/wp\/v2\/types\/post"}],"author":[{"embeddable":true,"href":"https:\/\/www.europesays.com\/fr\/wp-json\/wp\/v2\/users\/2"}],"replies":[{"embeddable":true,"href":"https:\/\/www.europesays.com\/fr\/wp-json\/wp\/v2\/comments?post=265552"}],"version-history":[{"count":0,"href":"https:\/\/www.europesays.com\/fr\/wp-json\/wp\/v2\/posts\/265552\/revisions"}],"wp:featuredmedia":[{"embeddable":true,"href":"https:\/\/www.europesays.com\/fr\/wp-json\/wp\/v2\/media\/265553"}],"wp:attachment":[{"href":"https:\/\/www.europesays.com\/fr\/wp-json\/wp\/v2\/media?parent=265552"}],"wp:term":[{"taxonomy":"category","embeddable":true,"href":"https:\/\/www.europesays.com\/fr\/wp-json\/wp\/v2\/categories?post=265552"},{"taxonomy":"post_tag","embeddable":true,"href":"https:\/\/www.europesays.com\/fr\/wp-json\/wp\/v2\/tags?post=265552"}],"curies":[{"name":"wp","href":"https:\/\/api.w.org\/{rel}","templated":true}]}}