{"id":265556,"date":"2025-07-22T12:27:10","date_gmt":"2025-07-22T12:27:10","guid":{"rendered":"https:\/\/www.europesays.com\/fr\/265556\/"},"modified":"2025-07-22T12:27:10","modified_gmt":"2025-07-22T12:27:10","slug":"perpignan-castres-toulouse-ou-en-est-la-reprise-des-clubs-du-top-14","status":"publish","type":"post","link":"https:\/\/www.europesays.com\/fr\/265556\/","title":{"rendered":"Perpignan, Castres, Toulouse&#8230; O\u00f9 en est la reprise des clubs du Top 14\u00a0?"},"content":{"rendered":"<p>            Par<br \/>\n        <strong><br \/>\n            <a href=\"https:\/\/actu.fr\/auteur\/anthony-assemat\" title=\"Consulter tous les articles de Anthony Assemat\" rel=\"nofollow noopener\" target=\"_blank\">Anthony Assemat<\/a><br \/>\n        <\/strong><\/p>\n<p>        Publi\u00e9 le<\/p>\n<p>            22 juil. 2025 \u00e0 14h09        <\/p>\n<p>Moins d\u2019un mois <a href=\"https:\/\/actu.fr\/sports\/rugby\/top-14\/rugby-pourquoi-ce-toulouse-bordeaux-est-l-une-des-plus-grandes-finales-de-l-histoire_62841046.html\" rel=\"nofollow noopener\" target=\"_blank\">apr\u00e8s le 24e Bouclier de Brennus remport\u00e9 par le Stade toulousain<\/a> aux d\u00e9pens de l\u2019UBB (39-33 apr\u00e8s prolongations), et un mois et demi avant la reprise de la nouvelle saison de Top 14, samedi 6 septembre 2025 (avec notamment deux all\u00e9chants Clermont-Toulouse et UBB-La Rochelle), o\u00f9 en sont les 14 clubs dans leur reprise ? On fait le point.<\/p>\n<p>Ils ont d\u00e9j\u00e0 repris<\/p>\n<p class=\" wall-content\">Les premiers de cord\u00e9e s\u2019appellent la <strong>Section paloise<\/strong> ! Les Vert et Blanc ont rechauss\u00e9 les crampons le 9 juillet dernier. Ils ont \u00e9t\u00e9 suivis par<strong> La Rochelle<\/strong> et <strong>Montauban<\/strong> (le 14 juillet), <strong>Lyon, le Stade fran\u00e7ais<\/strong> et le <strong>Racing 92<\/strong> (le 15 juillet), <strong>Montpellier<\/strong> et <strong>Perpignan<\/strong> (le 16 juillet). Cette semaine, c\u2019\u00e9tait au tour du <strong>Castres olympique<\/strong> et de <strong>Clermont<\/strong> (le 21 juillet) de se retrouver et de de s\u2019habituer \u00e0 nouveau au parfum de la salle de musculation et des terrains.<\/p>\n<p class=\" wall-content\"><a href=\"https:\/\/www.instagram.com\/p\/DMSRzZeotqM\/embed\" title=\"Ouvrir le lien sur Instagram\" rel=\"nofollow noopener\" target=\"_blank\">Visualiser le contenu sur Instagram<\/a><\/p>\n<p class=\" wall-content\"><a href=\"https:\/\/www.instagram.com\/p\/DMIlnnENovn\/embed\" title=\"Ouvrir le lien sur Instagram\" rel=\"nofollow noopener\" target=\"_blank\">Visualiser le contenu sur Instagram<\/a><\/p>\n<p class=\" wall-content\"><a href=\"https:\/\/www.instagram.com\/p\/DMXOIhFtZJh\/embed\" title=\"Ouvrir le lien sur Instagram\" rel=\"nofollow noopener\" target=\"_blank\">Visualiser le contenu sur Instagram<\/a><\/p>\n<p class=\" wall-content\">Chez les Vert et Noir de Sapiac, qui retrouvent l\u2019\u00e9lite du rugby fran\u00e7ais 15 ans apr\u00e8s, l\u2019ambition sera de bien figurer apr\u00e8s cette ascension pas forc\u00e9ment pr\u00e9vue. Pour le centre Simon Renda (pass\u00e9 par le Stade toulousain), qui s\u2019est confi\u00e9 \u00e0 Actu Rugby lors de cette reprise, le message est clair : \u00ab\u00a0Nous ne voulons pas faire n\u2019importe quoi et faire passer Montauban pour des pitres\u00a0\u00bb.<\/p>\n<p>Ils vont reprendre bient\u00f4t<\/p>\n<p class=\" wall-content\">Le calendrier de reprise est cal\u00e9 en fonction du parcours des uns et des autres la saison derni\u00e8re. Ainsi, les demi-finalistes malheureux,<strong> Toulon<\/strong> (contre l\u2019UBB) et <strong>Bayonne<\/strong> (contre le Stade toulousain), retrouveront les terrains le lundi 28 juillet 2025, soit une semaine apr\u00e8s les barragistes Castres et Clermont.<\/p>\n<p class=\" wall-content\">Dans l\u2019ordre naturel des choses, le champion de France, le <strong>Stade toulousain<\/strong>, et le finaliste, <strong>l\u2019UBB<\/strong>, seront les derniers de cord\u00e9e, respectivement le 4 ou 11 ao\u00fbt, et le 6 ao\u00fbt.<\/p>\n<p>Vid\u00e9os : en ce moment sur ActuEn attendant les premiers matchs amicaux<\/p>\n<p class=\" wall-content\">Les clubs partiront en stage de pr\u00e9paration (au Portugal pour l\u2019UBB, \u00e0 Loudenvielle pour Castres et Montpellier, \u00e0 La Plagne pour Lyon et La Rochelle\u2026) avant d\u2019entamer la phase des matchs amicaux. <a href=\"https:\/\/top14.lnr.fr\/actualite\/le-programme-de-lintersaison-des-clubs-de-top-14\" rel=\"nofollow noopener\" target=\"_blank\">Les choses s\u00e9rieuses vont alors commencer dans un mois avec quelques belles affiches au programme<\/a> comme Bayonne-Toulouse (le 28 ao\u00fbt), Montauban-UBB (le 29 ao\u00fbt), Castres-Harlequins (le 29 ao\u00fbt), Clermont-Toulon (le 29 ao\u00fbt), Pau-Montpellier (le 22 ao\u00fbt), Perpignan-Toulon (le 22 ao\u00fbt) ou encore Stade fran\u00e7ais-Racing (le 23 ao\u00fbt).<\/p>\n<p class=\" wall-content\">Suivez toute l\u2019actualit\u00e9 de vos villes et m\u00e9dias favoris en vous inscrivant \u00e0 <a href=\"https:\/\/moncompte.actu.fr\" title=\"D\u00e9couvez Mon Actu\" rel=\"nofollow noopener\" data-trk=\"{&quot;cta&quot;:{&quot;action&quot;:&quot;https:\\\/\\\/moncompte.actu.fr&quot;,&quot;category&quot;:&quot;mon compte&quot;,&quot;from&quot;:&quot;article footer&quot;,&quot;name&quot;:&quot;Mon actu&quot;,&quot;type&quot;:&quot;cta&quot;}}\" target=\"_blank\">Mon Actu<\/a>.<\/p>\n<p>                    <script async src=\"\/\/www.instagram.com\/embed.js\"><\/script><\/p>\n","protected":false},"excerpt":{"rendered":"Par Anthony Assemat Publi\u00e9 le 22 juil. 2025 \u00e0 14h09 Moins d\u2019un mois apr\u00e8s le 24e Bouclier de&hellip;\n","protected":false},"author":2,"featured_media":265557,"comment_status":"","ping_status":"","sticky":false,"template":"","format":"standard","meta":{"footnotes":""},"categories":[2816],"tags":[1111,11,1777,674,1011,27,12,2680,25,479,60,476,478,2312],"class_list":{"0":"post-265556","1":"post","2":"type-post","3":"status-publish","4":"format-standard","5":"has-post-thumbnail","7":"category-toulouse","8":"tag-actu","9":"tag-actualites","10":"tag-eu","11":"tag-europe","12":"tag-fr","13":"tag-france","14":"tag-news","15":"tag-occitanie","16":"tag-republique-francaise","17":"tag-rugby","18":"tag-sports","19":"tag-stade-toulousain","20":"tag-top-14","21":"tag-toulouse"},"share_on_mastodon":{"url":"https:\/\/pubeurope.com\/@fr\/114896885838900052","error":""},"_links":{"self":[{"href":"https:\/\/www.europesays.com\/fr\/wp-json\/wp\/v2\/posts\/265556","targetHints":{"allow":["GET"]}}],"collection":[{"href":"https:\/\/www.europesays.com\/fr\/wp-json\/wp\/v2\/posts"}],"about":[{"href":"https:\/\/www.europesays.com\/fr\/wp-json\/wp\/v2\/types\/post"}],"author":[{"embeddable":true,"href":"https:\/\/www.europesays.com\/fr\/wp-json\/wp\/v2\/users\/2"}],"replies":[{"embeddable":true,"href":"https:\/\/www.europesays.com\/fr\/wp-json\/wp\/v2\/comments?post=265556"}],"version-history":[{"count":0,"href":"https:\/\/www.europesays.com\/fr\/wp-json\/wp\/v2\/posts\/265556\/revisions"}],"wp:featuredmedia":[{"embeddable":true,"href":"https:\/\/www.europesays.com\/fr\/wp-json\/wp\/v2\/media\/265557"}],"wp:attachment":[{"href":"https:\/\/www.europesays.com\/fr\/wp-json\/wp\/v2\/media?parent=265556"}],"wp:term":[{"taxonomy":"category","embeddable":true,"href":"https:\/\/www.europesays.com\/fr\/wp-json\/wp\/v2\/categories?post=265556"},{"taxonomy":"post_tag","embeddable":true,"href":"https:\/\/www.europesays.com\/fr\/wp-json\/wp\/v2\/tags?post=265556"}],"curies":[{"name":"wp","href":"https:\/\/api.w.org\/{rel}","templated":true}]}}