{"id":265558,"date":"2025-07-22T12:28:18","date_gmt":"2025-07-22T12:28:18","guid":{"rendered":"https:\/\/www.europesays.com\/fr\/265558\/"},"modified":"2025-07-22T12:28:18","modified_gmt":"2025-07-22T12:28:18","slug":"cette-enseigne-de-deco-et-de-mode-ouvre-son-entrepot-et-casse-les-prix-ce-week-end","status":"publish","type":"post","link":"https:\/\/www.europesays.com\/fr\/265558\/","title":{"rendered":"cette enseigne de d\u00e9co et de mode ouvre son entrep\u00f4t et casse les prix ce week-end"},"content":{"rendered":"<p>            Par<br \/>\n        <strong><br \/>\n            <a href=\"https:\/\/actu.fr\/auteur\/nicolas-demollien\" title=\"Consulter tous les articles de Nicolas Demollien\" target=\"_blank\" rel=\"noopener\">Nicolas Demollien<\/a><br \/>\n        <\/strong><\/p>\n<p>        Publi\u00e9 le<\/p>\n<p>            22 juil. 2025 \u00e0 11h13        <\/p>\n<p>C\u2019est le moment ou jamais de se faire plaisir ! Tr\u00e8s appr\u00e9ci\u00e9e des Nordistes, l\u2019enseigne de <b>mode<\/b> et de <b>d\u00e9coration Home Sweet Mode<\/b> annonce <b>casser les prix<\/b> lors d\u2019une <b>grande braderie<\/b> ces samedi 26 et dimanche 27 juillet 2025. Cela se passera dans son <b>entrep\u00f4t<\/b> de <a href=\"https:\/\/actu.fr\/hauts-de-france\/seclin_59560\" target=\"_blank\" rel=\"noopener\">Seclin<\/a> (22, rue Marcel Dassault), tout pr\u00e8s de <a href=\"https:\/\/actu.fr\/hauts-de-france\/lille_59350\" target=\"_blank\" rel=\"noopener\">Lille<\/a> (Nord).<\/p>\n<p>Home Sweet Mode fait sa braderie \u00e0 Seclin et casse les prix<\/p>\n<p class=\" wall-content\">Vous trouverez sur place \u00ab\u00a0des <b>petits prix<\/b> sur de la d\u00e9co, du pr\u00eat-\u00e0-porter et du mobilier\u00a0\u00bb, annonce l\u2019enseigne sur ses r\u00e9seaux sociaux.\u00a0<\/p>\n<p class=\" wall-content\">Home Sweet Mode propose un savant m\u00e9lange d\u2018articles pour d\u00e9corer sa maison, pour offrir, ainsi que des v\u00eatements. Depuis son lancement en 2015 \u00e0 <a href=\"https:\/\/actu.fr\/hauts-de-france\/marquette-lez-lille_59386\" target=\"_blank\" rel=\"noopener\">Marquette-lez-Lille<\/a>, <b>la petite entreprise encha\u00eene les succ\u00e8s<\/b> et multiplie les ouvertures.<\/p>\n<p class=\" wall-content\">Lors de son <a href=\"https:\/\/actu.fr\/hauts-de-france\/lille_59350\/lille-une-nouvelle-boutique-dediee-a-la-deco-et-a-la-mode-ouvre-a-westfield-euralille_59651842.html\" target=\"_blank\" rel=\"noopener\">arriv\u00e9e \u00e0 Westfield Euralille<\/a>, Rudy, cofondateur de l\u2019enseigne, nous assurait dans un grand sourire : \u00ab\u00a0La recette du succ\u00e8s, c\u2019est beaucoup de passion et d\u2019amour. Ce que nos clients appr\u00e9cient, c\u2019est qu\u2019on suit les tendances et les modes\u00a0\u00bb.<\/p>\n<p class=\" wall-content\">Foncez \u00e0 Seclin ce week-end, vous devriez y trouver votre bonheur !<\/p>\n<p>Vid\u00e9os : en ce moment sur Actu<br \/>\n    <a href=\"https:\/\/www.facebook.com\/plugins\/post.php?href=https%3A%2F%2Fwww.facebook.com%2Fhomesweetmode%2Fposts%2Fpfbid022nFu7ysCXJ8LUf8VXu69goJnYCLQASEsbnD9TiHhpH4XPM34RWFSdjZQqb2cnDc5l&amp;show_text=true&amp;width=350\" title=\"Ouvrie le lien\" target=\"_blank\" rel=\"noopener\">Cliquez ici pour visualiser le contenu<\/a><\/p>\n<p class=\" wall-content\">Plus d\u2019infos sur l\u2019enseigne sur le site <a href=\"https:\/\/homesweetmode.com\/\" target=\"_blank\" rel=\"noopener\">homesweetmode.com<\/a><\/p>\n<p class=\" wall-content\">Suivez toute l\u2019actualit\u00e9 de vos villes et m\u00e9dias favoris en vous inscrivant \u00e0 <a href=\"https:\/\/moncompte.actu.fr\" title=\"D\u00e9couvez Mon Actu\" rel=\"nofollow noopener\" data-trk=\"{&quot;cta&quot;:{&quot;action&quot;:&quot;https:\\\/\\\/moncompte.actu.fr&quot;,&quot;category&quot;:&quot;mon compte&quot;,&quot;from&quot;:&quot;article footer&quot;,&quot;name&quot;:&quot;Mon actu&quot;,&quot;type&quot;:&quot;cta&quot;}}\" target=\"_blank\">Mon Actu<\/a>.<\/p>\n<ul class=\"ac-article-tag wall-content\">\n<li><a href=\"https:\/\/actu.fr\/tag\/bon-plan-a-lille\" data-trk=\"{&quot;cta&quot;:{&quot;action&quot;:&quot;Bon plan \\u00e0 Lille&quot;,&quot;category&quot;:&quot;tag&quot;,&quot;from&quot;:&quot;article footer&quot;,&quot;name&quot;:&quot;Bon plan \\u00e0 Lille&quot;,&quot;type&quot;:&quot;cta&quot;}}\" target=\"_blank\" rel=\"noopener\">#Bon plan \u00e0 Lille<\/a><\/li>\n<li><a href=\"https:\/\/actu.fr\/tag\/commerce\" data-trk=\"{&quot;cta&quot;:{&quot;action&quot;:&quot;Commerce&quot;,&quot;category&quot;:&quot;tag&quot;,&quot;from&quot;:&quot;article footer&quot;,&quot;name&quot;:&quot;Commerce&quot;,&quot;type&quot;:&quot;cta&quot;}}\" target=\"_blank\" rel=\"noopener\">#Commerce<\/a><\/li>\n<\/ul>\n","protected":false},"excerpt":{"rendered":"Par Nicolas Demollien Publi\u00e9 le 22 juil. 2025 \u00e0 11h13 C\u2019est le moment ou jamais de se faire&hellip;\n","protected":false},"author":2,"featured_media":265559,"comment_status":"","ping_status":"","sticky":false,"template":"","format":"standard","meta":{"footnotes":""},"categories":[2815],"tags":[1111,11,6557,215,33,1777,674,1011,27,811,1307,12,25],"class_list":{"0":"post-265558","1":"post","2":"type-post","3":"status-publish","4":"format-standard","5":"has-post-thumbnail","7":"category-lille","8":"tag-actu","9":"tag-actualites","10":"tag-bon-plan-a-lille","11":"tag-commerce","12":"tag-economie","13":"tag-eu","14":"tag-europe","15":"tag-fr","16":"tag-france","17":"tag-hauts-de-france","18":"tag-lille","19":"tag-news","20":"tag-republique-francaise"},"share_on_mastodon":{"url":"https:\/\/pubeurope.com\/@fr\/114896889688238780","error":""},"_links":{"self":[{"href":"https:\/\/www.europesays.com\/fr\/wp-json\/wp\/v2\/posts\/265558","targetHints":{"allow":["GET"]}}],"collection":[{"href":"https:\/\/www.europesays.com\/fr\/wp-json\/wp\/v2\/posts"}],"about":[{"href":"https:\/\/www.europesays.com\/fr\/wp-json\/wp\/v2\/types\/post"}],"author":[{"embeddable":true,"href":"https:\/\/www.europesays.com\/fr\/wp-json\/wp\/v2\/users\/2"}],"replies":[{"embeddable":true,"href":"https:\/\/www.europesays.com\/fr\/wp-json\/wp\/v2\/comments?post=265558"}],"version-history":[{"count":0,"href":"https:\/\/www.europesays.com\/fr\/wp-json\/wp\/v2\/posts\/265558\/revisions"}],"wp:featuredmedia":[{"embeddable":true,"href":"https:\/\/www.europesays.com\/fr\/wp-json\/wp\/v2\/media\/265559"}],"wp:attachment":[{"href":"https:\/\/www.europesays.com\/fr\/wp-json\/wp\/v2\/media?parent=265558"}],"wp:term":[{"taxonomy":"category","embeddable":true,"href":"https:\/\/www.europesays.com\/fr\/wp-json\/wp\/v2\/categories?post=265558"},{"taxonomy":"post_tag","embeddable":true,"href":"https:\/\/www.europesays.com\/fr\/wp-json\/wp\/v2\/tags?post=265558"}],"curies":[{"name":"wp","href":"https:\/\/api.w.org\/{rel}","templated":true}]}}