{"id":265560,"date":"2025-07-22T12:29:15","date_gmt":"2025-07-22T12:29:15","guid":{"rendered":"https:\/\/www.europesays.com\/fr\/265560\/"},"modified":"2025-07-22T12:29:15","modified_gmt":"2025-07-22T12:29:15","slug":"200-tonnes-de-beton-reemployees-pour-la-loco-a-lille","status":"publish","type":"post","link":"https:\/\/www.europesays.com\/fr\/265560\/","title":{"rendered":"200 tonnes de b\u00e9ton r\u00e9employ\u00e9es pour La Loco \u00e0 Lille"},"content":{"rendered":"<p>\t\t\t\t\t<strong>Situ\u00e9 au c\u0153ur de l\u2019\u00e9coquartier Fives Cail de Lille (59), le tiers-lieu professionnel La Loco s\u2019impose comme un v\u00e9ritable hub d\u2019activit\u00e9s, porteur des valeurs de l\u2019\u00c9conomie Sociale et Solidaire (ESS). Install\u00e9 dans une ancienne halle r\u00e9habilit\u00e9e, ce lieu multifonctionnel favorise la rencontre et la collaboration entre entreprises, associations et citoyennes, au sein d\u2019un \u00e9cosyst\u00e8me engag\u00e9 qui leur ressemble.<\/strong><\/p>\n<p>R\u00e9partie sur trois \u00e9tages et 2400 m\u00b2, La Loco propose 1340 m\u00b2 de bureaux partag\u00e9s privatifs, soit environ 200 postes de travail ; 600 m\u00b2 d\u2019espaces communs ; 130 m\u00b2 d\u2019espaces collaboratifs incluant des salles de r\u00e9union \/ formations \/ \u00e9v\u00e9nementielles et 48 m\u00b2 d\u2019espace de coworking, soit 8 postes de travail ; 400 m\u00b2 d\u2019espaces commerciaux. Ce\u00a0b\u00e2timent \u00e0 haute performance environnementale, con\u00e7u pour limiter son empreinte \u00e9cologique, vise la certification HQE (Haute Qualit\u00e9 Environnementale) et r\u00e9pond aux exigences du label E+C- (\u00c9nergie Positive et R\u00e9duction Carbone). Ces engagements lui permettent de figurer parmi les b\u00e2timents priv\u00e9s les plus performants de France en mati\u00e8re d\u2019impact carbone et d\u2019efficacit\u00e9 \u00e9nerg\u00e9tique.<\/p>\n<p>\t\t\t\t\t\t\t\t<a id=\"grandanglemobilesA\" target=\"_blank\"><img alt=\"\" id=\"grandanglemobilesImg\"\/><\/a><\/p>\n<p>\t\t\t\t\t\t\tChaque choix architectural a \u00e9t\u00e9 guid\u00e9 par une logique de durabilit\u00e9 et d\u2019\u00e9conomie circulaire ! Premier exemple marquant : le b\u00e9ton recycl\u00e9 et local. Plut\u00f4t que d\u2019utiliser des mat\u00e9riaux neufs et \u00e9nergivores, ETIC a privil\u00e9gi\u00e9 des parpaings fabriqu\u00e9s avec 30 % de granulats recycl\u00e9s, issus de d\u00e9constructions locales. Au total, 200 tonnes de b\u00e9ton ont ainsi \u00e9t\u00e9 r\u00e9employ\u00e9es. La Loco\u00a0mise \u00e9galement sur des solutions \u00e9nerg\u00e9tiques innovantes : des fen\u00eatres en aluminium recycl\u00e9 \u00e0 70 % et recyclable ; une centrale photovolta\u00efque en autoconsommation, permettant de produire une partie de l\u2019\u00e9lectricit\u00e9 n\u00e9cessaire au b\u00e2timent ; un mini r\u00e9seau de chaleur partag\u00e9 avec les logements, favorisant une meilleure gestion de l\u2019\u00e9nergie, la mutualisation des \u00e9quipements et limitant les pertes ; une chaufferie bois en r\u00e9seau, aliment\u00e9e par des granul\u00e9s ; des syst\u00e8mes d\u2019\u00e9clairage LED \u00e0 d\u00e9tection de pr\u00e9sence dans les circulations et des appareils sanitaires \u00e0 faible consommation d\u2019eau, pour r\u00e9duire les gaspillages au quotidien. Aussi, gr\u00e2ce au programme \u00ab chantier propre \u00bb, une d\u00e9marche drastique pour r\u00e9duire les d\u00e9chets a \u00e9t\u00e9 mise en place. Environ 13 tonnes de d\u00e9chets ont \u00e9t\u00e9 \u00e9vit\u00e9es, soit 83 % de la production pr\u00e9vue, gr\u00e2ce \u00e0 une meilleure gestion des ressources et au recyclage des mat\u00e9riaux. La Loco incarne donc une nouvelle mani\u00e8re de construire et d\u2019habiter la ville : plus respectueuse de l\u2019environnement, plus sobre en ressources et plus ancr\u00e9e dans son territoire. Elle est le fruit d\u2019une collaboration \u00e9troite entre entreprises locales, acteurs et actrices de l\u2019\u00e9conomie circulaire et structures engag\u00e9es.<\/p>\n","protected":false},"excerpt":{"rendered":"Situ\u00e9 au c\u0153ur de l\u2019\u00e9coquartier Fives Cail de Lille (59), le tiers-lieu professionnel La Loco s\u2019impose comme un&hellip;\n","protected":false},"author":2,"featured_media":265561,"comment_status":"","ping_status":"","sticky":false,"template":"","format":"standard","meta":{"footnotes":""},"categories":[2815],"tags":[1111,11,1777,674,1011,27,811,1307,12,25],"class_list":{"0":"post-265560","1":"post","2":"type-post","3":"status-publish","4":"format-standard","5":"has-post-thumbnail","7":"category-lille","8":"tag-actu","9":"tag-actualites","10":"tag-eu","11":"tag-europe","12":"tag-fr","13":"tag-france","14":"tag-hauts-de-france","15":"tag-lille","16":"tag-news","17":"tag-republique-francaise"},"share_on_mastodon":{"url":"https:\/\/pubeurope.com\/@fr\/114896893753365945","error":""},"_links":{"self":[{"href":"https:\/\/www.europesays.com\/fr\/wp-json\/wp\/v2\/posts\/265560","targetHints":{"allow":["GET"]}}],"collection":[{"href":"https:\/\/www.europesays.com\/fr\/wp-json\/wp\/v2\/posts"}],"about":[{"href":"https:\/\/www.europesays.com\/fr\/wp-json\/wp\/v2\/types\/post"}],"author":[{"embeddable":true,"href":"https:\/\/www.europesays.com\/fr\/wp-json\/wp\/v2\/users\/2"}],"replies":[{"embeddable":true,"href":"https:\/\/www.europesays.com\/fr\/wp-json\/wp\/v2\/comments?post=265560"}],"version-history":[{"count":0,"href":"https:\/\/www.europesays.com\/fr\/wp-json\/wp\/v2\/posts\/265560\/revisions"}],"wp:featuredmedia":[{"embeddable":true,"href":"https:\/\/www.europesays.com\/fr\/wp-json\/wp\/v2\/media\/265561"}],"wp:attachment":[{"href":"https:\/\/www.europesays.com\/fr\/wp-json\/wp\/v2\/media?parent=265560"}],"wp:term":[{"taxonomy":"category","embeddable":true,"href":"https:\/\/www.europesays.com\/fr\/wp-json\/wp\/v2\/categories?post=265560"},{"taxonomy":"post_tag","embeddable":true,"href":"https:\/\/www.europesays.com\/fr\/wp-json\/wp\/v2\/tags?post=265560"}],"curies":[{"name":"wp","href":"https:\/\/api.w.org\/{rel}","templated":true}]}}