{"id":265562,"date":"2025-07-22T12:30:10","date_gmt":"2025-07-22T12:30:10","guid":{"rendered":"https:\/\/www.europesays.com\/fr\/265562\/"},"modified":"2025-07-22T12:30:10","modified_gmt":"2025-07-22T12:30:10","slug":"meteo-a-marseille-de-violents-orages-et-de-fortes-pluies-annonces-lalerte-declenchee","status":"publish","type":"post","link":"https:\/\/www.europesays.com\/fr\/265562\/","title":{"rendered":"M\u00e9t\u00e9o \u00e0 Marseille. De violents orages et de fortes pluies annonc\u00e9s, l&rsquo;alerte d\u00e9clench\u00e9e"},"content":{"rendered":"<p>            Par<br \/>\n        <strong><br \/>\n            <a href=\"https:\/\/actu.fr\/auteur\/thibault-nadal-actu-fr\" title=\"Consulter tous les articles de Thibault Nadal\" target=\"_blank\" rel=\"noopener\">Thibault Nadal<\/a><br \/>\n        <\/strong><\/p>\n<p>        Publi\u00e9 le<\/p>\n<p>            22 juil. 2025 \u00e0 13h44        <\/p>\n<p>Deux jours apr\u00e8s avoir provoqu\u00e9 d\u2019importants dans les <a href=\"https:\/\/actu.fr\/provence-alpes-cote-d-azur\/bouches-du-rhone_13\" target=\"_blank\" rel=\"noopener\">Bouches-du-Rh\u00f4ne<\/a>, les <a href=\"https:\/\/actu.fr\/tag\/orages\" target=\"_blank\" rel=\"noopener\">orages<\/a> sont d\u00e9j\u00e0 de retour. <a href=\"https:\/\/actu.fr\/tag\/meteo-france\" target=\"_blank\" rel=\"noopener\">M\u00e9t\u00e9o-France<\/a> vient en effet de d\u00e9clencher sa <strong>vigilance jaune pour la journ\u00e9e du mercredi<\/strong> 23\u00a0juillet 2025. Elle sera effective \u00e0 partir de 6h du matin.<\/p>\n<p class=\" wall-content\">De la <a href=\"https:\/\/actu.fr\/tag\/pluie\" target=\"_blank\" rel=\"noopener\">pluie<\/a> est \u00e9galement attendue sur le d\u00e9partement. Voici les pr\u00e9visions.<\/p>\n<p>L\u2019\u00e9pisode devrait \u00eatre moins violent que dans la nuit de dimanche \u00e0 lundi<\/p>\n<p class=\" wall-content\">Les images sont encore dans toutes les t\u00eates. Dans la nuit de dimanche \u00e0 lundi, <a href=\"https:\/\/actu.fr\/provence-alpes-cote-d-azur\/marseille_13055\/tornade-pluies-diluviennes-un-violent-orage-s-abat-sur-marseille-et-les-bouches-du-rhone_62935324.html\" target=\"_blank\" rel=\"noopener\">un violent orage a secou\u00e9 les Bouches-du-Rh\u00f4ne<\/a>, faisant de multiples d\u00e9g\u00e2ts. Une <strong>tornade<\/strong> a m\u00eame \u00e9t\u00e9 aper\u00e7ue sur la ville de <a href=\"https:\/\/actu.fr\/provence-alpes-cote-d-azur\/miramas_13063\" target=\"_blank\" rel=\"noopener\">Miramas<\/a>.<\/p>\n<p class=\" wall-content\">Mais cette fois, \u00ab<strong>\u2009rien \u00e0 voir<\/strong> avec les orages de la nuit de dimanche \u00e0 lundi\u2009\u00bb, rassure Paul Marquis, fondateur de <a href=\"https:\/\/www.facebook.com\/lameteodu13\/?locale=fr_FR\" target=\"_blank\" rel=\"noopener\">La M\u00e9t\u00e9o du 13<\/a>.<\/p>\n<p>\u00ab\u2009De bons coups de tonnerres attendus\u2009\u00bb<\/p>\n<p class=\" wall-content\">Pour la journ\u00e9e de mercredi, \u00ab\u2009des pluies instables\u2009\u00bb sont attendues dans le d\u00e9partement, principalement <strong>entre 17h et 19h30<\/strong>, r\u00e9v\u00e8le le m\u00e9t\u00e9orologue ind\u00e9pendant. \u00ab\u2009Quelques coups de tonnerre noy\u00e9s dans la masse seront possibles\u2009\u00bb, ajoute-t-il.<\/p>\n<p>Vid\u00e9os : en ce moment sur Actu<\/p>\n<p class=\" wall-content\">\u00c0 l\u2019ouest du d\u00e9partement, il pourrait tomber \u00ab\u20092 \u00e0 5 millim\u00e8tres\u2009\u00bb et entre \u00ab\u20095 et 10 millim\u00e8tres\u2009\u00bb \u00e0 l\u2019est.<\/p>\n<p>    <a href=\"https:\/\/www.facebook.com\/plugins\/post.php?href=https%3A%2F%2Fwww.facebook.com%2Flameteodu13%2Fposts%2Fpfbid02cCjgU6mjF6kM6NYyTFqmumRtjAsmJiU5ZFtPL57d26EE4xB6XZ5L54t7ZiLbdpZUl&amp;show_text=true&amp;width=350\" title=\"Ouvrie le lien\" target=\"_blank\" rel=\"noopener\">Cliquez ici pour visualiser le contenu<\/a><\/p>\n<p class=\" wall-content\">Sur Marseille, \u00ab\u2009de bons coups de tonnerres\u2009\u00bb sont attendus, pr\u00e9voit Paul Marquis. Au m\u00eame moment, <strong>des rafales de vent allant jusqu\u2019\u00e0 75\u00a0km\/h<\/strong> sont attendues sur la cit\u00e9 phoc\u00e9enne.<\/p>\n<p class=\" wall-content\">Mais cet \u00e9pisode devrait \u00eatre de courte dur\u00e9e. Le soleil devrait repointer le bout de son nez d\u00e8s 20h par l\u2019ouest.<\/p>\n<p class=\" wall-content\">Suivez toute l\u2019actualit\u00e9 de vos villes et m\u00e9dias favoris en vous inscrivant \u00e0 <a href=\"https:\/\/moncompte.actu.fr\" title=\"D\u00e9couvez Mon Actu\" rel=\"nofollow noopener\" data-trk=\"{&quot;cta&quot;:{&quot;action&quot;:&quot;https:\\\/\\\/moncompte.actu.fr&quot;,&quot;category&quot;:&quot;mon compte&quot;,&quot;from&quot;:&quot;article footer&quot;,&quot;name&quot;:&quot;Mon actu&quot;,&quot;type&quot;:&quot;cta&quot;}}\" target=\"_blank\">Mon Actu<\/a>.<\/p>\n","protected":false},"excerpt":{"rendered":"Par Thibault Nadal Publi\u00e9 le 22 juil. 2025 \u00e0 13h44 Deux jours apr\u00e8s avoir provoqu\u00e9 d\u2019importants dans les&hellip;\n","protected":false},"author":2,"featured_media":265563,"comment_status":"","ping_status":"","sticky":false,"template":"","format":"standard","meta":{"footnotes":""},"categories":[2814],"tags":[1111,11,1777,674,1011,27,884,2487,2357,12,4594,4459,882,25],"class_list":{"0":"post-265562","1":"post","2":"type-post","3":"status-publish","4":"format-standard","5":"has-post-thumbnail","7":"category-marseille","8":"tag-actu","9":"tag-actualites","10":"tag-eu","11":"tag-europe","12":"tag-fr","13":"tag-france","14":"tag-marseille","15":"tag-meteo","16":"tag-meteo-france","17":"tag-news","18":"tag-orages","19":"tag-pluie","20":"tag-provence-alpes-cote-dazur","21":"tag-republique-francaise"},"share_on_mastodon":{"url":"https:\/\/pubeurope.com\/@fr\/114896897563302239","error":""},"_links":{"self":[{"href":"https:\/\/www.europesays.com\/fr\/wp-json\/wp\/v2\/posts\/265562","targetHints":{"allow":["GET"]}}],"collection":[{"href":"https:\/\/www.europesays.com\/fr\/wp-json\/wp\/v2\/posts"}],"about":[{"href":"https:\/\/www.europesays.com\/fr\/wp-json\/wp\/v2\/types\/post"}],"author":[{"embeddable":true,"href":"https:\/\/www.europesays.com\/fr\/wp-json\/wp\/v2\/users\/2"}],"replies":[{"embeddable":true,"href":"https:\/\/www.europesays.com\/fr\/wp-json\/wp\/v2\/comments?post=265562"}],"version-history":[{"count":0,"href":"https:\/\/www.europesays.com\/fr\/wp-json\/wp\/v2\/posts\/265562\/revisions"}],"wp:featuredmedia":[{"embeddable":true,"href":"https:\/\/www.europesays.com\/fr\/wp-json\/wp\/v2\/media\/265563"}],"wp:attachment":[{"href":"https:\/\/www.europesays.com\/fr\/wp-json\/wp\/v2\/media?parent=265562"}],"wp:term":[{"taxonomy":"category","embeddable":true,"href":"https:\/\/www.europesays.com\/fr\/wp-json\/wp\/v2\/categories?post=265562"},{"taxonomy":"post_tag","embeddable":true,"href":"https:\/\/www.europesays.com\/fr\/wp-json\/wp\/v2\/tags?post=265562"}],"curies":[{"name":"wp","href":"https:\/\/api.w.org\/{rel}","templated":true}]}}