{"id":265564,"date":"2025-07-22T12:31:13","date_gmt":"2025-07-22T12:31:13","guid":{"rendered":"https:\/\/www.europesays.com\/fr\/265564\/"},"modified":"2025-07-22T12:31:13","modified_gmt":"2025-07-22T12:31:13","slug":"savon-de-marseille-comment-faire-le-bon-choix-journal-de-13-heures","status":"publish","type":"post","link":"https:\/\/www.europesays.com\/fr\/265564\/","title":{"rendered":"Savon de Marseille : comment faire le bon choix &#8211; Journal de 13 heures"},"content":{"rendered":"<p id=\"descriptionPanel\" class=\"text-secondary mr-2 line-clamp-2 pr-2.5 overflow-visible\">Sur le Vieux-Port de Marseille (Bouches-du-Rh\u00f4ne), il est partout, dans toutes les boutiques. Il en existe de toutes les couleurs et de toutes les senteurs. Le c\u00e9l\u00e8bre savon de Marseille est le souvenir qui se vend le mieux en Provence. Vous l&rsquo;aimez parce qu&rsquo;il est naturel et local, mais attention, ce n&rsquo;est pas toujours le cas. La marque n&rsquo;est pas d\u00e9pos\u00e9e, alors difficile de s&rsquo;y retrouver. Comment est-il r\u00e9ellement fabriqu\u00e9 ? Comment \u00eatre s\u00fbr de son origine ? Voici nos conseils.<\/p>\n<p>TF1 | Reportage M. PERROT, P. FONTALBA, N. CARME<\/p>\n<p>Afficher la version longue du r\u00e9sum\u00e9<a class=\"shrink-0\" href=\"https:\/\/www.tf1.fr\/tf1\/jt-13h\" target=\"_blank\" rel=\"noopener\"><img decoding=\"async\" src=\"https:\/\/www.europesays.com\/fr\/wp-content\/uploads\/2025\/07\/program-card-portrait-1_jt13h_lacarrauandithurburu-af36c9-1a992f-0@1x.jpg\" width=\"138\" height=\"184\" alt=\"\" loading=\"eager\" fetchpriority=\"auto\" class=\"rounded-3px aspect-[3\/4] h-24 w-auto\" aria-hidden=\"true\"\/><\/a><\/p>\n","protected":false},"excerpt":{"rendered":"Sur le Vieux-Port de Marseille (Bouches-du-Rh\u00f4ne), il est partout, dans toutes les boutiques. Il en existe de toutes&hellip;\n","protected":false},"author":2,"featured_media":265565,"comment_status":"","ping_status":"","sticky":false,"template":"","format":"standard","meta":{"footnotes":""},"categories":[2814],"tags":[1111,11,1777,674,3483,3484,1011,27,3486,3485,884,12,882,25,3488,3489,3487],"class_list":{"0":"post-265564","1":"post","2":"type-post","3":"status-publish","4":"format-standard","5":"has-post-thumbnail","7":"category-marseille","8":"tag-actu","9":"tag-actualites","10":"tag-eu","11":"tag-europe","12":"tag-extrait","13":"tag-extrait-journal-de-13-heures","14":"tag-fr","15":"tag-france","16":"tag-journal-de-13-heures","17":"tag-journal-de-13-heures-extrait","18":"tag-marseille","19":"tag-news","20":"tag-provence-alpes-cote-dazur","21":"tag-republique-francaise","22":"tag-streaming-journal-de-13-heures","23":"tag-video-en-streaming-journal-de-13-heures","24":"tag-video-journal-de-13-heures"},"share_on_mastodon":{"url":"https:\/\/pubeurope.com\/@fr\/114896901541838507","error":""},"_links":{"self":[{"href":"https:\/\/www.europesays.com\/fr\/wp-json\/wp\/v2\/posts\/265564","targetHints":{"allow":["GET"]}}],"collection":[{"href":"https:\/\/www.europesays.com\/fr\/wp-json\/wp\/v2\/posts"}],"about":[{"href":"https:\/\/www.europesays.com\/fr\/wp-json\/wp\/v2\/types\/post"}],"author":[{"embeddable":true,"href":"https:\/\/www.europesays.com\/fr\/wp-json\/wp\/v2\/users\/2"}],"replies":[{"embeddable":true,"href":"https:\/\/www.europesays.com\/fr\/wp-json\/wp\/v2\/comments?post=265564"}],"version-history":[{"count":0,"href":"https:\/\/www.europesays.com\/fr\/wp-json\/wp\/v2\/posts\/265564\/revisions"}],"wp:featuredmedia":[{"embeddable":true,"href":"https:\/\/www.europesays.com\/fr\/wp-json\/wp\/v2\/media\/265565"}],"wp:attachment":[{"href":"https:\/\/www.europesays.com\/fr\/wp-json\/wp\/v2\/media?parent=265564"}],"wp:term":[{"taxonomy":"category","embeddable":true,"href":"https:\/\/www.europesays.com\/fr\/wp-json\/wp\/v2\/categories?post=265564"},{"taxonomy":"post_tag","embeddable":true,"href":"https:\/\/www.europesays.com\/fr\/wp-json\/wp\/v2\/tags?post=265564"}],"curies":[{"name":"wp","href":"https:\/\/api.w.org\/{rel}","templated":true}]}}