{"id":265566,"date":"2025-07-22T12:32:09","date_gmt":"2025-07-22T12:32:09","guid":{"rendered":"https:\/\/www.europesays.com\/fr\/265566\/"},"modified":"2025-07-22T12:32:09","modified_gmt":"2025-07-22T12:32:09","slug":"lyon-le-radar-sur-ces-quais-dangereux-toujours-inactif-un-mois-apres-son-installation","status":"publish","type":"post","link":"https:\/\/www.europesays.com\/fr\/265566\/","title":{"rendered":"Lyon. Le radar sur ces quais dangereux toujours inactif un mois apr\u00e8s son installation"},"content":{"rendered":"<p>            Par<br \/>\n        <strong><br \/>\n            <a href=\"https:\/\/actu.fr\/auteur\/theophile-blondet\" title=\"Consulter tous les articles de Theophile Blondet\" rel=\"nofollow noopener\" target=\"_blank\">Theophile Blondet<\/a><br \/>\n        <\/strong><\/p>\n<p>        Publi\u00e9 le<\/p>\n<p>            22 juil. 2025 \u00e0 13h57        <\/p>\n<p>Dans l\u2019attente de l\u2019installation d\u2019un radar automatique sur les quais Tilsitt et Joffre, la pr\u00e9fecture du Rh\u00f4ne a fait installer <a href=\"https:\/\/actu.fr\/auvergne-rhone-alpes\/lyon_69123\/lyon-un-nouveau-radar-automatique-a-30-km-h-debarque-en-plein-centre-voici-ou_62842820.html\" rel=\"nofollow noopener\" target=\"_blank\">un radar autonome qui flash les v\u00e9hicules au-dessus de 30km\/h.<\/a><\/p>\n<p class=\" wall-content\">Mais celui-ci n\u2019est toujours pas op\u00e9rationnel alors qu\u2019il a \u00e9t\u00e9 install\u00e9 le 27\u00a0juin dernier. La pr\u00e9fecture du Rh\u00f4ne s\u2019explique.<\/p>\n<p>Un retard li\u00e9 \u00e0 un probl\u00e8me technique<\/p>\n<p class=\" wall-content\">Plusieurs accidents importants, dont certains mortels, se sont produits sur les quais Joffre et Tilsitt dans le 2\u00e8me arrondissement de <a href=\"https:\/\/actu.fr\/lyon\/\" rel=\"nofollow noopener\" target=\"_blank\">Lyon<\/a>.<\/p>\n<p class=\" wall-content\">C\u2019est notamment sur ce quai qu\u2019en ao\u00fbt\u00a02022, <a href=\"https:\/\/actu.fr\/auvergne-rhone-alpes\/lyon_69123\/lyon-les-mamans-d-iris-et-warren-ados-tues-a-trottinette-reclament-justice_61546202.html\" rel=\"nofollow noopener\" target=\"_blank\">les deux adolescents Iris et Warren<\/a> avaient \u00e9t\u00e9 percut\u00e9s de plein fouet par une ambulance alors qu\u2019ils circulaient sur une m\u00eame trottinette \u00e9lectrique.<\/p>\n<p class=\" wall-content\">C\u2019est dans ce contexte qu\u2019un radar temporaire a \u00e9t\u00e9 install\u00e9 sur les quais Tilsitt et Joffre par les services de l\u2019\u00c9tat, dans l\u2019attente de l\u2019expertise de la faisabilit\u00e9 technique de la mise en place d\u2019un radar permanent.<\/p>\n<p>Vid\u00e9os : en ce moment sur Actu<br \/>\n    <a href=\"https:\/\/www.google.com\/maps\/embed?pb=!1m18!1m12!1m3!1d8957.825809744694!2d4.819846350972505!3d45.75388093713243!2m3!1f0!2f0!3f0!3m2!1i1024!2i768!4f13.1!3m3!1m2!1s0x47f4ebad26745bdb%3A0x238273869d21c152!2sQuai%20Tilsitt%2C%2069002%20Lyon!5e0!3m2!1sfr!2sfr!4v1753177732819!5m2!1sfr!2sfr\" title=\"Ouvrie le lien\" rel=\"nofollow noopener\" target=\"_blank\">Cliquez ici pour visualiser le contenu<\/a><\/p>\n<p class=\" wall-content\">Contact\u00e9e, la pr\u00e9fecture du Rh\u00f4ne explique que ce retard est li\u00e9 \u00ab\u2009\u00e0 un probl\u00e8me technique\u2009\u00bb. Elle nous assure avoir demand\u00e9 aux services de maintenance comp\u00e9tents l\u2019acc\u00e9l\u00e9ration du processus pour r\u00e9soudre le probl\u00e8me.<\/p>\n<p class=\" wall-content\">Suivez toute l\u2019actualit\u00e9 de vos villes et m\u00e9dias favoris en vous inscrivant \u00e0 <a href=\"https:\/\/moncompte.actu.fr\" title=\"D\u00e9couvez Mon Actu\" rel=\"nofollow noopener\" data-trk=\"{&quot;cta&quot;:{&quot;action&quot;:&quot;https:\\\/\\\/moncompte.actu.fr&quot;,&quot;category&quot;:&quot;mon compte&quot;,&quot;from&quot;:&quot;article footer&quot;,&quot;name&quot;:&quot;Mon actu&quot;,&quot;type&quot;:&quot;cta&quot;}}\" target=\"_blank\">Mon Actu<\/a>.<\/p>\n","protected":false},"excerpt":{"rendered":"Par Theophile Blondet Publi\u00e9 le 22 juil. 2025 \u00e0 13h57 Dans l\u2019attente de l\u2019installation d\u2019un radar automatique sur&hellip;\n","protected":false},"author":2,"featured_media":215284,"comment_status":"","ping_status":"","sticky":false,"template":"","format":"standard","meta":{"footnotes":""},"categories":[1889],"tags":[1111,11,2430,3542,1777,674,1011,27,2428,12,1072,6957,25,104],"class_list":{"0":"post-265566","1":"post","2":"type-post","3":"status-publish","4":"format-standard","5":"has-post-thumbnail","7":"category-lyon","8":"tag-actu","9":"tag-actualites","10":"tag-auvergne-rhone-alpes","11":"tag-circulation","12":"tag-eu","13":"tag-europe","14":"tag-fr","15":"tag-france","16":"tag-lyon","17":"tag-news","18":"tag-police","19":"tag-radars","20":"tag-republique-francaise","21":"tag-societe"},"share_on_mastodon":{"url":"https:\/\/pubeurope.com\/@fr\/114896905460478069","error":""},"_links":{"self":[{"href":"https:\/\/www.europesays.com\/fr\/wp-json\/wp\/v2\/posts\/265566","targetHints":{"allow":["GET"]}}],"collection":[{"href":"https:\/\/www.europesays.com\/fr\/wp-json\/wp\/v2\/posts"}],"about":[{"href":"https:\/\/www.europesays.com\/fr\/wp-json\/wp\/v2\/types\/post"}],"author":[{"embeddable":true,"href":"https:\/\/www.europesays.com\/fr\/wp-json\/wp\/v2\/users\/2"}],"replies":[{"embeddable":true,"href":"https:\/\/www.europesays.com\/fr\/wp-json\/wp\/v2\/comments?post=265566"}],"version-history":[{"count":0,"href":"https:\/\/www.europesays.com\/fr\/wp-json\/wp\/v2\/posts\/265566\/revisions"}],"wp:featuredmedia":[{"embeddable":true,"href":"https:\/\/www.europesays.com\/fr\/wp-json\/wp\/v2\/media\/215284"}],"wp:attachment":[{"href":"https:\/\/www.europesays.com\/fr\/wp-json\/wp\/v2\/media?parent=265566"}],"wp:term":[{"taxonomy":"category","embeddable":true,"href":"https:\/\/www.europesays.com\/fr\/wp-json\/wp\/v2\/categories?post=265566"},{"taxonomy":"post_tag","embeddable":true,"href":"https:\/\/www.europesays.com\/fr\/wp-json\/wp\/v2\/tags?post=265566"}],"curies":[{"name":"wp","href":"https:\/\/api.w.org\/{rel}","templated":true}]}}