{"id":265567,"date":"2025-07-22T12:33:11","date_gmt":"2025-07-22T12:33:11","guid":{"rendered":"https:\/\/www.europesays.com\/fr\/265567\/"},"modified":"2025-07-22T12:33:11","modified_gmt":"2025-07-22T12:33:11","slug":"le-grand-retour-du-prince-noir-de-la-techno","status":"publish","type":"post","link":"https:\/\/www.europesays.com\/fr\/265567\/","title":{"rendered":"le grand retour du \u00ab\u00a0prince noir de la techno\u00a0\u00bb"},"content":{"rendered":"<p>L\u2019un des retours les plus attendus de la sc\u00e8ne lyonnaise se concr\u00e9tise cette semaine. Mike L\u00e9vy, plus connu sous le nom de Gesaffelstein, s\u2019appr\u00eate \u00e0 \u00e9lectriser le grand th\u00e9\u00e2tre des Nuits de Fourvi\u00e8re ce vendredi 25\u00a0juillet. Un concert qui marque le retour du producteur sur ses terres natales pour l\u2019un des derniers grands rendez-vous du festival.<\/p>\n<p>N\u00e9 \u00e0 Lyon en 1985 et autodidacte de la musique, il se fait conna\u00eetre au d\u00e9but des ann\u00e9es 2010 avec une techno sombre, anxiog\u00e8ne et ultra-pr\u00e9cise, \u00e0 contre-courant de la French Touch de l\u2018\u00e9poque.<\/p>\n<p>  Des collaborations avec The Weeknd et Pharrell Williams<\/p>\n<p>Son premier album, Aleph (2013), l\u2019impose comme le \u00ab\u00a0Prince noir de la techno\u00a0\u00bb, une r\u00e9putation ciment\u00e9e par des collaborations prestigieuses avec des artistes comme The Weeknd ou Pharrell Williams. Ce concert sera un retour aux sources pour un artiste qui, bien qu\u2019ayant conquis le monde, reste indissociable de Lyon. La soir\u00e9e sera ouverte par The Hacker, pionnier de l\u2018\u00e9lectro et mentor de ses d\u00e9buts, pour un passage de flambeau symbolique.<\/p>\n<p>La cl\u00f4ture officielle du festival\u00a0aura lieu le samedi 26\u00a0juillet avec un \u00e9v\u00e9nement d\u2019une tout autre nature\u00a0: la soir\u00e9e \u00ab\u00a0ARTE fait son karaok\u00e9\u00a0\u00bb, une grande f\u00eate participative et bon enfant.<\/p>\n<p class=\"note\">Concert complet. Places en revente\u00a0: <a href=\"https:\/\/reelax-tickets.com\/o\/nuits-de-fourviere\/list\" target=\"_blank\" rel=\"noopener\">https:\/\/reelax-tickets.com\/o\/nuits-de-fourviere\/list<\/a>. 48\u00a0\u20ac.<\/p>\n","protected":false},"excerpt":{"rendered":"L\u2019un des retours les plus attendus de la sc\u00e8ne lyonnaise se concr\u00e9tise cette semaine. Mike L\u00e9vy, plus connu&hellip;\n","protected":false},"author":2,"featured_media":265568,"comment_status":"","ping_status":"","sticky":false,"template":"","format":"standard","meta":{"footnotes":""},"categories":[1889],"tags":[1111,11,2430,1687,2757,1777,674,1011,27,2428,2756,873,12,28848,25,2429],"class_list":{"0":"post-265567","1":"post","2":"type-post","3":"status-publish","4":"format-standard","5":"has-post-thumbnail","7":"category-lyon","8":"tag-actu","9":"tag-actualites","10":"tag-auvergne-rhone-alpes","11":"tag-culture-loisirs","12":"tag-edition-lyon-villeurbanne","13":"tag-eu","14":"tag-europe","15":"tag-fr","16":"tag-france","17":"tag-lyon","18":"tag-lyon-bassin","19":"tag-musique","20":"tag-news","21":"tag-nuits-de-fourviere","22":"tag-republique-francaise","23":"tag-rhone"},"share_on_mastodon":{"url":"https:\/\/pubeurope.com\/@fr\/114896909346744763","error":""},"_links":{"self":[{"href":"https:\/\/www.europesays.com\/fr\/wp-json\/wp\/v2\/posts\/265567","targetHints":{"allow":["GET"]}}],"collection":[{"href":"https:\/\/www.europesays.com\/fr\/wp-json\/wp\/v2\/posts"}],"about":[{"href":"https:\/\/www.europesays.com\/fr\/wp-json\/wp\/v2\/types\/post"}],"author":[{"embeddable":true,"href":"https:\/\/www.europesays.com\/fr\/wp-json\/wp\/v2\/users\/2"}],"replies":[{"embeddable":true,"href":"https:\/\/www.europesays.com\/fr\/wp-json\/wp\/v2\/comments?post=265567"}],"version-history":[{"count":0,"href":"https:\/\/www.europesays.com\/fr\/wp-json\/wp\/v2\/posts\/265567\/revisions"}],"wp:featuredmedia":[{"embeddable":true,"href":"https:\/\/www.europesays.com\/fr\/wp-json\/wp\/v2\/media\/265568"}],"wp:attachment":[{"href":"https:\/\/www.europesays.com\/fr\/wp-json\/wp\/v2\/media?parent=265567"}],"wp:term":[{"taxonomy":"category","embeddable":true,"href":"https:\/\/www.europesays.com\/fr\/wp-json\/wp\/v2\/categories?post=265567"},{"taxonomy":"post_tag","embeddable":true,"href":"https:\/\/www.europesays.com\/fr\/wp-json\/wp\/v2\/tags?post=265567"}],"curies":[{"name":"wp","href":"https:\/\/api.w.org\/{rel}","templated":true}]}}