{"id":265571,"date":"2025-07-22T12:36:09","date_gmt":"2025-07-22T12:36:09","guid":{"rendered":"https:\/\/www.europesays.com\/fr\/265571\/"},"modified":"2025-07-22T12:36:09","modified_gmt":"2025-07-22T12:36:09","slug":"dimportants-retards-a-prevoir-sur-le-rer-d","status":"publish","type":"post","link":"https:\/\/www.europesays.com\/fr\/265571\/","title":{"rendered":"d&rsquo;importants retards \u00e0 pr\u00e9voir sur le RER D"},"content":{"rendered":"<p>            Par<br \/>\n        <strong><br \/>\n            <a href=\"https:\/\/actu.fr\/auteur\/redaction-paris\" title=\"Consulter tous les articles de R\u00e9daction Paris\" rel=\"nofollow noopener\" target=\"_blank\">R\u00e9daction Paris<\/a><br \/>\n        <\/strong><\/p>\n<p>        Publi\u00e9 le<\/p>\n<p>            22 juil. 2025 \u00e0 10h00        <\/p>\n<p>Les usagers du <a href=\"https:\/\/actu.fr\/tag\/rer-d\" rel=\"nofollow noopener\" target=\"_blank\">RER D<\/a> vont devoir faire preuve de patience ce mardi 22\u00a0juillet 2025. En raison d\u2019un incident affectant la voie dans le <strong>secteur de Paris Nord<\/strong>, la <a href=\"https:\/\/actu.fr\/tag\/circulation\" rel=\"nofollow noopener\" target=\"_blank\">circulation<\/a> est fortement ralentie sur une partie de la ligne, a fait savoir la <a href=\"https:\/\/actu.fr\/tag\/sncf\" rel=\"nofollow noopener\" target=\"_blank\">SNCF<\/a> sur X.<\/p>\n<p>Suppression, allongement du temps de trajet\u2026<\/p>\n<p class=\" wall-content\">Les premi\u00e8res perturbations ont \u00e9t\u00e9 signal\u00e9es peu apr\u00e8s 6\u00a0heures. Le trafic a alors \u00e9t\u00e9 interrompu entre Paris Gare du Nord et Paris Gare de Lyon pendant presque deux heures. Alors que la circulation reprenait sur cette portion, le <strong>trafic \u00e9tait perturb\u00e9<\/strong> \u00ab\u2009entre Orry-la-Ville et Corbeil-Essonnes via \u00c9vry c. et entre Goussainville et Melun\u2009\u00bb, annon\u00e7ait l\u2019entreprise ferroviaire.<\/p>\n<p class=\" wall-content\">\n<p class=\" wall-content\">Des allongements des temps de trajet allant jusqu\u2019\u00e0 <strong>30\u00a0minutes<\/strong> sont \u00e0 pr\u00e9voir ainsi que des modifications du plan de transport, dont des suppressions.\u00a0Dans la mesure du possible, les voyageurs sont invit\u00e9s \u00e0 modifier leur itin\u00e9raire.<\/p>\n<p class=\" wall-content\">Suivez toute l\u2019actualit\u00e9 de vos villes et m\u00e9dias favoris en vous inscrivant \u00e0 <a href=\"https:\/\/moncompte.actu.fr\" title=\"D\u00e9couvez Mon Actu\" rel=\"nofollow noopener\" data-trk=\"{&quot;cta&quot;:{&quot;action&quot;:&quot;https:\\\/\\\/moncompte.actu.fr&quot;,&quot;category&quot;:&quot;mon compte&quot;,&quot;from&quot;:&quot;article footer&quot;,&quot;name&quot;:&quot;Mon actu&quot;,&quot;type&quot;:&quot;cta&quot;}}\" target=\"_blank\">Mon Actu<\/a>.<\/p>\n","protected":false},"excerpt":{"rendered":"Par R\u00e9daction Paris Publi\u00e9 le 22 juil. 2025 \u00e0 10h00 Les usagers du RER D vont devoir faire&hellip;\n","protected":false},"author":2,"featured_media":161174,"comment_status":"","ping_status":"","sticky":false,"template":"","format":"standard","meta":{"footnotes":""},"categories":[1888],"tags":[1111,1928,11,1927,1777,674,1011,27,12,1926,626,1925,25,7759,2215,104,2803],"class_list":{"0":"post-265571","1":"post","2":"type-post","3":"status-publish","4":"format-standard","5":"has-post-thumbnail","7":"category-paris","8":"tag-actu","9":"tag-actu-paris","10":"tag-actualites","11":"tag-actualites-paris","12":"tag-eu","13":"tag-europe","14":"tag-fr","15":"tag-france","16":"tag-news","17":"tag-news-paris","18":"tag-paris","19":"tag-paris-news","20":"tag-republique-francaise","21":"tag-rer-d","22":"tag-sncf","23":"tag-societe","24":"tag-transport"},"share_on_mastodon":{"url":"https:\/\/pubeurope.com\/@fr\/114896921172091460","error":""},"_links":{"self":[{"href":"https:\/\/www.europesays.com\/fr\/wp-json\/wp\/v2\/posts\/265571","targetHints":{"allow":["GET"]}}],"collection":[{"href":"https:\/\/www.europesays.com\/fr\/wp-json\/wp\/v2\/posts"}],"about":[{"href":"https:\/\/www.europesays.com\/fr\/wp-json\/wp\/v2\/types\/post"}],"author":[{"embeddable":true,"href":"https:\/\/www.europesays.com\/fr\/wp-json\/wp\/v2\/users\/2"}],"replies":[{"embeddable":true,"href":"https:\/\/www.europesays.com\/fr\/wp-json\/wp\/v2\/comments?post=265571"}],"version-history":[{"count":0,"href":"https:\/\/www.europesays.com\/fr\/wp-json\/wp\/v2\/posts\/265571\/revisions"}],"wp:featuredmedia":[{"embeddable":true,"href":"https:\/\/www.europesays.com\/fr\/wp-json\/wp\/v2\/media\/161174"}],"wp:attachment":[{"href":"https:\/\/www.europesays.com\/fr\/wp-json\/wp\/v2\/media?parent=265571"}],"wp:term":[{"taxonomy":"category","embeddable":true,"href":"https:\/\/www.europesays.com\/fr\/wp-json\/wp\/v2\/categories?post=265571"},{"taxonomy":"post_tag","embeddable":true,"href":"https:\/\/www.europesays.com\/fr\/wp-json\/wp\/v2\/tags?post=265571"}],"curies":[{"name":"wp","href":"https:\/\/api.w.org\/{rel}","templated":true}]}}