{"id":265582,"date":"2025-07-22T12:42:14","date_gmt":"2025-07-22T12:42:14","guid":{"rendered":"https:\/\/www.europesays.com\/fr\/265582\/"},"modified":"2025-07-22T12:42:14","modified_gmt":"2025-07-22T12:42:14","slug":"donald-trump-annonce-comme-en-2017-que-les-etats-unis-se-retirent-de-lunesco","status":"publish","type":"post","link":"https:\/\/www.europesays.com\/fr\/265582\/","title":{"rendered":"Donald Trump annonce, comme en 2017, que les \u00c9tats-Unis se retirent de l\u2019Unesco"},"content":{"rendered":"<p>Le pr\u00e9sident am\u00e9ricain \u00e9voque comme argument les \u00abtendances anti-am\u00e9ricaines et anti-isra\u00e9liennes de l\u2019Organisation des Nations unies ainsi que son programme woke\u00bb<\/p>\n<p class=\"fig-paragraph\">Donald Trump avait d\u00e9j\u00e0 retir\u00e9 son pays de l\u2019Unesco en 2017, lors de son premier mandat. Les \u00c9tats-Unis ont annonc\u00e9 mardi leur retrait de l\u2019Unesco, organisation des Nations unies pour l\u2019\u00e9ducation, la science et la culture. \u00ab\u00a0La poursuite de la participation des \u00c9tats-Unis \u00e0 l\u2019Unesco n\u2019est pas dans l\u2019int\u00e9r\u00eat national\u00a0\u00bb, a d\u00e9clar\u00e9 dans un communiqu\u00e9 la porte-parole du d\u00e9partement d\u2019\u00c9tat, Tammy Bruce, estimant que l\u2019agence fait preuve de parti pris contre Isra\u00ebl et promeut des causes \u00ab\u00a0clivantes\u00a0\u00bb.<\/p>\n<p class=\"fig-paragraph\">L\u2019annonce n\u2019est pas exactement une surprise car Donald Trump avait expliqu\u00e9, durant la derni\u00e8re campagne pr\u00e9sidentielle, qu\u2019il entendait retirer son pays de l\u2019organisation en cas de victoire. EN 2017, d\u00e9j\u00e0, le pr\u00e9sident am\u00e9ricain avait ordonn\u00e9 un tel retrait\u00a0; son successeur, Joe Biden, avait lui rejoint l\u2019organisation en juin 2023.<\/p>\n<p>                                    <a class=\"fig-a11y-skip a11y-hidden\" href=\"#fig-a11y-skip-main-inarticle\"><br \/>\n        Passer la publicit\u00e9<br \/>\n    <\/a><\/p>\n<p class=\"fig-paragraph\">\u00ab\u00a0Si regrettable qu\u2019elle soit, cette annonce \u00e9tait attendue et l\u2019Unesco s\u2019y est pr\u00e9par\u00e9e\u00a0\u00bb, a d\u00e9clar\u00e9 mardi la directrice de l\u2019Unesco Audrey Azoulay dans un communiqu\u00e9.<\/p>\n<p class=\"fig-paragraph\">Plus d\u2019informations \u00e0 suivre&#8230;<\/p>\n","protected":false},"excerpt":{"rendered":"Le pr\u00e9sident am\u00e9ricain \u00e9voque comme argument les \u00abtendances anti-am\u00e9ricaines et anti-isra\u00e9liennes de l\u2019Organisation des Nations unies ainsi que&hellip;\n","protected":false},"author":2,"featured_media":265583,"comment_status":"","ping_status":"","sticky":false,"template":"","format":"standard","meta":{"footnotes":""},"categories":[1589],"tags":[11,75,73,1866,12,12077,1864,1865,1863,308],"class_list":{"0":"post-265582","1":"post","2":"type-post","3":"status-publish","4":"format-standard","5":"has-post-thumbnail","7":"category-etats-unis","8":"tag-actualites","9":"tag-donald-trump","10":"tag-etats-unis","11":"tag-etats-unis-damerique","12":"tag-news","13":"tag-unesco","14":"tag-united-states","15":"tag-united-states-of-america","16":"tag-us","17":"tag-usa"},"share_on_mastodon":{"url":"https:\/\/pubeurope.com\/@fr\/114896944764624157","error":""},"_links":{"self":[{"href":"https:\/\/www.europesays.com\/fr\/wp-json\/wp\/v2\/posts\/265582","targetHints":{"allow":["GET"]}}],"collection":[{"href":"https:\/\/www.europesays.com\/fr\/wp-json\/wp\/v2\/posts"}],"about":[{"href":"https:\/\/www.europesays.com\/fr\/wp-json\/wp\/v2\/types\/post"}],"author":[{"embeddable":true,"href":"https:\/\/www.europesays.com\/fr\/wp-json\/wp\/v2\/users\/2"}],"replies":[{"embeddable":true,"href":"https:\/\/www.europesays.com\/fr\/wp-json\/wp\/v2\/comments?post=265582"}],"version-history":[{"count":0,"href":"https:\/\/www.europesays.com\/fr\/wp-json\/wp\/v2\/posts\/265582\/revisions"}],"wp:featuredmedia":[{"embeddable":true,"href":"https:\/\/www.europesays.com\/fr\/wp-json\/wp\/v2\/media\/265583"}],"wp:attachment":[{"href":"https:\/\/www.europesays.com\/fr\/wp-json\/wp\/v2\/media?parent=265582"}],"wp:term":[{"taxonomy":"category","embeddable":true,"href":"https:\/\/www.europesays.com\/fr\/wp-json\/wp\/v2\/categories?post=265582"},{"taxonomy":"post_tag","embeddable":true,"href":"https:\/\/www.europesays.com\/fr\/wp-json\/wp\/v2\/tags?post=265582"}],"curies":[{"name":"wp","href":"https:\/\/api.w.org\/{rel}","templated":true}]}}