{"id":265587,"date":"2025-07-22T12:45:16","date_gmt":"2025-07-22T12:45:16","guid":{"rendered":"https:\/\/www.europesays.com\/fr\/265587\/"},"modified":"2025-07-22T12:45:16","modified_gmt":"2025-07-22T12:45:16","slug":"quel-pays-utilise-le-plus-de-pesticides-en-europe-la-france-parmi-les-mauvais-eleves","status":"publish","type":"post","link":"https:\/\/www.europesays.com\/fr\/265587\/","title":{"rendered":"Quel pays utilise le plus de pesticides en Europe ? La France parmi les mauvais \u00e9l\u00e8ves&#8230;"},"content":{"rendered":"<p>Sur les terres agricoles d\u2019Europe, les pesticides fa\u00e7onnent depuis des d\u00e9cennies une partie invisible mais d\u00e9cisive de la production alimentaire. Malgr\u00e9 des r\u00e8glementations communes et des objectifs affich\u00e9s de r\u00e9duction, leur usage persiste \u00e0 grande \u00e9chelle, avec des \u00e9carts marqu\u00e9s entre les pays. Tandis que la France figure parmi les plus gros consommateurs en volume, d\u2019autres \u00c9tats battent des records en densit\u00e9 par hectare. Loin de dispara\u00eetre, les pesticides en Europe dessinent aujourd\u2019hui une carte contrast\u00e9e, r\u00e9v\u00e9latrice des tensions entre ambitions sanitaires, contraintes agricoles et inerties politiques. Au c\u0153ur de cette \u00e9quation, des chiffres qui interrogent et une volont\u00e9 encore incompl\u00e8te de transformation.<\/p>\n<p>usage des pesticides \u00e0 travers une s\u00e9rie de directives et de r\u00e8glements. Le cadre l\u00e9gislatif initial, mis en place en 1991 puis renforc\u00e9 en 2009, impose une autorisation de mise sur le march\u00e9 des produits phytosanitaires bas\u00e9e sur une liste harmonis\u00e9e de substances actives. Ces r\u00e8gles, pr\u00e9cis\u00e9es par le r\u00e8glement europ\u00e9en 1107\/2009, fixent \u00e9galement les conditions d\u2019usage dans chaque \u00c9tat membre. Selon la <a href=\"https:\/\/food.ec.europa.eu\/plants\/pesticides\/authorisation-plant-protection-products_en\" target=\"_blank\" rel=\"nofollow noopener\">Commission europ\u00e9enne<\/a>, l\u2019objectif reste d\u2019harmoniser les pratiques tout en incitant \u00e0 r\u00e9duire l\u2019impact de ces produits sur l\u2019environnement et la sant\u00e9 humaine.    <\/p>\n<p>Pourtant, malgr\u00e9 ces dispositifs, la baisse globale de l\u2019usage des pesticides reste mod\u00e9r\u00e9e. <a href=\"https:\/\/ec.europa.eu\/eurostat\/statistics-explained\/index.php?title=Agri-environmental_indicator_-_consumption_of_pesticides#Key_messages\" target=\"_blank\" rel=\"nofollow noopener\">Eurostat<\/a> indique que les ventes sont pass\u00e9es de 360 000 tonnes en 2011 \u00e0 322 000 tonnes en 2022. Une \u00e9volution en apparence encourageante mais qui masque une stagnation quand on la rapporte \u00e0 la surface cultiv\u00e9e. La moyenne europ\u00e9enne est pass\u00e9e de 3,07 kg par hectare en 2012 \u00e0 seulement 2,89 kg en 2022.<\/p>\n<p>Ce ralentissement s\u2019explique en partie par la lenteur des changements agricoles, mais aussi par les tensions autour des produits les plus controvers\u00e9s. Le <a href=\"https:\/\/www.science-et-vie.com\/nature-et-environnement\/le-glyphosate-reduit-la-biodiversite-du-sol-et-diminue-la-proportion-despeces-natives-132019.html\" target=\"_blank\" rel=\"noopener\">glyphosate<\/a>, class\u00e9 comme canc\u00e9rog\u00e8ne probable par le Centre international de recherche sur le cancer en 2015, continue d\u2019\u00eatre autoris\u00e9 dans l\u2019Union. Malgr\u00e9 l\u2019opposition d\u2019une partie des \u00c9tats membres, la Commission a renouvel\u00e9 son autorisation pour dix ans en novembre 2023.<\/p>\n<p>\t\t\t\t<img decoding=\"async\" src=\"https:\/\/www.europesays.com\/fr\/wp-content\/uploads\/2025\/07\/1753188316_833_hqdefault.jpg\" width=\"100%\" height=\"auto\"\/><\/p>\n<p>\t\t O\u00f9 en est l\u2019usage des pesticides en Europe aujourd\u2019hui <\/p>\n<p>Le recours aux pesticides varie fortement d\u2019un pays \u00e0 l\u2019autre. En 2022, Malte occupait la premi\u00e8re place en termes de quantit\u00e9 par hectare, avec 11,59 kg de pesticides utilis\u00e9s. Suivaient les Pays-Bas et Chypre avec respectivement 8,38 kg et 8,36 kg. \u00c0 l\u2019inverse, la Roumanie, la Su\u00e8de ou encore l\u2019Estonie affichaient une consommation inf\u00e9rieure \u00e0 1,1 kg par hectare. La moyenne de l\u2019Union se situait alors autour de 2,89 kg, selon les donn\u00e9es reprises par <a href=\"https:\/\/www.touteleurope.eu\/agriculture-et-peche\/quel-pays-europeen-utilise-le-plus-de-pesticides\/\" target=\"_blank\" rel=\"nofollow noopener\">Toute l\u2019Europe<\/a>, un site de documentation de l&rsquo;UE.<\/p>\n<p>La France figure parmi les plus grands consommateurs en volume, avec pr\u00e8s de 68 000 tonnes utilis\u00e9es en 2022. Mais elle ne se situe que l\u00e9g\u00e8rement au-dessus de la moyenne lorsqu\u2019on rapporte ces chiffres \u00e0 la surface agricole, avec 3,77 kg par hectare. <a href=\"https:\/\/www.publicsenat.fr\/actualites\/environnement\/agriculture-quels-sont-les-pays-europeens-qui-utilisent-le-plus-de-pesticides#:~:text=En%202022%2C%20selon%20l&#039;Organisation,&#039;Allemagne%20et%20l&#039;Italie.\" target=\"_blank\" rel=\"nofollow noopener\">Public S\u00e9nat<\/a> pr\u00e9cise que l\u2019Italie et l\u2019Allemagne affichent des taux plus \u00e9lev\u00e9s, respectivement 4,69 et 4,06 kg par hectare.<\/p>\n<p>En parall\u00e8le, les produits autoris\u00e9s varient d\u2019un pays \u00e0 l\u2019autre. La base de donn\u00e9es europ\u00e9enne recensait 283 substances autoris\u00e9es en France en 2024, ce qui place l\u2019Hexagone au quatri\u00e8me rang des pays les plus permissifs. Le <a href=\"https:\/\/www.europarl.europa.eu\/factsheets\/fr\/sheet\/78\/les-substances-chimiques-et-les-pesticides\" target=\"_blank\" rel=\"nofollow noopener\">Parlement europ\u00e9en<\/a> souligne cependant que moins d\u2019un tiers des \u00c9tats membres ont actualis\u00e9 leurs plans d\u2019action nationaux de r\u00e9duction dans les d\u00e9lais requis.<\/p>\n<p> R\u00e9duire la d\u00e9pendance aux produits chimiques reste un d\u00e9fi <\/p>\n<p>Face \u00e0 ce constat, l\u2019Union europ\u00e9enne s\u2019est dot\u00e9e de nouvelles ambitions dans le cadre du Pacte vert. La strat\u00e9gie \u201cde la ferme \u00e0 la table\u201d visait \u00e0 r\u00e9duire de 50% l\u2019usage des pesticides chimiques d\u2019ici 2030. Pour accompagner cette transition, une directive sur l\u2019usage durable des produits phytosanitaires impose aux \u00c9tats membres de mettre en place des objectifs quantifi\u00e9s, tout en promouvant des alternatives. Mais en novembre 2023, le Parlement a rejet\u00e9 le projet de r\u00e9vision de cette directive, affaiblissant temporairement la dynamique r\u00e9glementaire.<\/p>\n<p>Le poids des lobbies agricoles, les diff\u00e9rences de production entre \u00c9tats et le manque de solutions efficaces \u00e0 grande \u00e9chelle compliquent la mise en \u0153uvre d\u2019un mod\u00e8le moins d\u00e9pendant des intrants chimiques. Le Parlement europ\u00e9en, qui a jou\u00e9 un r\u00f4le moteur dans la r\u00e9glementation REACH et l\u2019interdiction des substances les plus dangereuses, appelle pourtant \u00e0 une refonte globale des politiques chimiques, en particulier pour limiter les risques li\u00e9s aux perturbateurs endocriniens ou aux polluants organiques persistants.<\/p>\n<p>Les \u00c9tats membres conservent une marge de man\u0153uvre importante, notamment via les autorisations d\u2019urgence, qui permettent un contournement temporaire des r\u00e8gles europ\u00e9ennes pour faire face \u00e0 des menaces ponctuelles sur les cultures. La Commission reconna\u00eet que ces d\u00e9rogations, bien que strictement encadr\u00e9es, fragilisent parfois les efforts collectifs. Si certains pays ont d\u00e9j\u00e0 amorc\u00e9 une <a href=\"https:\/\/www.science-et-vie.com\/nature-et-environnement\/ces-pays-qui-ont-reussi-a-reduire-pesticides-et-engrais-chimiques-en-accompagnant-les-agriculteurs-200504.html\" target=\"_blank\" rel=\"noopener\">transformation profonde de leurs pratiques<\/a>, l\u2019harmonisation des usages et la r\u00e9duction effective des volumes restent inabouties \u00e0 l\u2019\u00e9chelle du continent.<\/p>\n","protected":false},"excerpt":{"rendered":"Sur les terres agricoles d\u2019Europe, les pesticides fa\u00e7onnent depuis des d\u00e9cennies une partie invisible mais d\u00e9cisive de la&hellip;\n","protected":false},"author":2,"featured_media":265588,"comment_status":"","ping_status":"","sticky":false,"template":"","format":"standard","meta":{"footnotes":""},"categories":[1586],"tags":[11,1777,674,1011,27,12,25,729],"class_list":{"0":"post-265587","1":"post","2":"type-post","3":"status-publish","4":"format-standard","5":"has-post-thumbnail","7":"category-europe","8":"tag-actualites","9":"tag-eu","10":"tag-europe","11":"tag-fr","12":"tag-france","13":"tag-news","14":"tag-republique-francaise","15":"tag-yout_video"},"share_on_mastodon":{"url":"https:\/\/pubeurope.com\/@fr\/114896956747247014","error":""},"_links":{"self":[{"href":"https:\/\/www.europesays.com\/fr\/wp-json\/wp\/v2\/posts\/265587","targetHints":{"allow":["GET"]}}],"collection":[{"href":"https:\/\/www.europesays.com\/fr\/wp-json\/wp\/v2\/posts"}],"about":[{"href":"https:\/\/www.europesays.com\/fr\/wp-json\/wp\/v2\/types\/post"}],"author":[{"embeddable":true,"href":"https:\/\/www.europesays.com\/fr\/wp-json\/wp\/v2\/users\/2"}],"replies":[{"embeddable":true,"href":"https:\/\/www.europesays.com\/fr\/wp-json\/wp\/v2\/comments?post=265587"}],"version-history":[{"count":0,"href":"https:\/\/www.europesays.com\/fr\/wp-json\/wp\/v2\/posts\/265587\/revisions"}],"wp:featuredmedia":[{"embeddable":true,"href":"https:\/\/www.europesays.com\/fr\/wp-json\/wp\/v2\/media\/265588"}],"wp:attachment":[{"href":"https:\/\/www.europesays.com\/fr\/wp-json\/wp\/v2\/media?parent=265587"}],"wp:term":[{"taxonomy":"category","embeddable":true,"href":"https:\/\/www.europesays.com\/fr\/wp-json\/wp\/v2\/categories?post=265587"},{"taxonomy":"post_tag","embeddable":true,"href":"https:\/\/www.europesays.com\/fr\/wp-json\/wp\/v2\/tags?post=265587"}],"curies":[{"name":"wp","href":"https:\/\/api.w.org\/{rel}","templated":true}]}}